{"id":345853,"date":"2025-08-26T19:00:16","date_gmt":"2025-08-26T19:00:16","guid":{"rendered":"https:\/\/www.europesays.com\/fr\/345853\/"},"modified":"2025-08-26T19:00:16","modified_gmt":"2025-08-26T19:00:16","slug":"ufc-paris-4-imavov-vs-borralho","status":"publish","type":"post","link":"https:\/\/www.europesays.com\/fr\/345853\/","title":{"rendered":"UFC Paris 4 : Imavov vs Borralho"},"content":{"rendered":"<p>MMA \u2013 Voici les combattants qui performeront sur la carte de l\u2019UFC Paris 4 : Nassourdine Imavov vs Caio Borralho.<\/p>\n<p><strong>Chaque ann\u00e9e, l\u2019UFC pose ses valises \u00e0 Paris pour un \u00e9v\u00e9nement exceptionnel<\/strong>. Pour rappel, les deux premiers \u00e9v\u00e9nements ont vu <strong>Ciryl Gane<\/strong> s\u2019imposer devant son public en main event. Ensuite, lors de l\u2019\u00e9dition suivante, c\u2019est <strong>Benoit Saint-Denis<\/strong> qui a perform\u00e9 lors du main event. Cette ann\u00e9e, c\u2019est au tour de <strong><a href=\"https:\/\/lasueur.com\/fighter\/nassourdine-imavov\" target=\"_blank\" rel=\"noreferrer noopener\">Nassourdine Imavov<\/a><\/strong> de s\u2019illustrer devant ses fans. En effet, le Sniper va se mesurer \u00e0 <strong>Caio Borralho<\/strong>. Sur la carte, beaucoup de Fran\u00e7ais et de francophones auront l\u2019occasion de briller. <strong>Benoit Saint-Denis<\/strong> sera lui aussi de la partie puisqu\u2019il fera face \u00e0 <strong>Mauricio Ruffy<\/strong> en co-main event de la soir\u00e9e. Une soir\u00e9e pr\u00e9vue le <strong>6 septembre<\/strong> \u00e0 l\u2019<strong>Accor Arena<\/strong> de Paris.<\/p>\n<p><a href=\"https:\/\/www.winamax.fr\/registration\/landing\/la-sueur?banid=73716\" target=\"_blank\" rel=\"noopener\"><img decoding=\"async\" class=\"aligncenter size-full wp-image-220701\" src=\"data:image\/svg+xml,%3Csvg%20xmlns=\" http:=\"\" alt=\"\" data-lazy-src=\"https:\/\/www.europesays.com\/fr\/wp-content\/uploads\/2025\/08\/Winamax_MMA_Generique_1160x180-5.jpg\"\/><\/a><\/p>\n<p>La carte : <\/p>\n<p><strong>Pour le moment, l\u2019ordre des combats n\u2019a pas encore \u00e9t\u00e9 officialis\u00e9 par la compagnie am\u00e9ricaine<\/strong>. Voici cependant les affrontements pr\u00e9vus le 6 septembre.<\/p>\n<p><strong>Nassourdine<\/strong> <strong>Imavov<\/strong> vs <strong>Caio<\/strong> <strong>Borralho<\/strong><\/p>\n<p class=\"etiqtitle\" style=\"font-size:18px;text-align:center;color:#fff;\">SUR LE M\u00caME SUJET :<\/p>\n<p><strong>Benoit Saint Denis<\/strong> vs <strong>Mauricio Ruffy<\/strong><br \/><strong>Bolaji Oki<\/strong> vs <strong>Mason Jones<\/strong><br \/><strong>Modestas Bukauskas<\/strong> vs <strong>Paul Craig<\/strong><br \/><strong>Fares Ziam<\/strong> vs <strong>Kaue Fernandes<\/strong><\/p>\n<p><strong>Oumar<\/strong> <strong>Sy<\/strong> vs <strong>Brendson<\/strong> <strong>Ribeiro<\/strong><br \/><strong>Marcin<\/strong> <strong>Tybura<\/strong> vs <strong>Ante<\/strong> <strong>Delija<\/strong><br \/><strong>Rinat<\/strong> <strong>Fakhretdinov<\/strong> vs <strong>Andreas<\/strong> <strong>Gustafsson<\/strong><br \/><strong>William<\/strong> <strong>Gomis<\/strong> vs <strong>Robert<\/strong> <strong>Rucha\u0142a<\/strong><br \/><strong>Sam<\/strong> <strong>Patterson<\/strong> vs <strong>Trey<\/strong> <strong>Waters<\/strong><br \/><strong>Robert<\/strong> <strong>Bryczek<\/strong> vs <strong>Brad<\/strong> <strong>Tavares<\/strong><br \/><strong>Shauna<\/strong> <strong>Bannon <\/strong>vs <strong>Sam<\/strong> <strong>Hughes<\/strong><\/p>\n<p>L\u2019ancien champion du ARES, Axel Sola sera lui aussi de la partie et fera face \u00e0 <strong><a href=\"https:\/\/www.espn.com\/mma\/fighter\/_\/id\/4078243\/rhys-mckee\" target=\"_blank\" rel=\"noopener\">Rhys McKee<\/a><\/strong>.<\/p>\n","protected":false},"excerpt":{"rendered":"MMA \u2013 Voici les combattants qui performeront sur la carte de l\u2019UFC Paris 4 : Nassourdine Imavov vs&hellip;\n","protected":false},"author":2,"featured_media":345854,"comment_status":"","ping_status":"","sticky":false,"template":"","format":"standard","meta":{"footnotes":""},"categories":[1888],"tags":[1111,1928,11,1927,23878,1777,674,1011,27,23882,12,1926,626,1925,25,23883],"class_list":{"0":"post-345853","1":"post","2":"type-post","3":"status-publish","4":"format-standard","5":"has-post-thumbnail","7":"category-paris","8":"tag-actu","9":"tag-actu-paris","10":"tag-actualites","11":"tag-actualites-paris","12":"tag-benoit-saint-denis","13":"tag-eu","14":"tag-europe","15":"tag-fr","16":"tag-france","17":"tag-nassourdine-imavov","18":"tag-news","19":"tag-news-paris","20":"tag-paris","21":"tag-paris-news","22":"tag-republique-francaise","23":"tag-ufc-paris"},"share_on_mastodon":{"url":"https:\/\/pubeurope.com\/@fr\/115096612040109174","error":""},"_links":{"self":[{"href":"https:\/\/www.europesays.com\/fr\/wp-json\/wp\/v2\/posts\/345853","targetHints":{"allow":["GET"]}}],"collection":[{"href":"https:\/\/www.europesays.com\/fr\/wp-json\/wp\/v2\/posts"}],"about":[{"href":"https:\/\/www.europesays.com\/fr\/wp-json\/wp\/v2\/types\/post"}],"author":[{"embeddable":true,"href":"https:\/\/www.europesays.com\/fr\/wp-json\/wp\/v2\/users\/2"}],"replies":[{"embeddable":true,"href":"https:\/\/www.europesays.com\/fr\/wp-json\/wp\/v2\/comments?post=345853"}],"version-history":[{"count":0,"href":"https:\/\/www.europesays.com\/fr\/wp-json\/wp\/v2\/posts\/345853\/revisions"}],"wp:featuredmedia":[{"embeddable":true,"href":"https:\/\/www.europesays.com\/fr\/wp-json\/wp\/v2\/media\/345854"}],"wp:attachment":[{"href":"https:\/\/www.europesays.com\/fr\/wp-json\/wp\/v2\/media?parent=345853"}],"wp:term":[{"taxonomy":"category","embeddable":true,"href":"https:\/\/www.europesays.com\/fr\/wp-json\/wp\/v2\/categories?post=345853"},{"taxonomy":"post_tag","embeddable":true,"href":"https:\/\/www.europesays.com\/fr\/wp-json\/wp\/v2\/tags?post=345853"}],"curies":[{"name":"wp","href":"https:\/\/api.w.org\/{rel}","templated":true}]}}