{"id":345863,"date":"2025-08-26T19:05:11","date_gmt":"2025-08-26T19:05:11","guid":{"rendered":"https:\/\/www.europesays.com\/fr\/345863\/"},"modified":"2025-08-26T19:05:11","modified_gmt":"2025-08-26T19:05:11","slug":"en-reponse-aux-droits-de-douane-25-pays-suspendent-leurs-envois-postaux","status":"publish","type":"post","link":"https:\/\/www.europesays.com\/fr\/345863\/","title":{"rendered":"En r\u00e9ponse aux droits de douane, 25 pays suspendent leurs envois postaux"},"content":{"rendered":"<p>La liste s\u2019allonge. Apr\u00e8s <a href=\"https:\/\/www.20minutes.fr\/dossier\/la_poste\" target=\"_blank\" class=\"c-link c-link--is-underlined\" rel=\"noopener\">La Poste<\/a>, d\u2019autres services postaux ont annonc\u00e9 qu\u2019ils suspendaient leurs livraisons de colis vers les Etats-Unis. L\u2019agence postale de l\u2019<a href=\"https:\/\/www.20minutes.fr\/monde\/onu\/\" target=\"_blank\" class=\"c-link c-link--is-underlined\" rel=\"noopener\">ONU<\/a> a recens\u00e9 mardi un total de 25 pays qui ont pris la m\u00eame d\u00e9cision, en raison des incertitudes li\u00e9es \u00e0 l\u2019impact de <a href=\"https:\/\/www.20minutes.fr\/economie\/droits-douane-americains\/\" target=\"_blank\" class=\"c-link c-link--is-underlined\" rel=\"noopener\">droits de douane<\/a> imminents, d\u00e9cid\u00e9s par <a href=\"https:\/\/www.20minutes.fr\/dossier\/donald_trump\" target=\"_blank\" class=\"c-link c-link--is-underlined\" rel=\"noopener\">Donald Trump<\/a>.<\/p>\n<p>Par d\u00e9cret du 30\u00a0juillet dernier, l\u2019administration am\u00e9ricaine a d\u00e9cid\u00e9 de supprimer l\u2019exemption de droits de douane qui b\u00e9n\u00e9ficiait jusqu\u2019alors aux petits colis postaux (les envois de marchandises d\u2019une valeur \u00e9gale ou inf\u00e9rieure \u00e0 800 dollars, soit 686 euros).<\/p>\n<\/p>\n<p>Ces colis seront soumis \u00e0 partir de vendredi aux m\u00eames taux de droits de douane que ceux appliqu\u00e9s aux autres importations en provenance des pays d\u2019origine. Soit par exemple, 15\u00a0% pour les pays de l\u2019<a href=\"https:\/\/www.20minutes.fr\/dossier\/ue\" target=\"_blank\" class=\"c-link c-link--is-underlined\" rel=\"noopener\">Union europ\u00e9enne<\/a> (UE) ou 50\u00a0% pour l\u2019<a href=\"https:\/\/www.20minutes.fr\/dossier\/inde\" target=\"_blank\" class=\"c-link c-link--is-underlined\" rel=\"noopener\">Inde<\/a>. Seuls les envois entre particuliers d\u2019une valeur de moins de 100 dollars (86 euros) restent exempt\u00e9s de droits.<\/p>\n<p>En attendant des mesures am\u00e9ricaines<\/p>\n<p>Cette d\u00e9cision a suscit\u00e9 une vague d\u2019annonces de la part de services postaux, de Belgique, d\u2019Allemagne, d\u2019Espagne, de France, du Royaume-Uni, d\u2019Inde, du Japon, d\u2019Australie ou de Nouvelle-Z\u00e9lande, de suspendre les envois de colis \u00e0 destination des <a href=\"https:\/\/www.20minutes.fr\/monde\/etats-unis\/\" target=\"_blank\" class=\"c-link c-link--is-underlined\" rel=\"noopener\">\u00c9tats-Unis<\/a>.<\/p>\n<p><a href=\"https:\/\/www.20minutes.fr\/economie\/droits-douane-americains\/\" target=\"_blank\" class=\"c-link c-btn c-btn--primary\" rel=\"noopener\">Tous nos articles sur les droits de douanes am\u00e9ricains<\/a><\/p>\n<p>\u00ab\u00a0Ces suspensions resteront en vigueur dans l\u2019attente de plus amples informations sur la mise en \u0153uvre des mesures annonc\u00e9es par les autorit\u00e9s am\u00e9ricaines\u00a0\u00bb, a ajout\u00e9 l\u2019Union postale universelle (UPU) dans un communiqu\u00e9.<\/p>\n<p>Initialement la mesure am\u00e9ricaine, prise d\u00e9but\u00a02025, visait seulement la <a href=\"https:\/\/www.20minutes.fr\/magazine\/grande-muraille-mag\/\" target=\"_blank\" class=\"c-link c-link--is-underlined\" rel=\"noopener\">Chine<\/a> et <a href=\"https:\/\/www.20minutes.fr\/dossier\/hong_kong\" target=\"_blank\" class=\"c-link c-link--is-underlined\" rel=\"noopener\">Hong Kong<\/a>, dans le cadre de l\u2019offensive de l\u2019administration Trump contre les g\u00e9ants du commerce en ligne Shein et Temu. Elle a \u00e9t\u00e9 g\u00e9n\u00e9ralis\u00e9e \u00e0 tous les pays, pour en assurer son efficacit\u00e9.<\/p>\n","protected":false},"excerpt":{"rendered":"La liste s\u2019allonge. Apr\u00e8s La Poste, d\u2019autres services postaux ont annonc\u00e9 qu\u2019ils suspendaient leurs livraisons de colis vers&hellip;\n","protected":false},"author":2,"featured_media":345864,"comment_status":"","ping_status":"","sticky":false,"template":"","format":"standard","meta":{"footnotes":""},"categories":[1589],"tags":[47,11,672,5035,828,75,33742,123,73,1866,27,5595,2070,74,12,13071,473,1864,1865,1863,308],"class_list":{"0":"post-345863","1":"post","2":"type-post","3":"status-publish","4":"format-standard","5":"has-post-thumbnail","7":"category-etats-unis","8":"tag-actualite","9":"tag-actualites","10":"tag-allemagne","11":"tag-australie","12":"tag-belgique","13":"tag-donald-trump","14":"tag-droits-de-douane-americains","15":"tag-espagne","16":"tag-etats-unis","17":"tag-etats-unis-damerique","18":"tag-france","19":"tag-inde","20":"tag-japon","21":"tag-monde","22":"tag-news","23":"tag-nouvelle-zelande","24":"tag-royaume-uni","25":"tag-united-states","26":"tag-united-states-of-america","27":"tag-us","28":"tag-usa"},"share_on_mastodon":{"url":"https:\/\/pubeurope.com\/@fr\/115096631785894376","error":""},"_links":{"self":[{"href":"https:\/\/www.europesays.com\/fr\/wp-json\/wp\/v2\/posts\/345863","targetHints":{"allow":["GET"]}}],"collection":[{"href":"https:\/\/www.europesays.com\/fr\/wp-json\/wp\/v2\/posts"}],"about":[{"href":"https:\/\/www.europesays.com\/fr\/wp-json\/wp\/v2\/types\/post"}],"author":[{"embeddable":true,"href":"https:\/\/www.europesays.com\/fr\/wp-json\/wp\/v2\/users\/2"}],"replies":[{"embeddable":true,"href":"https:\/\/www.europesays.com\/fr\/wp-json\/wp\/v2\/comments?post=345863"}],"version-history":[{"count":0,"href":"https:\/\/www.europesays.com\/fr\/wp-json\/wp\/v2\/posts\/345863\/revisions"}],"wp:featuredmedia":[{"embeddable":true,"href":"https:\/\/www.europesays.com\/fr\/wp-json\/wp\/v2\/media\/345864"}],"wp:attachment":[{"href":"https:\/\/www.europesays.com\/fr\/wp-json\/wp\/v2\/media?parent=345863"}],"wp:term":[{"taxonomy":"category","embeddable":true,"href":"https:\/\/www.europesays.com\/fr\/wp-json\/wp\/v2\/categories?post=345863"},{"taxonomy":"post_tag","embeddable":true,"href":"https:\/\/www.europesays.com\/fr\/wp-json\/wp\/v2\/tags?post=345863"}],"curies":[{"name":"wp","href":"https:\/\/api.w.org\/{rel}","templated":true}]}}