{"id":345865,"date":"2025-08-26T19:06:17","date_gmt":"2025-08-26T19:06:17","guid":{"rendered":"https:\/\/www.europesays.com\/fr\/345865\/"},"modified":"2025-08-26T19:06:17","modified_gmt":"2025-08-26T19:06:17","slug":"vers-un-brexit-judiciaire-le-royaume-uni-menace-de-claquer-la-porte-de-la-cedh","status":"publish","type":"post","link":"https:\/\/www.europesays.com\/fr\/345865\/","title":{"rendered":"Vers un Brexit judiciaire ? Le Royaume-Uni menace de claquer la porte de la CEDH"},"content":{"rendered":"<p>Selon la loi britannique sur l&rsquo;\u00e9galit\u00e9, une femme est d\u00e9finie comme une personne adulte de sexe f\u00e9minin. La Cour supr\u00eame du Royaume-Uni <a class=\"Link\" href=\"https:\/\/www.lepoint.fr\/debats\/vestiaires-sports-droits-pourquoi-le-sexe-biologique-prime-desormais-en-grande-bretagne-17-04-2025-2587610_2.php\" title=\"\" data-gtm=\"click:capsule\" data-capsule=\"Lien\" target=\"_blank\" rel=\"noopener\">a rappel\u00e9 cette \u00e9vidence<\/a> le 16\u00a0avril dernier. Mais cette clarification n&rsquo;a pas fait que des heureux. Victoria McCloud, juge retrait\u00e9e de la Haute Cour de <a class=\"Link\" href=\"https:\/\/www.lepoint.fr\/tags\/justice\" data-gtm=\"click:capsule\" data-capsule=\"Lien\" target=\"_blank\" rel=\"noopener\">justice<\/a>, a saisi la Cour europ\u00e9enne des droits de l&rsquo;homme (CEDH) \u00e0 <a class=\"Link\" href=\"https:\/\/www.lepoint.fr\/tags\/strasbourg\" data-gtm=\"click:capsule\" data-capsule=\"Lien\" target=\"_blank\" rel=\"noopener\">Strasbourg<\/a> pour contester cette d\u00e9cision. Femme transgenre, elle s&rsquo;\u00e9tait vu refuser par la Cour supr\u00eame le droit d&rsquo;intervenir dans la proc\u00e9dure afin de faire valoir les cons\u00e9quences du jugement pour les personnes trans.<\/p>\n<p>Pour les avocats de McCloud, un tel refus violerait l&rsquo;article\u00a06 de la Convention europ\u00e9enne des droits de l&rsquo;homme, qui garantit \u00e0 chacun un proc\u00e8s \u00e9quitable devant un tribunal ind\u00e9pendant et impartial. Selon eux, \u00ab\u00a0ce pri&#8230;<\/p>\n<p>Toute l\u2019actualit\u00e9 \u00e0 1\u20ac le premier mois<\/p>\n<p><a href=\"https:\/\/abo.lepoint.fr\/?provenance=21EDI020098\" class=\"btn\" title=\"S&#039;abonner\" data-gtm=\"click:abo|display:abo\" data-campaign=\"paywall_maison\" target=\"_blank\" rel=\"noopener\">S&rsquo;abonner<\/a><\/p>\n<p>ou<\/p>\n<p>La newsletter d\u00e9bats et opinions<\/p>\n<p class=\"period\">Tous les vendredis \u00e0 7h30<\/p>\n<p>Recevez notre s\u00e9lection d\u2019articles tir\u00e9e de notre rubrique D\u00e9bats, pour comprendre les vrais enjeux du monde d\u2019aujourd\u2019hui et de notre soci\u00e9t\u00e9<\/p>\n<p>Merci !<br \/>Votre inscription a bien \u00e9t\u00e9 prise en compte avec l&rsquo;adresse email :<\/p>\n<p>Pour d\u00e9couvrir toutes nos autres newsletters, rendez-vous ici : <a href=\"https:\/\/moncompte.lepoint.fr\/\" title=\"\" target=\"_blank\" rel=\"noopener\">MonCompte<\/a><\/p>\n<p>En vous inscrivant, vous acceptez les <a href=\"https:\/\/www.lepoint.fr\/html\/cgu\/\" title=\"Conditions g\u00e9n\u00e9rales d&#039;utilisation\" target=\"_blank\" rel=\"noopener\">conditions g\u00e9n\u00e9rales d\u2019utilisations<\/a> et notre <a href=\"https:\/\/www.lepoint.fr\/html\/politique-de-protection-donnees-personnelles\/\" title=\"Politique de confidentialit\u00e9\" target=\"_blank\" rel=\"noopener\">politique de confidentialit\u00e9<\/a>.<\/p>\n","protected":false},"excerpt":{"rendered":"Selon la loi britannique sur l&rsquo;\u00e9galit\u00e9, une femme est d\u00e9finie comme une personne adulte de sexe f\u00e9minin. La&hellip;\n","protected":false},"author":2,"featured_media":345866,"comment_status":"","ping_status":"","sticky":false,"template":"","format":"standard","meta":{"footnotes":""},"categories":[1588],"tags":[11,1353,1777,674,1061,303,2581,12,10669,473,1853,640,1851,1850,1852],"class_list":{"0":"post-345865","1":"post","2":"type-post","3":"status-publish","4":"format-standard","5":"has-post-thumbnail","7":"category-royaume-uni","8":"tag-actualites","9":"tag-brexit","10":"tag-eu","11":"tag-europe","12":"tag-immigration","13":"tag-justice","14":"tag-keir-starmer","15":"tag-news","16":"tag-nigel-farage","17":"tag-royaume-uni","18":"tag-royaume-uni-de-grande-bretagne-et-dirlande-du-nord","19":"tag-strasbourg","20":"tag-uk","21":"tag-united-kingdom","22":"tag-united-kingdom-of-great-britain-and-northern-ireland"},"share_on_mastodon":{"url":"https:\/\/pubeurope.com\/@fr\/115096635582618422","error":""},"_links":{"self":[{"href":"https:\/\/www.europesays.com\/fr\/wp-json\/wp\/v2\/posts\/345865","targetHints":{"allow":["GET"]}}],"collection":[{"href":"https:\/\/www.europesays.com\/fr\/wp-json\/wp\/v2\/posts"}],"about":[{"href":"https:\/\/www.europesays.com\/fr\/wp-json\/wp\/v2\/types\/post"}],"author":[{"embeddable":true,"href":"https:\/\/www.europesays.com\/fr\/wp-json\/wp\/v2\/users\/2"}],"replies":[{"embeddable":true,"href":"https:\/\/www.europesays.com\/fr\/wp-json\/wp\/v2\/comments?post=345865"}],"version-history":[{"count":0,"href":"https:\/\/www.europesays.com\/fr\/wp-json\/wp\/v2\/posts\/345865\/revisions"}],"wp:featuredmedia":[{"embeddable":true,"href":"https:\/\/www.europesays.com\/fr\/wp-json\/wp\/v2\/media\/345866"}],"wp:attachment":[{"href":"https:\/\/www.europesays.com\/fr\/wp-json\/wp\/v2\/media?parent=345865"}],"wp:term":[{"taxonomy":"category","embeddable":true,"href":"https:\/\/www.europesays.com\/fr\/wp-json\/wp\/v2\/categories?post=345865"},{"taxonomy":"post_tag","embeddable":true,"href":"https:\/\/www.europesays.com\/fr\/wp-json\/wp\/v2\/tags?post=345865"}],"curies":[{"name":"wp","href":"https:\/\/api.w.org\/{rel}","templated":true}]}}