{"id":345867,"date":"2025-08-26T19:07:13","date_gmt":"2025-08-26T19:07:13","guid":{"rendered":"https:\/\/www.europesays.com\/fr\/345867\/"},"modified":"2025-08-26T19:07:13","modified_gmt":"2025-08-26T19:07:13","slug":"pour-ses-eurofighter-lallemagne-va-commander-90-nacelles-de-ciblage-litening-5-aupres-de-rafael","status":"publish","type":"post","link":"https:\/\/www.europesays.com\/fr\/345867\/","title":{"rendered":"Pour ses Eurofighter, l&rsquo;Allemagne va commander 90 nacelles de ciblage Litening 5 aupr\u00e8s de Rafael"},"content":{"rendered":"<p><img fetchpriority=\"high\" decoding=\"async\" src=\"https:\/\/www.europesays.com\/fr\/wp-content\/uploads\/2025\/08\/litening5-20250826.jpg\" alt=\"\" width=\"600\" height=\"303\" class=\"alignnone size-full wp-image-83592\"  \/><\/p>\n<p>Le 8 ao\u00fbt, le chancelier allemand, Friedrich Merz, a annonc\u00e9 que Berlin allait ne plus livrer \u00e0 Isra\u00ebl  d\u2019\u00e9quipements militaires susceptibles d\u2019\u00eatre utilis\u00e9s dans la bande de Gaza, dans le cadre de la guerre men\u00e9e par Tsahal contre le Hamas, \u00e0 la suite des attaques terroristes du 7 octobre 2023. Cette d\u00e9cision a marqu\u00e9 un coup d\u2019arr\u00eat au soutien inconditionnel de l\u2019Allemagne \u00e0 l\u2019\u00c9tat h\u00e9breu. <\/p>\n<p>Celle-ci a \u00e9t\u00e9 justifi\u00e9e par M. Merz par le fait qu\u2019il est \u00ab\u00a0de plus en plus difficile de comprendre\u00a0\u00bb en quoi les actions militaires d\u2019Isra\u00ebl permettrait d\u2019atteindre ses objectifs contre le Hamas. Aussi, a-t-il dit, \u00ab\u00a0dans ces circonstances, le gouvernement allemand n\u2019autorise pas, jusqu\u2019\u00e0 nouvel ordre, les exportations d\u2019\u00e9quipements militaires susceptibles d\u2019\u00eatre utilis\u00e9s dans la bande de Gaza\u00a0\u00bb. <\/p>\n<p>Cela \u00e9tant, les contours de cet \u00ab\u00a0embargo\u00a0\u00bb sont flous\u2026 Concerne-t-il, par exemple, les pi\u00e8ces m\u00e9caniques destin\u00e9es aux v\u00e9hicules blind\u00e9s ? \u00ab\u00a0Chaque cas sera \u00e9valu\u00e9 individuellement\u00a0\u00bb, a r\u00e9pondu un porte-parole du minist\u00e8re allemand de la D\u00e9fense, <a href=\"https:\/\/www.euractiv.fr\/section\/defence\/news\/armes-vers-israel-en-allemagne-un-embargo-aux-contours-flous\/\" target=\"_blank\" rel=\"noopener\">selon des propos rapport\u00e9s par Euractiv<\/a>, le 11 ao\u00fbt. <\/p>\n<p>En revanche, les grands programmes d\u2019armement [comme les sous-marins] ne seront pas affect\u00e9s. Pas plus, d\u2019ailleurs, que les importations allemandes d\u2019\u00e9quipements militaires isra\u00e9liens, comme le syst\u00e8me de d\u00e9fense a\u00e9rienne Arrow 3\u2026 et les nacelles de ciblage Litening 5 destin\u00e9es aux avions de combat Eurofighter EF2000 de la Luftwaffe. <\/p>\n<p>En effet, ce 26 ao\u00fbt, le groupe isra\u00e9lien Rafael s\u2019est f\u00e9licit\u00e9 du feu vert r\u00e9cemment donn\u00e9 par la chambre basse du Parlement allemand [Bundestag] \u00e0 la commande 90 nacelles Litening 5, pour un montant estim\u00e9 \u00e0 environ 350 millions d\u2019euros. <\/p>\n<p>\u00ab\u00a0Cette d\u00e9cision refl\u00e8te la confiance de l\u2019Allemagne dans [nos] syst\u00e8mes [\u2026] et s\u2019inscrit dans la continuit\u00e9 d\u2019un partenariat de d\u00e9fense de plusieurs d\u00e9cennies ainsi que dans une tendance plus large de l\u2019Otan, laquelle met l\u2019accent sur l\u2019int\u00e9gration de capteurs multi-longueurs d\u2019onde et l\u2019efficacit\u00e9 du ciblage \u00e0 distance de s\u00e9curit\u00e9 dans les espaces a\u00e9riens contest\u00e9s\u00a0\u00bb, a fait valoir l\u2019industriel isra\u00e9lien.<\/p>\n<p>Fruit d\u2019un partenariat entre Rafael et l\u2019am\u00e9ricain Northrop Grumman, la nacelle Litening 5 est une nacelle de ciblage de 5e g\u00e9n\u00e9ration dot\u00e9s de capteurs IR [infrarouge] \u00e0 ondes moyennes et courte, d\u2019une imagerie couleur en haute r\u00e9solution et d\u2019un radar \u00e0 synth\u00e8se d\u2019ouverture [SAR]  qui permet des reconstitutions tridimensionnelles d\u2019objets. Elle permet de d\u00e9tecter, d\u2019identifier et de suivre des cibles a\u00e9riennes ou terrestres sur de longues distances et quelles que soient les conditions m\u00e9t\u00e9orologiques. En outre, elle dispose d\u2019une liaison de donn\u00e9es en temps r\u00e9el sur les bandes Ku, C et L.<\/p>\n<p>Selon le site sp\u00e9cialis\u00e9 allemand Hartpunkt, les nacelles Litening 5 pourraient aussi servir de relais de communications pour que les Eurofighter EF2000 de la Luftwaffe puissent mettre en \u0153uvre des drones de combat collaboratifs [CCA], cette fonctionnalit\u00e9 ne devant \u00eatre disponible qu\u2019avec la version LTE [Long Term Evolution] de ces appareils. <\/p>\n<p>D\u2019apr\u00e8s les experts, avance Hartpunkt, cette nacelle disposerait en effet \u00ab\u00a0du potentiel n\u00e9cessaire pour maintenir la communication avec un CCA, par exemple gr\u00e2ce \u00e0 l\u2019int\u00e9gration de la Liaison 16\u00a0\u00bb. <\/p>\n<p>Photo : Rafael<\/p>\n","protected":false},"excerpt":{"rendered":"Le 8 ao\u00fbt, le chancelier allemand, Friedrich Merz, a annonc\u00e9 que Berlin allait ne plus livrer \u00e0 Isra\u00ebl&hellip;\n","protected":false},"author":2,"featured_media":345868,"comment_status":"","ping_status":"","sticky":false,"template":"","format":"standard","meta":{"footnotes":""},"categories":[1587],"tags":[11,672,1804,7694,1805,1803,1777,690,674,1801,664,48193,38185,48194,12,48195,1802],"class_list":{"0":"post-345867","1":"post","2":"type-post","3":"status-publish","4":"format-standard","5":"has-post-thumbnail","7":"category-allemagne","8":"tag-actualites","9":"tag-allemagne","10":"tag-bundesrepublik-deutschland","11":"tag-bundeswehr","12":"tag-de","13":"tag-deutschland","14":"tag-eu","15":"tag-eurofighter","16":"tag-europe","17":"tag-germany","18":"tag-israel","19":"tag-litening-5","20":"tag-luftwaffe","21":"tag-nacelle-de-ciblage","22":"tag-news","23":"tag-rafael","24":"tag-republique-federale-dallemagne"},"share_on_mastodon":{"url":"https:\/\/pubeurope.com\/@fr\/115096640287788922","error":""},"_links":{"self":[{"href":"https:\/\/www.europesays.com\/fr\/wp-json\/wp\/v2\/posts\/345867","targetHints":{"allow":["GET"]}}],"collection":[{"href":"https:\/\/www.europesays.com\/fr\/wp-json\/wp\/v2\/posts"}],"about":[{"href":"https:\/\/www.europesays.com\/fr\/wp-json\/wp\/v2\/types\/post"}],"author":[{"embeddable":true,"href":"https:\/\/www.europesays.com\/fr\/wp-json\/wp\/v2\/users\/2"}],"replies":[{"embeddable":true,"href":"https:\/\/www.europesays.com\/fr\/wp-json\/wp\/v2\/comments?post=345867"}],"version-history":[{"count":0,"href":"https:\/\/www.europesays.com\/fr\/wp-json\/wp\/v2\/posts\/345867\/revisions"}],"wp:featuredmedia":[{"embeddable":true,"href":"https:\/\/www.europesays.com\/fr\/wp-json\/wp\/v2\/media\/345868"}],"wp:attachment":[{"href":"https:\/\/www.europesays.com\/fr\/wp-json\/wp\/v2\/media?parent=345867"}],"wp:term":[{"taxonomy":"category","embeddable":true,"href":"https:\/\/www.europesays.com\/fr\/wp-json\/wp\/v2\/categories?post=345867"},{"taxonomy":"post_tag","embeddable":true,"href":"https:\/\/www.europesays.com\/fr\/wp-json\/wp\/v2\/tags?post=345867"}],"curies":[{"name":"wp","href":"https:\/\/api.w.org\/{rel}","templated":true}]}}