{"id":345871,"date":"2025-08-26T19:09:12","date_gmt":"2025-08-26T19:09:12","guid":{"rendered":"https:\/\/www.europesays.com\/fr\/345871\/"},"modified":"2025-08-26T19:09:12","modified_gmt":"2025-08-26T19:09:12","slug":"haxhiu-aujourdhui-nous-avons-eu-loccasion-de-destituer-le-representant-de-la-lista-srpska-de-la-presidence-de-lassemblee-lopposition-na-pas-eu-le-courage","status":"publish","type":"post","link":"https:\/\/www.europesays.com\/fr\/345871\/","title":{"rendered":"Haxhiu : Aujourd&rsquo;hui, nous avons eu l&rsquo;occasion de destituer le repr\u00e9sentant de la Lista Srpska de la pr\u00e9sidence de l&rsquo;Assembl\u00e9e &#8211; l&rsquo;opposition n&rsquo;a pas eu le courage"},"content":{"rendered":"<p>                                                Haxhiu : Aujourd&rsquo;hui, nous avons eu l&rsquo;occasion de destituer le repr\u00e9sentant de la Lista Srpska de la pr\u00e9sidence de l&rsquo;Assembl\u00e9e &#8211; l&rsquo;opposition n&rsquo;a pas eu le courage                    <\/p>\n<p>                        <img decoding=\"async\" src=\"https:\/\/www.europesays.com\/fr\/wp-content\/uploads\/2025\/08\/auto_albulena_haxhiu1746101112-600x360.jpg\" alt=\"\"\/><\/p>\n<p>                        nouvelles<\/p>\n<p>                            <img decoding=\"async\" src=\"https:\/\/www.europesays.com\/fr\/wp-content\/uploads\/2025\/08\/1754177174_227_LogoExpress-96x96.png\" alt=\"\"\/><\/p>\n<p>                        Gazeta Express<br \/>\n                        26\/08\/2025 20:28<\/p>\n<p class=\"gt-block\"><strong>Albulena Haxhiu, du mouvement Vetevendosje, a accus\u00e9 l&rsquo;opposition de ne pas avoir eu le courage de retirer le repr\u00e9sentant de la Liste serbe de la pr\u00e9sidence de l&rsquo;Assembl\u00e9e.<\/strong><\/p>\n<p>\u00ab\u00a0Aujourd&rsquo;hui, la journ\u00e9e aurait pu se terminer par deux bonnes nouvelles\u00a0: la constitution de l&rsquo;Assembl\u00e9e et la destitution du repr\u00e9sentant de la Liste serbe de la pr\u00e9sidence de l&rsquo;Assembl\u00e9e. Mais malheureusement, l&rsquo;opposition n&rsquo;a eu ni la volont\u00e9 ni le courage n\u00e9cessaires\u00a0\u00bb, \u00e9crit Haxhiu.<\/p>\n<p>\u00ab Avec seulement six voix de plus, M. Nenad Rashic aurait \u00e9t\u00e9 \u00e9lu vice-pr\u00e9sident de l&rsquo;Assembl\u00e9e. J&rsquo;esp\u00e8re que d&rsquo;ici jeudi, l&rsquo;opposition aura r\u00e9fl\u00e9chi \u00bb, dit-elle.<\/p>\n<p>\u00ab Sachant que le chef terroriste Milan Radoi\u0107i\u0107 est le leader officiel de la Liste serbe, unissons-nous pour le Kosovo et surtout en l&rsquo;honneur de nos h\u00e9ros, tels qu&rsquo;Enver Zymberi et Afrim Bunjaku \u00bb, a-t-elle conclu.<\/p>\n","protected":false},"excerpt":{"rendered":"Haxhiu : Aujourd&rsquo;hui, nous avons eu l&rsquo;occasion de destituer le repr\u00e9sentant de la Lista Srpska de la pr\u00e9sidence&hellip;\n","protected":false},"author":2,"featured_media":345872,"comment_status":"","ping_status":"","sticky":false,"template":"","format":"standard","meta":{"footnotes":""},"categories":[1586],"tags":[11,1777,674,1779,1011,27,12,25,1778,364],"class_list":{"0":"post-345871","1":"post","2":"type-post","3":"status-publish","4":"format-standard","5":"has-post-thumbnail","7":"category-europe","8":"tag-actualites","9":"tag-eu","10":"tag-europe","11":"tag-european-union","12":"tag-fr","13":"tag-france","14":"tag-news","15":"tag-republique-francaise","16":"tag-ue","17":"tag-union-europeenne"},"share_on_mastodon":{"url":"https:\/\/pubeurope.com\/@fr\/115096647399322285","error":""},"_links":{"self":[{"href":"https:\/\/www.europesays.com\/fr\/wp-json\/wp\/v2\/posts\/345871","targetHints":{"allow":["GET"]}}],"collection":[{"href":"https:\/\/www.europesays.com\/fr\/wp-json\/wp\/v2\/posts"}],"about":[{"href":"https:\/\/www.europesays.com\/fr\/wp-json\/wp\/v2\/types\/post"}],"author":[{"embeddable":true,"href":"https:\/\/www.europesays.com\/fr\/wp-json\/wp\/v2\/users\/2"}],"replies":[{"embeddable":true,"href":"https:\/\/www.europesays.com\/fr\/wp-json\/wp\/v2\/comments?post=345871"}],"version-history":[{"count":0,"href":"https:\/\/www.europesays.com\/fr\/wp-json\/wp\/v2\/posts\/345871\/revisions"}],"wp:featuredmedia":[{"embeddable":true,"href":"https:\/\/www.europesays.com\/fr\/wp-json\/wp\/v2\/media\/345872"}],"wp:attachment":[{"href":"https:\/\/www.europesays.com\/fr\/wp-json\/wp\/v2\/media?parent=345871"}],"wp:term":[{"taxonomy":"category","embeddable":true,"href":"https:\/\/www.europesays.com\/fr\/wp-json\/wp\/v2\/categories?post=345871"},{"taxonomy":"post_tag","embeddable":true,"href":"https:\/\/www.europesays.com\/fr\/wp-json\/wp\/v2\/tags?post=345871"}],"curies":[{"name":"wp","href":"https:\/\/api.w.org\/{rel}","templated":true}]}}