{"id":345875,"date":"2025-08-26T19:11:14","date_gmt":"2025-08-26T19:11:14","guid":{"rendered":"https:\/\/www.europesays.com\/fr\/345875\/"},"modified":"2025-08-26T19:11:14","modified_gmt":"2025-08-26T19:11:14","slug":"en-direct-budget-2026-bardella-demande-a-macron-une-dissolution-ou-sa-demission-pour-sortir-de-limpasse","status":"publish","type":"post","link":"https:\/\/www.europesays.com\/fr\/345875\/","title":{"rendered":"EN DIRECT &#8211; Budget 2026 : Bardella demande \u00e0 Macron \u00ab\u00a0une dissolution\u00a0\u00bb ou \u00ab\u00a0sa d\u00e9mission\u00a0\u00bb pour \u00ab\u00a0sortir de l&rsquo;impasse\u00a0\u00bb"},"content":{"rendered":"<ul class=\"jsx-862013697 ArticleChapo__List\">\n<li class=\"jsx-862013697 ArticleChapo__List_Item flex\">Fran\u00e7ois Bayrou va solliciter le 8 septembre la confiance de l&rsquo;Assembl\u00e9e nationale, abattant une p\u00e9rilleuse carte pour faire adopter son plan d&rsquo;\u00e9conomies budg\u00e9taires.<\/li>\n<li class=\"jsx-862013697 ArticleChapo__List_Item flex\">Invit\u00e9 du 20H de TF1 ce mardi, Jordan Bardella demande \u00e0 Emmanuel Macron un \u00ab\u00a0retour aux urnes\u00a0\u00bb soit en pronon\u00e7ant une dissolution de l&rsquo;Assembl\u00e9e nationale, soit en remettant sa d\u00e9mission.<\/li>\n<li class=\"jsx-862013697 ArticleChapo__List_Item flex\">Suivez les derni\u00e8res informations.<\/li>\n<\/ul>\n<p><a href=\"https:\/\/www.tf1info.fr\/actualite\/francois-bayrou-nomme-premier-ministre-gouvernement-ministres-13846\/\" rel=\"noopener\" class=\"jsx-484472199 Link jsx-1428418400 jsx-2392744303\" target=\"_blank\"><\/p>\n<p style=\"font-weight:400\" class=\"jsx-1837267516\">Suivez la couverture compl\u00e8te<\/p>\n<p style=\"font-weight:800\" class=\"jsx-1837267516\">Le gouvernement Bayrou tente tant bien que mal de tenir le cap<\/p>\n<p><\/a>Les \u00e9l\u00e9ments marquantsRETOUR AUX URNES20:40<\/p>\n<p>Jordan Bardella demande \u00e0 Emmanuel Macron un \u00ab\u00a0retour aux urnes\u00a0\u00bb en pronon\u00e7ant \u00ab\u00a0une dissolution\u00a0\u00bb de l&rsquo;Assembl\u00e9e nationale ou \u00ab\u00a0sa d\u00e9mission\u00a0\u00bb pour \u00ab\u00a0sortir de l&rsquo;impasse\u00a0\u00bb.<\/p>\n<p>\u00ab\u00a0Il n&rsquo;y a qu&rsquo;une seule possibilit\u00e9 pour sortir de cette impasse politique dans laquelle nous sommes, c&rsquo;est d&rsquo;en revenir aux urnes, de se rendre devant le peuple fran\u00e7ais et qu&rsquo;Emmanuel Macron entende aujourd&rsquo;hui ce blocage institutionnel qu&rsquo;il a lui-m\u00eame suscit\u00e9 et qu&rsquo;il prononce soit la dissolution de l&rsquo;Assembl\u00e9e nationale, soit \u00e9videmment qu&rsquo;ils remettent sa d\u00e9mission et qu&rsquo;une nouvelle \u00e9lection pr\u00e9sidentielle puisse permettre aux Fran\u00e7ais de se choisir un cap pour le pays\u00a0\u00bb, a-t-il d\u00e9clar\u00e9.\u00a0<\/p>\n<p>Minute par minuteMARINE LE PEN CANDIDATE MALGR\u00c9 L&rsquo;IN\u00c9LIGIBILIT\u00c9 ?21:06<\/p>\n<p>\u00ab\u00a0Il y a un appel qui n\u2019est pas suspensif mais qui aura lieu tr\u00e8s certainement au printemps 2026 et nous \u00e9tudions \u00e9videmment toutes les voies juridiques pour que m\u00eame en cas de dissolution, Marine Le Pen puisse pr\u00e9senter sa candidature au nom du peuple fran\u00e7ais devant le Conseil constitutionnel, charge au Conseil constitutionnel de trancher\u00a0\u00bb, a r\u00e9pondu Jordan Bardella, interrog\u00e9 par Gilles Bouleau sur la condamnation le 31 mars dernier \u00e0 5 ans d&rsquo;in\u00e9ligibilit\u00e9 avec ex\u00e9cution provisoire dans le cadre du proc\u00e8s des assistants parlementaires de l\u2019ex-FN.\u00a0<\/p>\n<p>\u00ab\u00a0Je souhaite de tout c\u0153ur qu&rsquo;elle puisse \u00e9videmment non seulement \u00eatre candidate, \u00eatre r\u00e9\u00e9lu, mais aussi \u00e9videmment pr\u00e9sider notre groupe \u00e0 l&rsquo;Assembl\u00e9e nationale\u00a0\u00bb, a-t-il ajout\u00e9, alors que son nom circulait \u00e9ventuellement \u00e0 Matignon si elle \u00e9tait emp\u00each\u00e9e de se repr\u00e9senter.\u00a0<\/p>\n<p>LE RN AU POUVOIR ?20:57<\/p>\n<p>\u00ab\u00a0Nous aurons le courage de mettre en \u0153uvre le projet de redressement qu&rsquo;attend aujourd&rsquo;hui une majorit\u00e9 de Fran\u00e7ais et que ce soit dans le cas d&rsquo;\u00e9lections l\u00e9gislatives victorieuses ou d&rsquo;une \u00e9lection pr\u00e9sidentielle, nous sommes pr\u00eats \u00e0 incarner cette alternance\u00a0\u00bb, a assur\u00e9 le pr\u00e9sident du RN sur TF1.<\/p>\n<blockquote data-testid=\"EmbedTwitter\" id=\"tweet-1960415380620427619-:Rso4j5klcmj9n79m:\" class=\"jsx-aeff1a1c40f54d7a twitter-tweet flex justify-center items-center\"><p>\ud83d\udde3\ufe0f \u00ab\u00a0Nous aurons le courage de mettre en \u0153uvre le projet de redressement qu&rsquo;attendent une majorit\u00e9 de Fran\u00e7ais\u00a0\u00bb affirme  @J_Bardella \u25b6\ufe0f  #LE20H @GillesBouleau pic.twitter.com\/3ZLKCmpNma \u2014 TF1Info (@TF1Info)  August 26, 2025<\/p><\/blockquote>\n<p>RETOUR AUX URNES20:40<\/p>\n<p>Jordan Bardella demande \u00e0 Emmanuel Macron un \u00ab\u00a0retour aux urnes\u00a0\u00bb en pronon\u00e7ant \u00ab\u00a0une dissolution\u00a0\u00bb de l&rsquo;Assembl\u00e9e nationale ou \u00ab\u00a0sa d\u00e9mission\u00a0\u00bb pour \u00ab\u00a0sortir de l&rsquo;impasse\u00a0\u00bb.<\/p>\n<p>\u00ab\u00a0Il n&rsquo;y a qu&rsquo;une seule possibilit\u00e9 pour sortir de cette impasse politique dans laquelle nous sommes, c&rsquo;est d&rsquo;en revenir aux urnes, de se rendre devant le peuple fran\u00e7ais et qu&rsquo;Emmanuel Macron entende aujourd&rsquo;hui ce blocage institutionnel qu&rsquo;il a lui-m\u00eame suscit\u00e9 et qu&rsquo;il prononce soit la dissolution de l&rsquo;Assembl\u00e9e nationale, soit \u00e9videmment qu&rsquo;ils remettent sa d\u00e9mission et qu&rsquo;une nouvelle \u00e9lection pr\u00e9sidentielle puisse permettre aux Fran\u00e7ais de se choisir un cap pour le pays\u00a0\u00bb, a-t-il d\u00e9clar\u00e9.\u00a0<\/p>\n<p>LE RN VOTERA LA CENSURE20:38<\/p>\n<p>Le pr\u00e9sident du RN a insist\u00e9 que son groupe ne votera pas la confiance au gouvernement Bayrou. \u00ab\u00a0Nous voterons \u00e9videmment contre la confiance du gouvernement, charge potentiellement \u00e0 un nouveau gouvernement ou au pr\u00e9sident de la R\u00e9publique si celui-ci devait choisir des outils constitutionnels pour sortir de cette crise d&rsquo;entendre aujourd&rsquo;hui, ce que souhaite une majorit\u00e9 de Fran\u00e7ais dans le pays\u00a0\u00bb a r\u00e9pondu Jordan Bardella sur le plateau de TF1.\u00a0<\/p>\n<p>\u00ab\u00a0Je ne crois pas au P\u00e8re No\u00ebl. Monsieur Bayrou a l&rsquo;immobilisme satisfait, (&#8230;) \u00e7a fait plusieurs mois qu&rsquo;il met en \u0153uvre des orientations qui sont celles de ses pr\u00e9d\u00e9cesseurs et qui sont celles d&rsquo;Emmanuel Macron puisqu&rsquo;il en est un ami et un soutien depuis 2017\u00a0\u00bb, a rappel\u00e9 le pr\u00e9sident du RN, indiquant n&rsquo;avoir re\u00e7u aucune r\u00e9ponse du Premier ministre au courrier adress\u00e9 par Marine Le Pen avant l&rsquo;\u00e9t\u00e9 exposant les lignes rouges et les pistes d&rsquo;\u00e9conomies de son partie.\u00a0<\/p>\n<p>JORDAN BARDELLA SUR TF119:59<\/p>\n<p>Le pr\u00e9sident du Rassemblement national (RN) est l&rsquo;invit\u00e9 du 20H de TF1 qui vient de commencer. Nous allons suivre ensemble sa prise de parole.<\/p>\n<p>FRAN\u00c7OIS BAYROU AU 20H DEMAIN19:43<\/p>\n<p>Fran\u00e7ois Bayrou sera l&rsquo;invit\u00e9 du 20H de TF1 demain soir, mercredi 27 ao\u00fbt. Le Premier ministre r\u00e9pondra en direct aux questions de Gilles Bouleau sur le plateau du JT, deux jours apr\u00e8s l&rsquo;annonce d&rsquo;un vote de confiance \u00e0 l&rsquo;Assembl\u00e9e nationale.\u00a0<\/p>\n<p>LIOT VOTERA MAJORITAIREMENT CONTRE LA CENSURE19:17<\/p>\n<p>\u00ab\u00a0Une nette majorit\u00e9 du groupe LIOT ne votera pas la confiance\u00a0\u00bb, annonce le groupe de d\u00e9put\u00e9s Libert\u00e9s Ind\u00e9pendants Outre-mer &amp; Territoires, qui critique une m\u00e9thode du \u00ab\u00a0\u00e0 prendre ou \u00e0 laisser\u00a0\u00bb.\u00a0<\/p>\n<p>\u00ab\u00a0Ce projet de budget (&#8230;) devait \u00eatre amend\u00e9 tant il nous paraissait d\u00e9s\u00e9quilibr\u00e9 dans les efforts demand\u00e9s aux Fran\u00e7ais malgr\u00e9 un constat que nous partageons sur la d\u00e9gradation de nos finances publiques\u00a0\u00bb, \u00e9crit le groupe LIOT dans un communiqu\u00e9 de presse ce mardi 26 ao\u00fbt.\u00a0<\/p>\n<p>Les d\u00e9put\u00e9s LIOT d\u00e9noncent la d\u00e9cision de Fran\u00e7ois Bayrou de se soumettre \u00e0 un vote de confiance le 8 septembre prochain alors que \u00ab\u00a0le Parlement jamais encore pu commencer \u00e0 d\u00e9battre\u00a0\u00bb du budget.<\/p>\n<p>SOUTIEN DES D\u00c9PUT\u00c9S EPR \u00c0 BAYROU19:12<\/p>\n<p>Au cours d&rsquo;une r\u00e9union autour de Gabriel Attal, le groupe Ensemble pour la R\u00e9publique (EPR) a d\u00e9cid\u00e9 de voter \u00ab\u00a0\u00e0 l&rsquo;unanimit\u00e9\u00a0\u00bb pour la confiance au Premier ministre, rapporte LCI selon plusieurs d\u00e9put\u00e9s. \u00ab\u00a0On continue \u00e0 \u00eatre la force affich\u00e9e de stabilit\u00e9\u2026 et cela a \u00e9t\u00e9 relev\u00e9 sur presque toutes les prises de parole\u00a0\u00bb, indique un d\u00e9put\u00e9.\u00a0<\/p>\n<p>Un autre d\u00e9put\u00e9 a ajout\u00e9 \u00eatre \u00ab\u00a0tr\u00e8s surpris que ce soutien ne soit pas le m\u00eame du c\u00f4t\u00e9 des R\u00e9publicains qui ont leur chef de parti (Bruno Retailleau) au Gouvernement\u00a0\u00bb, alors que tous les d\u00e9put\u00e9s du groupe EPR \u00e9taient pr\u00e9sents au cours de la r\u00e9union en visioconf\u00e9rence ce mardi.<\/p>\n<p>\u00a0<\/p>\n<blockquote data-testid=\"EmbedTwitter\" id=\"tweet-1960385606799794257-:Rsogj5klcmj9n79m:\" class=\"jsx-aeff1a1c40f54d7a twitter-tweet flex justify-center items-center\"><p>#confiance \u00e0 Fran\u00e7ois Bayrou Le groupe EPR apportera son soutien \u00e0 \u00ab\u00a0l&rsquo;unanimit\u00e9\u00a0\u00bb. \u00ab\u00a0Unit\u00e9 et pas de voix dissonante\u00a0\u00bb \u00ab\u00a0On continue \u00e0 \u00eatre la force de stabilit\u00e9 \u2026 Tr\u00e8s surpris que ce soutien ne soit pas le m\u00eame c\u00f4t\u00e9 LR qui ont leur chef de parti au Gouv\u00a0\u00bb disent des d\u00e9put\u00e9s @lci \u2014 Fr\u00e9d\u00e9ric Delpech (@fredericdelpech)  August 26, 2025<\/p><\/blockquote>\n<p>CAROLE DELGA18:19<\/p>\n<p>\u00ab\u00a0La chute du gouvernement est in\u00e9luctable\u00a0\u00bb \u00e9crit dans un communiqu\u00e9 la pr\u00e9sidente de la r\u00e9gion Occitanie (PS). \u00ab\u00a0Plut\u00f4t que le dialogue, le rassemblement et la mobilisation pour construire un projet de redressement pour la France, qui r\u00e9tablisse les comptes publics et r\u00e9partissement \u00e9quitablement l&rsquo;effort, le Premier ministre a choisi, comme le Pr\u00e9sident avant lui, l&rsquo;incertitude et le d\u00e9sordre pour notre pays\u00a0\u00bb, pointe Carole Delga, qui d\u00e9nonce une m\u00e9thode \u00ab\u00a0irresponsable\u00a0\u00bb.<\/p>\n<p>\u00ab\u00a0Aucune r\u00e9ponse satisfaisante n&rsquo;a \u00e9t\u00e9 apport\u00e9e\u00a0\u00bb aux conditions du soutien des socialistes au budget, indique Mme Delga, d\u00e9plorant plusieurs mois de nouveau perdus qui ne font, selon elle, qu&rsquo;aggraver l&rsquo;instabilit\u00e9 institutionnelle et affaiblir la France.<\/p>\n<p>PLUS DE 7 FRAN\u00c7AIS SUR 10 CONTRE LA CONFIANCE AU GOUVERNEMENT BAYROU18:09<\/p>\n<p>72% des Fran\u00e7ais souhaitent que le gouvernement de Fran\u00e7ois Bayrou n&rsquo;obtienne pas une majorit\u00e9 de soutiens \u00e0 l&rsquo;Assembl\u00e9e nationale le 8 septembre, selon un sondage Elabe pour BFMTV publi\u00e9 mardi.<\/p>\n<p>La plupart des sond\u00e9s consid\u00e8rent que la chute du gouvernement ne serait \u00ab\u00a0pas probl\u00e9matique pour la situation \u00e9conomique et financi\u00e8re du pays\u00a0\u00bb (22%) ou que cette situation \u00ab\u00a0est d\u00e9j\u00e0 tr\u00e8s grave (et) ne peut pas \u00eatre pire\u00a0\u00bb (51%).<\/p>\n<p>Au-del\u00e0 du d\u00e9part de M. Bayrou et son \u00e9quipe, \u00a0tous les sc\u00e9narios semblent convenir aux Fran\u00e7ais : si la nomination d&rsquo;un Premier ministre tient la corde (81%), une nette majorit\u00e9 se d\u00e9gage aussi pour une dissolution et de nouvelles \u00e9lections l\u00e9gislatives (69%), voire pour une d\u00e9mission d&rsquo;Emmanuel Macron (67%).<\/p>\n<p>BOURSES EUROP\u00c9NNES EN REPLI17:51<\/p>\n<p>Les Bourses europ\u00e9ennes ont cl\u00f4tur\u00e9 en baisse mardi, \u00e0 l&rsquo;issue d&rsquo;une s\u00e9ance sans rendez-vous \u00e9conomique majeur et surtout marqu\u00e9e par l&rsquo;instabilit\u00e9 politique en France, au lendemain de l&rsquo;annonce par le Premier ministre Fran\u00e7ois Bayrou d&rsquo;un vote de confiance de l&rsquo;Assembl\u00e9e nationale.<\/p>\n<p>La Bourse de Paris a fortement recul\u00e9 pour la deuxi\u00e8me s\u00e9ance cons\u00e9cutive (-1,70%). Londres a c\u00e9d\u00e9 0,60% et Francfort 0,50%.<\/p>\n<p>LE PS PAS CONVAINCU17:39<\/p>\n<p>Les annonces du Premier ministre devant le CFDT n&rsquo;ont pas convaincu les socialistes de voter la motion de confiance. \u00ab\u00a0Il n&rsquo;a jamais cherch\u00e9 \u00e0 n\u00e9gocier depuis le 15 juillet. Il a enclench\u00e9 sa d\u00e9mission avec sa d\u00e9cision\u00a0\u00bb, dit le d\u00e9put\u00e9 socialiste Pierre Pribetich selon Fr\u00e9d\u00e9ric Delpech, journaliste politique \u00e0 LCI.<\/p>\n<blockquote data-testid=\"EmbedTwitter\" id=\"tweet-1960362568469406113-:Rsooj5klcmj9n79m:\" class=\"jsx-aeff1a1c40f54d7a twitter-tweet flex justify-center items-center\"><p>#confiance \u00e0 Fran\u00e7ois Bayrou Les derni\u00e8res annonces du Premier ministre devant la CFDT vont elles convaincre le PS de voter Pour ? \u00ab\u00a0Non, il n&rsquo;a jamais cherch\u00e9 \u00e0 n\u00e9gocier depuis le 15 juillet. Il a enclench\u00e9 sa d\u00e9mission avec sa d\u00e9cision\u00a0\u00bb dit le d\u00e9put\u00e9 socialiste Pierre Pribetich \u2014 Fr\u00e9d\u00e9ric Delpech (@fredericdelpech)  August 26, 2025<\/p><\/blockquote>\n<p>RESPONSABILIT\u00c9 ET VIGILANCE17:30<\/p>\n<p>Interrog\u00e9 par le JDNews sur sa responsabilit\u00e9 dans l&rsquo;augmentation de 1.000 milliards d&rsquo;euros depuis son arriv\u00e9e \u00e0 l&rsquo;\u00c9lys\u00e9e, Emmanuel Macron assume sa part de responsabilit\u00e9 : \u00ab\u00a0Oui, bien s\u00fbr, j\u2019assume ma part \u00e0 partir du moment o\u00f9 cette part, c\u2019est la protection des Fran\u00e7ais face \u00e0 des crises historiques : c\u2019est le salaire vers\u00e9 pendant le Covid, la facture d\u2019\u00e9lectricit\u00e9 gel\u00e9e pendant l\u2019inflation ou la retraite index\u00e9e.\u00a0\u00bb<\/p>\n<p>Le chef de l&rsquo;\u00c9tat en appelle d\u00e9sormais \u00e0 la vigilance pour r\u00e9duire le d\u00e9ficit public : \u00ab\u00a0J\u2019assume aussi aujourd\u2019hui qu\u2019apr\u00e8s avoir beaucoup d\u00e9pens\u00e9 pour prot\u00e9ger, il faut \u00e9conomiser et travailler pour rembourser. Et je trouve singulier que les partis politiques qui pensaient qu\u2019il fallait d\u00e9penser plus durant les crises affirment qu\u2019il faut rembourser moins aujourd\u2019hui.\u00a0\u00bb<\/p>\n<p>EMMANUEL MACRON17:21<\/p>\n<p>Dans une interview au <a href=\"https:\/\/www.lejdd.fr\/politique\/dette-crise-politique-colere-sociale-les-confidences-demmanuel-macron-au-jdnews-161293\" rel=\"nofollow noopener\" target=\"_blank\">JDNews<\/a> r\u00e9alis\u00e9e avant la prise de parole de Fran\u00e7ois Bayrou, le pr\u00e9sident de la R\u00e9publique en appelle aux divers forces politiques pour d\u00e9bloquer la situation politique : \u00ab\u00a0C\u2019est aux forces politiques de savoir \u00eatre \u00e0 la hauteur en trouvant les voies de compromis et de la stabilit\u00e9, comme c\u2019est la pratique partout en Europe. Si elles s\u2019av\u00e9raient facteurs de d\u00e9sordre, ce serait une lourde responsabilit\u00e9 dans le moment g\u00e9opolitique d\u00e9licat que nous vivons.\u00a0\u00bb<\/p>\n<p>INQUI\u00c9TUDES DES MARCH\u00c9S FINANCIERS17:03<\/p>\n<p>Le vote d&rsquo;un budget pour 2026 et ses milliards d&rsquo;\u00e9conomies semble plus incertain que jamais avec le vote de la motion de confiance le 8 septembre prochain, qui pourrait entra\u00eener la chute du gouvernement Bayrou. De quoi d\u00e9j\u00e0 inqui\u00e9ter les march\u00e9s financiers.<\/p>\n<p>\u00c9conomie<img decoding=\"async\" src=\"https:\/\/www.europesays.com\/fr\/wp-content\/uploads\/2025\/08\/cac-40-illustration-1-16dda8-0@1x.jpeg\" alt=\"CAC 40, taux d'emprunt... Les indicateurs \u00e9conomiques dans le rouge avant le vote de confiance\" loading=\"lazy\" importance=\"low\" fetchpriority=\"low\" class=\"\" aria-hidden=\"true\"\/>Publi\u00e9 aujourd&rsquo;hui \u00e0 16h38PROPOSITION DE MOBILISATION DE LA CFDT16:12<\/p>\n<p>La secr\u00e9taire g\u00e9n\u00e9rale de la CFDT, Marylise L\u00e9on, a annonc\u00e9 mardi, \u00e0 l&rsquo;issue du discours de Fran\u00e7ois Bayrou, que le syndicat va proposer en intersyndicale vendredi matin une date de mobilisation pour le mois de septembre contre les projets budg\u00e9taires du gouvernement.\u00a0<\/p>\n<p>Cette r\u00e9union intersyndicale permettra aux syndicats de se positionner sur l&rsquo;appel \u00e0 \u00ab\u00a0bloquer le pays\u00a0\u00bb le 10 septembre, lanc\u00e9 sur les r\u00e9seaux sociaux, que certaines f\u00e9d\u00e9rations et unions d\u00e9partementales de la CGT et de Solidaires ont appel\u00e9 \u00e0 rejoindre.<\/p>\n<p>PAS DE MENACE DU FMI OU DE LA BCE15:53<\/p>\n<p>Le ministre de l&rsquo;\u00c9conomie et des Finances Eric Lombard a assur\u00e9 dans un post sur X que \u00ab\u00a0nous ne sommes, aujourd\u2019hui, sous la menace d\u2019aucune intervention, ni du FMI, ni de la BCE, ni d\u2019aucune organisation internationale.\u00a0\u00bb<\/p>\n<p>Ces propos font suite \u00e0 une certaine f\u00e9brilit\u00e9 \u00e0 la Bourse de Paris au lendemain de l&rsquo;annonce par le Premier ministre Fran\u00e7ois Bayrou qu&rsquo;il se soumettrait \u00e0 un vote de confiance tr\u00e8s risqu\u00e9 \u00e0 l&rsquo;Assembl\u00e9e nationale, le 8 septembre, puis \u00e0 une d\u00e9claration mardi matin du ministre lui-m\u00eame, qui avait reconnu \u00ab\u00a0ne pas pouvoir dire que le risque\u00a0\u00bb d&rsquo;une intervention du FMI en France \u00ab\u00a0n&rsquo;existe pas\u00a0\u00bb.<\/p>\n<blockquote data-testid=\"EmbedTwitter\" id=\"tweet-1960336687432687618-:Rsp2j5klcmj9n79m:\" class=\"jsx-aeff1a1c40f54d7a twitter-tweet flex justify-center items-center\"><p>La situation de nos finances publiques r\u00e9clame du calme et de la lucidit\u00e9. Le calme, c\u2019est de constater que l\u2019\u00e9conomie fran\u00e7aise est solide, que la signature de la France sur les march\u00e9s est reconnue et que nous finan\u00e7ons notre dette sans difficult\u00e9. Nous ne sommes, aujourd\u2019hui,\u2026 \u2014 Eric Lombard (@Eric_R_Lombard)  August 26, 2025<\/p><\/blockquote>\n<p>VOTE DU PS15:50<\/p>\n<p>\u00ab\u00a0Si Fran\u00e7ois Bayrou renonce aux 2 jours f\u00e9ri\u00e9s, \u00e0 certaines niches fiscales, taxe les plus hauts revenus, le parti socialiste doit r\u00e9fl\u00e9chir\u00a0\u00bb, a d\u00e9clar\u00e9 de son c\u00f4t\u00e9 l&rsquo;eurod\u00e9put\u00e9 PS Fran\u00e7ois Kalfon sur le plateau de LCI.\u00a0<\/p>\n<blockquote data-testid=\"EmbedTwitter\" id=\"tweet-1960334538661392675-:Rsp4j5klcmj9n79m:\" class=\"jsx-aeff1a1c40f54d7a twitter-tweet flex justify-center items-center\"><p>Fran\u00e7ois Kalfon PS sur la  #confiance sur  @LCI \u00a0\u00bb Si Fran\u00e7ois Bayrou renonce aux 2 jours f\u00e9ri\u00e9s, \u00e0 certaines niches fiscales, taxe les plus hauts revenus, le parti socialiste doot r\u00e9fl\u00e9chir \u00a0\u00bb #DirectAN pic.twitter.com\/gxouGw7acV \u2014 Fr\u00e9d\u00e9ric Delpech (@fredericdelpech)  August 26, 2025<\/p><\/blockquote>\n<p>LAURENT WAUQUIEZ15:46<\/p>\n<p>\u00ab\u00a0La position du parti autour de Bruno Retailleau est en faveur d&rsquo;un vote de confiance\u00a0\u00bb, a d\u00e9clar\u00e9 Laurent Wauquiez lors d&rsquo;une r\u00e9union de groupe des R\u00e9publicains, selon des propos rapport\u00e9s \u00e0 TF1\/LCI. C&rsquo;est un \u00ab\u00a0moment dont on mesure tous la gravit\u00e9\u00a0\u00bb, a-t-il pr\u00e9cis\u00e9, ajoutant qu'\u00a0\u00bbon ne veut pas donner un ch\u00e8que \u00e0 blanc \u00e0 Fran\u00e7ois Bayrou, et que nous avons des diff\u00e9rences, y compris sur le budget pr\u00e9sent\u00e9, notamment pour la France qui travaille\u00a0\u00bb.<\/p>\n<p>\u00a0\u00ab\u00a0On ne peut pas \u00eatre associ\u00e9 \u00e0 une d\u00e9marche de chaos qui va \u00eatre port\u00e9 par l\u2019extr\u00eame gauche\u00a0\u00bb, a-t-il \u00e9galement assur\u00e9, indiquant qu&rsquo;il \u00ab\u00a0est difficile de ne pas voter la confiance \u00e0 un gouvernement dans lequel figure le pr\u00e9sident de notre parti\u00a0\u00bb, et que ce vote se r\u00e9sume au choix entre \u00ab\u00a0l&rsquo;ordre et le chaos\u00a0\u00bb.<\/p>\n<p>VOTE DE LA MOTION DE CONFIANCE15:43<\/p>\n<p>\u00ab\u00a0Ils ne vont pas changer d\u2019avis, je ne demande \u00e0 personne de se renier, mais on peut r\u00e9fl\u00e9chir. On a le droit de remettre en questions les r\u00e9flexes spontan\u00e9s qu\u2019on peut avoir\u00a0\u00bb, a enfin r\u00e9pondu Fran\u00e7ois Bayou \u00e0 un journaliste qui lui demandait s&rsquo;il pensait pouvoir convaincre le PS de voter la motion de confiance. Le Premier ministre a ajout\u00e9 \u00eatre \u00ab\u00a0persuad\u00e9\u00a0\u00bb qu\u2019une majorit\u00e9 de Fran\u00e7ais qui veulent \u00ab\u00a0qu\u2019on r\u00e9ponde aux questions et qu\u2019on regarde les probl\u00e8mes en face\u00a0\u00bb.\u00a0<\/p>\n<blockquote data-testid=\"EmbedTwitter\" id=\"tweet-1960332785991680493-:Rsp8j5klcmj9n79m:\" class=\"jsx-aeff1a1c40f54d7a twitter-tweet flex justify-center items-center\"><p>\ud83d\udd34 Fran\u00e7ois Bayrou ( @bayrou ) s&rsquo;exprime  \ud83d\udde3\ufe0f \u00ab\u00a0Il y a tr\u00e8s longtemps que je suis habitu\u00e9 \u00e0 la rapidit\u00e9 pour dire non et \u00e0 la lenteur pour dire oui (&#8230;) L&rsquo;alliance entre LFI et le RN \u00e7a conduit la France o\u00f9 ?\u00a0\u00bb  pic.twitter.com\/p4xp9zN04F \u2014 LCI (@LCI)  August 26, 2025<\/p><\/blockquote>\n<p>R\u00c9F\u00c9RENDUM SUR LE BUDGET ?15:40<\/p>\n<p>Fran\u00e7ois Bayrou a assur\u00e9 qu\u2019il n\u2019en voulait pas au Pr\u00e9sident de la R\u00e9publique de ne pas avoir organis\u00e9 un r\u00e9f\u00e9rendum sur le budget. \u00ab\u00a0La question est de s\u2019interroger sur le jour d\u2019apr\u00e8s\u00a0\u00bb s\u2019il y a un \u00ab\u00a0non\u00a0\u00bb. \u00ab\u00a0Et donc j\u2019ai choisi l\u2019autre voie, qui est la voie parlementaire, qui est la mani\u00e8re la plus directe\u00a0\u00bb a-t-il pr\u00e9cis\u00e9.<\/p>\n<p>SUPPRESSION DES JOURS F\u00c9RI\u00c9S ?15:32<\/p>\n<p>Le Premier ministre n&rsquo;a pas abandonn\u00e9 certaines mesures d&rsquo;\u00e9conomies (proposition des jours f\u00e9ri\u00e9s&#8230;), qu&rsquo;il place au second plan sur la question centrale du surendettement sur laquelle il a d\u00e9cid\u00e9 d&rsquo;engager la responsabilit\u00e9 du gouvernement.<\/p>\n<blockquote data-testid=\"EmbedTwitter\" id=\"tweet-1960332046611452098-:Rspcj5klcmj9n79m:\" class=\"jsx-aeff1a1c40f54d7a twitter-tweet flex justify-center items-center\"><p>\ud83d\udd34 Fran\u00e7ois Bayrou ( @bayrou ) s&rsquo;exprime  \ud83d\udde3\ufe0f \u00ab\u00a0La 1\u00e8re \u00e9tape c&rsquo;est : est-ce qu&rsquo;on est d&rsquo;accord sur le constat ? (&#8230;) La 2\u00e8me \u00e9tape c&rsquo;est les mesures pour r\u00e9pondre \u00e0 la question. Je suis pr\u00eat \u00e0 examiner toutes les mesures.\u00a0\u00bb  pic.twitter.com\/5smpDjnlte \u2014 LCI (@LCI)  August 26, 2025<\/p><\/blockquote>\n<p>SAUVER SA PLACE ?15:29<\/p>\n<p>\u00ab\u00a0Je consid\u00e8re que je ne suis pas l\u00e0 pour assurer ma s\u00e9curit\u00e9 (&#8230;) je suis l\u00e0 pour qu&rsquo;on s&rsquo;occupe de l&rsquo;essentiel\u00a0\u00bb, a r\u00e9pondu Fran\u00e7ois Bayrou.<\/p>\n<blockquote data-testid=\"EmbedTwitter\" id=\"tweet-1960331559698898987-:Rspej5klcmj9n79m:\" class=\"jsx-aeff1a1c40f54d7a twitter-tweet flex justify-center items-center\"><p>\ud83d\udd34 Fran\u00e7ois Bayrou ( @bayrou ) s&rsquo;exprime  \ud83d\udde3\ufe0f \u00ab\u00a0Je consid\u00e8re que je ne suis pas l\u00e0 pour assurer ma s\u00e9curit\u00e9, je ne suis pas l\u00e0 pour durer, je suis l\u00e0 pour qu&rsquo;on s&rsquo;occupe de l&rsquo;essentiel.\u00a0\u00bb  pic.twitter.com\/o20F8c5iea \u2014 LCI (@LCI)  August 26, 2025<\/p><\/blockquote>\n<p>BAYROU VEUT CHANGER DE MONDE15:15<\/p>\n<p>Le Premier ministre a termin\u00e9 sa prise de parole devant les journalistes, avant de r\u00e9pondre au nouveau aux questions de la presse \u00e0 l&rsquo;ext\u00e9rieur. \u00ab\u00a0Comme chacun peut s\u2019en rendre compte, on est en train de changer de monde\u00a0\u00bb, a dit Fran\u00e7ois Bayrou. \u00ab\u00a0J&rsquo;ai dit hier aux Fran\u00e7ais et \u00e0 tous ceux qui les repr\u00e9sentent qu&rsquo;on ne peut pas construire l&rsquo;avenir la gravit\u00e9 de la situation dans laquelle nous place la dette\u00a0\u00bb, a-t-il ajout\u00e9.<\/p>\n<p>Pour \u00ab\u00a0changer le monde\u00a0\u00bb, Bayrou a d\u00e9clar\u00e9 \u00ab\u00a0qu&rsquo;on a le plus grand besoin de confier \u00e0 la soci\u00e9t\u00e9, et aux Fran\u00e7ais organis\u00e9s qui r\u00e9fl\u00e9chissent, des responsabilit\u00e9s que l&rsquo;\u00c9tat n&rsquo;arrive pas \u00e0 exercer tout seul\u00a0\u00bb, \u00e9voquant les \u00ab\u00a0organisations du pacte social fran\u00e7ais comme la &lsquo;S\u00e9cu&rsquo;, les retraites, le ch\u00f4mage\u00a0\u00bb.\u00a0<\/p>\n<p>TEMPS DE TRAVAIL 15:03<\/p>\n<p>\u00ab\u00a0Le temps de travail des actifs \u00e0 temps complet est inf\u00e9rieur de plus de 110 heures par an \u00e0 la moyenne europ\u00e9enne. La question du travailler plus, du travailler plus nombreux, dans une meilleure organisation s&rsquo;impose, et je pense aussi aux conditions de retour \u00e0 l&#8217;emploi\u00a0\u00bb, assure Fran\u00e7ois Bayrou.\u00a0<\/p>\n<p>BAYROU VEUT RECENTRER LES PARTENAIRES SOCIAUX14:59<\/p>\n<p>\u00ab\u00a0Je propose que nous changions de cap et que nous fassions pleinement et enti\u00e8rement confiance aux partenaires sociaux en leur confiant la gestion des principaux piliers du syst\u00e8me de protection sociale\u00a0\u00bb, lance Fran\u00e7ois Bayrou.\u00a0<\/p>\n<blockquote data-testid=\"EmbedTwitter\" id=\"tweet-1960324535565037728-:Rspkj5klcmj9n79m:\" class=\"jsx-aeff1a1c40f54d7a twitter-tweet flex justify-center items-center\"><p>\ud83d\udd34 Fran\u00e7ois Bayrou ( @bayrou ) s&rsquo;exprime  \ud83d\udde3\ufe0f \u00ab\u00a0Je propose que nous changions de cap et que nous fassions pleinement et enti\u00e8rement confiance aux partenaires sociaux en leur confiant la gestion des principaux piliers du syst\u00e8me de protection sociale.\u00a0\u00bb  pic.twitter.com\/QJRrhtQZ8h \u2014 LCI (@LCI)  August 26, 2025<\/p><\/blockquote>\n<p>CONTRIBUTION DES HAUTS REVENUS14:56<\/p>\n<p>\u00ab\u00a0Lorsque vos moyens sont plus importants, votre contribution au redressement des finances publiques doit l&rsquo;\u00eatre aussi. C&rsquo;est pourquoi un effort sp\u00e9cifique sera demand\u00e9 aux plus hauts revenus et les niches fiscales seront supprim\u00e9es chaque fois qu&rsquo;elles seront constat\u00e9es comme injustes et inutiles\u00a0\u00bb, affirme Fran\u00e7ois Bayrou devant la CFDT.\u00a0<\/p>\n<p>\u00ab\u00a0D\u00c9MOCRATIE POLITIQUE\u00a0\u00bb14:51<\/p>\n<p>\u00ab\u00a0Il n&rsquo;est pas possible de r\u00e9pondre aux probl\u00e8mes aussi complexes d&rsquo;une nation en ayant pour r\u00e9f\u00e9rence unique la d\u00e9mocratie politique. La d\u00e9mocratie politique ne peut pas prendre en charge la totalit\u00e9 de la complexit\u00e9 d&rsquo;une soci\u00e9t\u00e9\u00a0\u00bb, mart\u00e8le Fran\u00e7ois Bayrou. \u00ab\u00a0Il ne reste, dans une telle soci\u00e9t\u00e9, que deux attitudes possibles : \u00eatre pour et contre\u00a0\u00bb, ajoute-t-il, estimant qu&rsquo;il y a un \u00ab\u00a0immense besoin de compl\u00e9mentarit\u00e9 entre d\u00e9mocratie sociale et d\u00e9mocratie politique\u00a0\u00bb.\u00a0<\/p>\n<p>LE POINT SUR LE POSITIONNEMENT LIOT14:47<\/p>\n<p>Comme pr\u00e9c\u00e9demment \u00e9voqu\u00e9, le groupe Liot ne devrait pas voter sa confiance \u00e0 Fran\u00e7ois Bayrou.\u00a0<\/p>\n<blockquote data-testid=\"EmbedTwitter\" id=\"tweet-1960321867715080534-:Rspqj5klcmj9n79m:\" class=\"jsx-aeff1a1c40f54d7a twitter-tweet flex justify-center items-center\"><p>#confiance \u00e0 Fran\u00e7ois Bayrou Le groupe pivot LIOT gu\u00e8re enthousiaste : seuls 2 d\u00e9put\u00e9s se disent pr\u00eats \u00e0 voter Pour, les autres optant soit pour le vote Contre, soit pour l&rsquo;abstention #DirectAN @LCI \u2014 Fr\u00e9d\u00e9ric Delpech (@fredericdelpech)  August 26, 2025<\/p><\/blockquote>\n<p>FRAN\u00c7OIS BAYROU \u00c9VOQUE UN \u00ab\u00a0MOMENT DE CLARIFICATION ET DE V\u00c9RIT\u00c9\u00a0\u00bb14:43<\/p>\n<p>\u00ab\u00a0La charge de la dette, dont nous accablons aujourd&rsquo;hui le Fran\u00e7ais au travail et les futures g\u00e9n\u00e9rations, va \u00e9craser les initiatives et, associ\u00e9e \u00e0 l&rsquo;effondrement d\u00e9mographique, mettre en p\u00e9ril le contrat social du pays\u00a0\u00bb, affirme Fran\u00e7ois Bayrou. \u00ab\u00a0Et donc j&rsquo;ai pris le risque de mettre devant leurs responsabilit\u00e9s les repr\u00e9sentants des Fran\u00e7ais \u00e0 l&rsquo;Assembl\u00e9e nationale. C&rsquo;est un moment de clarification et de v\u00e9rit\u00e9\u00a0\u00bb, ajoute le Premier ministre, qui fustige certains \u00ab\u00a0artisans du chaos\u00a0\u00bb.\u00a0\u00ab\u00a0Dans les 13 jours qui viennent, les Fran\u00e7ais vont choisir, influencer leurs repr\u00e9sentants pour qu&rsquo;ils choisissent et disent s&rsquo;ils se placent du c\u00f4t\u00e9 du chaos ou de la responsabilit\u00e9\u00a0\u00bb, souligne-t-il encore.\u00a0<\/p>\n<p>BAYROU DEVANT LA CFDT14:39<\/p>\n<p>Devant la CFDT, \u00e0 Boissy-la-Rivi\u00e8re, Fran\u00e7ois Bayrou appelle \u00e0 la \u00ab\u00a0conscience et \u00e0 la responsabilit\u00e9\u00a0\u00bb. Le Premier ministre fustige, au passage, une \u00ab\u00a0Europe (qui) appara\u00eet inconsistante et soumise\u00a0\u00bb, regrettant \u00ab\u00a0un effacement de l&rsquo;Europe\u00a0\u00bb.\u00a0\u00ab\u00a0Un nouveau monde est en gestation\u00a0\u00bb, ajoute-t-il.\u00a0<\/p>\n<p>BAYROU COMBATTIF14:27<\/p>\n<p>\u00ab\u00a0Je n&rsquo;ai pas choisi cette voie du vote de confiance. J&rsquo;ai seulement conclu qu&rsquo;il n&rsquo;y en avait pas d&rsquo;autres, car je ne voulais pas d&rsquo;un projet d\u00e9pec\u00e9 centim\u00e8tre carr\u00e9 par centim\u00e8tre carr\u00e9\u00a0\u00bb, affirme Fran\u00e7ois Bayrou dans les colonnes de L&rsquo;Express. \u00ab\u00a0Je crois que nous sommes devant l&rsquo;histoire. Nous avons quinze jours pour cr\u00e9er un d\u00e9bat national sur le sujet (de la dette), et mettre chacun devant ses responsabilit\u00e9s\u00a0\u00bb, ajoute-t-il. \u00ab\u00a0Je me battrai comme un chien\u00a0\u00bb, mart\u00e8le le Premier ministre.\u00a0<\/p>\n<p>POSITION DE LIOT 14:06<\/p>\n<p>\u00c0 l&rsquo;issue de la r\u00e9union du groupe Liot, la grande majorit\u00e9 des d\u00e9put\u00e9s ne voteront pas la confiance dans le gouvernement, a appris TF1-LCI. Les voix devraient se r\u00e9partir \u00e0 peu pr\u00e8s \u00e9quitablement entre abstention et vote contre, \u00e0 quelques exceptions pr\u00e8s, a indiqu\u00e9 le pr\u00e9sident du groupe Laurent Panifous.<\/p>\n<p>\u00ab\u00a0PAS LA CATA\u00a0\u00bb13:30<\/p>\n<p>\u00ab\u00a0Nous sommes dans un monde qui est monde satur\u00e9 d\u2019alertes, de sir\u00e8nes, de chantage et de grands mots. Et tout le monde est fatigu\u00e9. Je suis d\u2019accord pour dire que sur la question de la dette il y a un probl\u00e8me mais ce n\u2019est pas la cata, il faut relativiser\u00a0\u00bb, estime C\u00e9cile Duflot sur RMC. \u00ab\u00a0Et puis il y a une contradiction : si c\u2019est si grave, est-ce que l\u2019urgence, c\u2019est de tout mettre sur sa personne et de demander un vote de confiance ? \u00ab\u00a0, interroge l&rsquo;ancienne Ministre du Partenariat avec les territoires et de la D\u00e9centralisation et ancienne secr\u00e9taire g\u00e9n\u00e9rale des \u00c9cologistes.\u00a0<\/p>\n<p>CIOTTI CRITIQUE AUSSI LR13:20<\/p>\n<p>\u00ab\u00a0Triste spectacle pour LR, prisonniers du macronisme qu\u2019ils doivent soutenir jusqu\u2019aux enfers de l\u2019incomp\u00e9tence\u00a0\u00bb, r\u00e9agit \u00c9ric Ciotti, ancien pr\u00e9sident de LR et d\u00e9sormais alli\u00e9 au Rassemblement national.\u00a0<\/p>\n<blockquote data-testid=\"EmbedTwitter\" id=\"tweet-1960289868577132880-:Rsq6j5klcmj9n79m:\" class=\"jsx-aeff1a1c40f54d7a twitter-tweet flex justify-center items-center\"><p>Triste spectacle pour LR, prisonniers du macronisme qu\u2019ils doivent soutenir jusqu\u2019aux enfers de l\u2019incomp\u00e9tence.  https:\/\/t.co\/dxtpridCfW \u2014 Eric Ciotti (@eciotti)  August 26, 2025<\/p><\/blockquote>\n<p>\u00ab\u00a0LA VOIE DU RENONCEMENT\u00a0\u00bb 12:44<\/p>\n<p>Jordan Bardella critique vivement dans <a href=\"https:\/\/x.com\/j_bardella\/status\/1960290156897792455?s=12\" target=\"_blank\">un post sur X (nouvelle fen\u00eatre)<\/a> le choix des R\u00e9publicains d&rsquo;accorder leur confiance au gouvernement actuel \u00ab\u00a0qui fait tant souffrir les Fran\u00e7ais\u00a0\u00bb. Il estime que \u00ab\u00a0Les R\u00e9publicains ont choisi la voie du renoncement\u00a0\u00bb et \u00ab\u00a0appelle les \u00e9lecteurs de droite \u00e0 ne pas se laisser dissoudre dans le macronisme qui a mis le pays en faillite\u00a0\u00bb, selon lui.<\/p>\n<p>\u00ab\u00a015 JOURS POUR CONVAINCRE\u00a0\u00bb12:13<\/p>\n<p>\u00ab\u00a0On a 15 jours pour convaincre. 15 jours pour qu&rsquo;une prise de conscience soit possible\u00a0\u00bb, assure aux membres du socle commun Fran\u00e7ois Bayrou, a appris TF1-LCI. Pour l&rsquo;heure, le Premier ministre, qui a sollicit\u00e9 un vote de confiance \u00e0 l&rsquo;Assembl\u00e9e nationale, se trouve dans une position des plus p\u00e9rilleuses.\u00a0<\/p>\n<p>BUREAU DU PS12:11<\/p>\n<p>Le Bureau national du PS se r\u00e9unit ce mardi, \u00e0 partir de 18h30, en visioconf\u00e9rence, a appris TF1\/LCI.\u00a0<\/p>\n<p>LA GAUCHE, \u00ab\u00a0PR\u00caTE \u00c0 GOUVERNER\u00a0\u00bb11:54<\/p>\n<p>\u00ab\u00a0Emmanuel Macron a nomm\u00e9 contre le vote des Fran\u00e7ais deux Premiers ministres de son camp, pour autant d&rsquo;\u00e9checs\u00a0\u00bb, pointe Marine Tondelier. \u00ab\u00a0Apr\u00e8s la chute annonc\u00e9e de Fran\u00e7ois Bayrou, il devra enfin choisir la force arriv\u00e9e en t\u00eate aux l\u00e9gislatives de juin 2024. Avec nos partenaires politiques de gauche, nous sommes pr\u00eats \u00e0 gouverner\u00a0\u00bb, assure la secr\u00e9taire nationale de \u00c9cologistes.\u00a0<\/p>\n<blockquote data-testid=\"EmbedTwitter\" id=\"tweet-1960224204734750849-:Rsqej5klcmj9n79m:\" class=\"jsx-aeff1a1c40f54d7a twitter-tweet flex justify-center items-center\"><p>Emmanuel Macron a nomm\u00e9 contre le vote des fran\u00e7ais deux Premiers ministres de son camp, pour autant d&rsquo;\u00e9checs. Apr\u00e8s la chute annonc\u00e9e de Fran\u00e7ois Bayrou, il devra enfin choisir la force arriv\u00e9e en t\u00eate aux l\u00e9gislatives de juin 2024. Avec nos partenaires politiques de gauche,\u2026  pic.twitter.com\/sGyMJsVQaL \u2014 Marine Tondelier (@marinetondelier)  August 26, 2025<\/p><\/blockquote>\n<p>UNE MOTION DE DESTITUTION CONTRE MACRON11:52<\/p>\n<p>Invit\u00e9 de France Inter ce mardi 26 ao\u00fbt, Jean-Luc M\u00e9lenchon dit esp\u00e9rer que le vote de confiance sollicit\u00e9 par Fran\u00e7ois Bayrou marque la fin de son passage \u00e0 Matignon. Mais surtout, le leader de La France Insoumise r\u00e9clame le d\u00e9part d&rsquo;Emmanuel Macron, incarnation du \u00ab\u00a0chaos\u00a0\u00bb.<\/p>\n<p>Politique<img decoding=\"async\" src=\"https:\/\/www.europesays.com\/fr\/wp-content\/uploads\/2025\/08\/melenchon-2025-285a56-0@1x.jpeg\" alt=\"&quot;Il doit s'en aller&quot; : M\u00e9lenchon annonce le d\u00e9p\u00f4t d'une nouvelle motion de destitution contre Emmanuel Macron\" loading=\"lazy\" importance=\"low\" fetchpriority=\"low\" class=\"\" aria-hidden=\"true\"\/>Publi\u00e9 aujourd&rsquo;hui \u00e0 11h17AUTAIN FUSTIGE M\u00c9LENCHON 11:46<\/p>\n<p>\u00ab\u00a0Jean-Luc M\u00e9lenchon acte l&rsquo;isolement de LFI, comme si seuls les insoumis pouvaient gagner et \u00eatre la solution. C&rsquo;est irresponsable\u00a0\u00bb, fustige Cl\u00e9mentine Autain, co-fondatrice de Apr\u00e8s. \u00ab\u00a0L&rsquo;acc\u00e9l\u00e9ration de l&rsquo;histoire, avec la menace d&rsquo;un fascisme 2.0, l&rsquo;explosion des in\u00e9galit\u00e9s, l&rsquo;urgence climatique, la crise de r\u00e9gime en France, exige une strat\u00e9gie nouvelle : l&rsquo;union des gauches et des \u00e9cologistes. Cette strat\u00e9gie a \u00e9t\u00e9 \u00e9prouv\u00e9e avec le NFP qui nous a port\u00e9 en t\u00eate, en rassemblant 9 millions d&rsquo;\u00e9lecteurs\/trices\u00a0\u00bb, mart\u00e8le l&rsquo;ex-\u00e9lue LFI.\u00a0<\/p>\n<blockquote data-testid=\"EmbedTwitter\" id=\"tweet-1960249891835290091-:Rsqij5klcmj9n79m:\" class=\"jsx-aeff1a1c40f54d7a twitter-tweet flex justify-center items-center\"><p>Jean-Luc M\u00e9lenchon  @franceinter acte l&rsquo;isolement de LFI, comme si seuls les insoumis pouvaient gagner et \u00eatre la solution.  C&rsquo;est irresponsable. L&rsquo;acc\u00e9l\u00e9ration de l&rsquo;histoire, avec la menace d&rsquo;un fascisme 2.0, l&rsquo;explosion des in\u00e9galit\u00e9s, l&rsquo;urgence climatique, la crise de r\u00e9gime\u2026 \u2014 Cl\u00e9mentine Autain (@Clem_Autain)  August 26, 2025<\/p><\/blockquote>\n<p>LA R\u00c9ACTION DE LR11:43<\/p>\n<p>\u00ab\u00a0La droite fran\u00e7aise ne peut s&rsquo;associer au carter du d\u00e9ni et aux d\u00e9magogues qui refusent de voir la r\u00e9alit\u00e9 en face. Nous sommes rentr\u00e9es au gouvernement pour \u00e9viter le chaos et l&rsquo;extr\u00eame gauche, il serait irresponsable de pr\u00e9cipiter le pays dans une crise financi\u00e8re majeure\u00a0\u00bb, r\u00e9agit Bruno Retailleau, apr\u00e8s une r\u00e9union des responsables parlementaires et des ministres du parti.\u00a0<\/p>\n<p>\u00ab\u00a0Voter pour la chute du gouvernement, ce serait voter contre les int\u00e9r\u00eats de la France\u00a0\u00bb, estiment encore Les R\u00e9publicains, qui donneront donc leur confiance \u00e0 Fran\u00e7ois Bayrou le 8 septembre. Ce vote ne \u00ab\u00a0veut pas dire pour autant que toutes les mesures budg\u00e9taires propos\u00e9es nous convenaient\u00a0\u00bb, ajoutent-ils, dans un communiqu\u00e9.\u00a0<\/p>\n<blockquote data-testid=\"EmbedTwitter\" id=\"tweet-1960274820882387454-:Rsqkj5klcmj9n79m:\" class=\"jsx-aeff1a1c40f54d7a twitter-tweet flex justify-center items-center\"><p>La droite ne s\u2019associera pas aux d\u00e9magogues \u2b07\ufe0f Notre communiqu\u00e9 de presse  pic.twitter.com\/2XSVkrgS3M \u2014 les R\u00e9publicains (@lesRepublicains)  August 26, 2025<\/p><\/blockquote>\n<p>\u00ab\u00a0AUCUNE CHANCE\u00a0\u00bb11:16<\/p>\n<p>\u00ab\u00a0La premi\u00e8re r\u00e9action des oppositions montre qu&rsquo;\u00e0 ce stade, il n&rsquo;y avait aucune chance de passer le budget, on a bien fait d&rsquo;anticiper\u00a0\u00bb, affirme Fran\u00e7ois Bayrou aux responsables du socle commun, a appris TF1\/LCI.\u00a0\u00ab\u00a0On a bien fait d&rsquo;anticiper\u00a0\u00bb, juge-t-il.\u00a0<\/p>\n<p>\u00a0<\/p>\n<p>PARTI DE BERNARD CAZENEUVE11:04<\/p>\n<p>Bernard Cazeneuve r\u00e9unit les troupes de son parti La Convention aujourd&rsquo;hui \u00e0 18h, a appris TF1\/LCI. Une visioconf\u00e9rence pour \u00ab\u00a0parler du contexte politique actuel\u00a0\u00bb est pr\u00e9vue.\u00a0<\/p>\n<blockquote data-testid=\"EmbedTwitter\" id=\"tweet-1960264877710127218-:Rsqoj5klcmj9n79m:\" class=\"jsx-aeff1a1c40f54d7a twitter-tweet flex justify-center items-center\"><p>\ud83e\udd14 Bernard  #Cazeneuve r\u00e9unit les troupes de son parti \u00a0\u00bb @LaConventionBC \u00a0\u00bb aujourd&rsquo;hui \u00e0 18h. Une visioconf\u00e9rence pour parler du contexte politique actuel. (Sources concordantes \u00e0 TF1-LCI)  @TF1Info @LCI \u2014 Mathilde Guenegan (@mguenegan)  August 26, 2025<\/p><\/blockquote>\n<p>BAYROU N&rsquo;EXCLUT PAS UNE DISSOLUTION 10:57<\/p>\n<p>\u00ab\u00a0Le Pr\u00e9sident ne la souhaite pas mais on ne peut jamais l&rsquo;exclure, tout est possible\u00a0\u00bb, a affirm\u00e9, selon les informations de TF1-LCI, Fran\u00e7ois Bayrou aux responsables du socle commun, au sujet d&rsquo;une possible dissolution de l&rsquo;Assembl\u00e9e nationale.<\/p>\n<p>L&rsquo;INQUI\u00c9TUDE DE GLUCKSMANN10:18<\/p>\n<p>\u00ab\u00a0Aujourd\u2019hui, je suis inquiet pour notre nation et sa d\u00e9mocratie. Nous vivons depuis la dissolution du 9 juin 2024 une crise politique permanente et Fran\u00e7ois Bayrou, hier, a pr\u00e9cipit\u00e9 la chute de son gouvernement\u00a0\u00bb, juge Rapha\u00ebl Glucksmann. \u00ab\u00a0En annon\u00e7ant un vote de confiance avant toute n\u00e9gociation s\u00e9rieuse avec les forces politiques, toute prise en compte du rapport de forces dans la soci\u00e9t\u00e9, tout changement possible du budget qu\u2019il a esquiss\u00e9 en juillet, le Premier Ministre saborde la moindre chance de compromis\u00a0\u00bb, ajoute le leader de Place publique, qui ne peut \u00ab\u00a0que refuser la confiance qui est demand\u00e9e a priori, comme un ch\u00e8que en blanc\u00a0\u00bb.\u00a0<\/p>\n<blockquote data-testid=\"EmbedTwitter\" id=\"tweet-1960228238363418719-:Rsqsj5klcmj9n79m:\" class=\"jsx-aeff1a1c40f54d7a twitter-tweet flex justify-center items-center\"><p>1. Aujourd\u2019hui, je suis inquiet pour notre nation et sa d\u00e9mocratie.  Nous vivons depuis la dissolution du 9 juin 2024 une crise politique permanente et Fran\u00e7ois Bayrou, hier, a pr\u00e9cipit\u00e9 la chute de son gouvernement. \ud83e\uddf6\u2935\ufe0f \u2014 Raphael Glucksmann (@rglucks1)  August 26, 2025<\/p><\/blockquote>\n<p>MIGNOLA CRITIQUE M\u00c9LENCHON 09:45<\/p>\n<p>\u00ab\u00a0La strat\u00e9gie de Jean-Luc M\u00e9lenchon est de faire tomber tous les gouvernements les uns apr\u00e8s les autres\u00a0\u00bb, d\u00e9nonce sur Franceinfo le ministre d\u00e9l\u00e9gu\u00e9 charg\u00e9 des Relations avec le Parlement, Patrick Mignola.\u00a0<\/p>\n<p>NETTE BAISSE EN BOURSE09:36<\/p>\n<p>Apr\u00e8s une cl\u00f4ture en recul lundi soir, le CAC 40 perdait davantage que les autres places europ\u00e9ennes ce mardi \u00e0 l&rsquo;ouverture des march\u00e9s. La cons\u00e9quence directe de la d\u00e9cision de Fran\u00e7ois Bayrou de solliciter la confiance de l&rsquo;Assembl\u00e9e nationale le 8 septembre prochain.<\/p>\n<p>\u00c9conomie<img decoding=\"async\" src=\"https:\/\/www.europesays.com\/fr\/wp-content\/uploads\/2025\/08\/bourse-cac40-456-fdcdcc-0@1x.jpeg\" alt=\"L'avenir du gouvernement Bayrou incertain, la Bourse de Paris ouvre en nette baisse\" loading=\"lazy\" importance=\"low\" fetchpriority=\"low\" class=\"\" aria-hidden=\"true\"\/>Publi\u00e9 aujourd&rsquo;hui \u00e0 9h27LA BOURSE D\u00c9VISSE09:21<\/p>\n<p>La Bourse de Paris a ouvert en net recul mardi, plomb\u00e9e par les incertitudes li\u00e9es \u00e0 la situation politique et budg\u00e9taire en France.<\/p>\n<p>Vers 9h05, dans les premiers \u00e9changes, le CAC 40 &#8211; qui avait d\u00e9j\u00e0 termin\u00e9 en baisse de 1,59% lundi &#8211; perdait 1,36%. C&rsquo;est bien davantage que les autres places europ\u00e9ennes, Francfort c\u00e9dait 0,63%, Londres 0,58% et Milan 0,80%. Ce qui est particuli\u00e8rement frappant, c&rsquo;est que les actions des banques chutent nettement, plomb\u00e9es par les titres de dette fran\u00e7aise qu&rsquo;elles d\u00e9tiennent en masse.\u00a0<\/p>\n<p>UN COUP DE POKER09:18<\/p>\n<p>Pour Alba Ventura, le fait de solliciter le vote de confiance \u00e0 l&rsquo;Assembl\u00e9e nationale est un v\u00e9ritable \u00ab\u00a0coup de poker\u00a0\u00bb de la part de Fran\u00e7ois Bayrou.\u00a0<\/p>\n<p>Voir plus<\/p>\n<p>LE \u00ab\u00a0COURAGE\u00a0\u00bb DE BAYROU08:59<\/p>\n<p>\u00ab\u00a0C&rsquo;est un moment o\u00f9 le Premier ministre a eu le courage de mettre sur la table, de mani\u00e8re extr\u00eamement claire, la situation du pays\u00a0\u00bb, juge Philippe Baptiste, ministre charg\u00e9 de l&rsquo;Enseignement sup\u00e9rieur et de la Recherche. \u00ab\u00a0Chaque personne en France a une dette de 50 000 euros\u00a0\u00bb, rappelle encore le ministre sur les ondes de France Inter.\u00a0<\/p>\n<p>\u00ab\u00a0\u00c9CHAPPER AU D\u00c9BAT\u00a0\u00bb08:57<\/p>\n<p>Patrick Mignola regrette que le vote de confiance annonc\u00e9 par Fran\u00e7ois Bayrou soit consid\u00e9r\u00e9 comme un \u00ab\u00a0sujet politique\u00a0\u00bb. \u00ab\u00a0Ce n&rsquo;est pas un sujet politique, c&rsquo;est un sujet budg\u00e9taire\u00a0\u00bb, d\u00e9plore le ministre charg\u00e9 des Relations avec le Parlement. \u00ab\u00a0Les oppositions essayent d&rsquo;\u00e9chapper au d\u00e9bat et ne veulent pas rentrer dans des n\u00e9gociations. Ils veulent transformer l&rsquo;appel \u00e0 la responsabilit\u00e9 que nous faisons en un vote de confiance \u00e0 Fran\u00e7ois Bayrou\u00a0\u00bb, poursuit le ministre, interrog\u00e9 par Franceinfo.\u00a0<\/p>\n<p>\u00ab\u00a0PAS LE DIALOGUE, LA LIQUIDATION\u00a0\u00bb08:55<\/p>\n<p>Fran\u00e7ois Bayrou a \u00ab\u00a0choisi l&rsquo;esquive, la d\u00e9robade, il n&rsquo;est pas dans l&rsquo;action, il est dans la d\u00e9mission\u00a0\u00bb, estime sur BFMTV\/RMC Borris Vallaud, le pr\u00e9sident du groupe socialiste \u00e0 l&rsquo;Assembl\u00e9e nationale. \u00ab\u00a0Il ne choisit pas le dialogue, il choisit la liquidation\u00a0\u00bb, mart\u00e8le-t-il.\u00a0<\/p>\n<p>PAS D&rsquo;H\u00c9SITATION AU RN 08:44<\/p>\n<p>Le Rassemblement national n&rsquo;a \u00ab\u00a0pas h\u00e9sit\u00e9 une seconde\u00a0\u00bb hier \u00e0 choisir de ne pas voter la confiance \u00e0 Fran\u00e7ois Bayrou le 8 septembre, affirme sur CNews S\u00e9bastien Chenu. \u00ab\u00a0Marine Le Pen est d\u00e9termin\u00e9e, car elle pense \u00e0 l&rsquo;int\u00e9r\u00eat sup\u00e9rieur du pays. (&#8230;) Nous, nous croyons que les Fran\u00e7ais veulent une autre politique\u00a0\u00bb, poursuit le vice-pr\u00e9sident du parti, qualifiant la politique du Premier ministre d'\u00a0\u00bbimmobilisme insatisfait\u00a0\u00bb.\u00a0<\/p>\n<p>M\u00c9LENCHON SUR LE VOTE DE CONFIANCE08:42<\/p>\n<p>\u00ab\u00a0Sa r\u00e9ponse me para\u00eet digne. Enfin, on revient \u00e0 des m\u0153urs r\u00e9publicaines\u00a0\u00bb, d\u00e9clare Jean-Luc M\u00e9lenchon, saluant le vote de confiance demand\u00e9 par Fran\u00e7ois Bayrou. \u00ab\u00a0Il y a un doute sur la solidarit\u00e9 politique dont il peut disposer et il demande son avis \u00e0 l&rsquo;Assembl\u00e9e. C&rsquo;est la premi\u00e8re fois depuis cinq ans\u00a0\u00bb, ajoute le chef de file de la France Insoumise sur France Inter.\u00a0<\/p>\n<p>Pour Jean-Luc M\u00e9lenchon, c&rsquo;est \u00e0 Emmanuel Macron de \u00ab\u00a0partir\u00a0\u00bb dans ce contexte de \u00ab\u00a0crise globale\u00a0\u00bb. \u00ab\u00a0La politique de l&rsquo;offre a \u00e9chou\u00e9, le pr\u00e9sident Macron a toujours dit qu&rsquo;il n&rsquo;en changerait pas, c&rsquo;est sa politique qui est en cause. La solution r\u00e9publicaine, (c&rsquo;est que le pr\u00e9sident de la R\u00e9publique) assume sa responsabilit\u00e9 devant le vote des \u00e9lecteurs\u00a0\u00bb, estime encore l&rsquo;ancien candidat \u00e0 l&rsquo;\u00e9lection pr\u00e9sidentielle, appelant \u00e0 la d\u00e9mission du chef de l&rsquo;\u00c9tat.\u00a0\u00ab\u00a0Il y a un an, nous d\u00e9posions une motion pour demander (s)a destitution\u00a0\u00bb et \u00ab\u00a0je vous informe que nous allons recommencer le 23 septembre et d\u00e9poser une motion de destitution\u00a0\u00bb, indique-t-il encore.\u00a0<\/p>\n<p>Budget 2026 : la r\u00e9action de Jean-Luc M\u00e9lenchonSource : TF1 Info<\/p>\n<p><img decoding=\"async\" src=\"https:\/\/www.europesays.com\/fr\/wp-content\/uploads\/2025\/08\/budget-2026-la-reaction-de-jean-luc-melenchon-9823bc-0@1x.jpeg\" alt=\"Budget 2026 : la r\u00e9action de Jean-Luc M\u00e9lenchon\" loading=\"lazy\" importance=\"low\" fetchpriority=\"low\" class=\"\"\/><img decoding=\"async\" src=\"https:\/\/www.tf1info.fr\/images\/icons\/player-logo-play.svg\" alt=\"Logo lecture\" class=\"jsx-d0de44c05fe3042c PlayerLazyload__Play\"\/>L&rsquo;HYPOTH\u00c8SE D&rsquo;UNE NOUVELLE DISSOLUTION08:19<\/p>\n<p>Selon G\u00e9rald Darmanin, \u00ab\u00a0il vaut mieux pouvoir trouver un compromis\u00a0\u00bb mais \u00ab\u00a0il ne faut pas \u00e9carter\u00a0\u00bb l&rsquo;hypoth\u00e8se d&rsquo;une dissolution dans les semaines \u00e0 venir, en cas de chute du gouvernement. \u00ab\u00a0Le Premier ministre est ouvert \u00e0 la discussion, il a dit qu&rsquo;il \u00e9tait pr\u00eat \u00e0 recevoir tous les groupes politiques et tous les partenaires sociaux\u00a0\u00bb, ajoute-t-il sur France 2.\u00a0<\/p>\n<p>Concernant le vote de confiance, le ministre de la Justice estime qu&rsquo;il s&rsquo;agit \u00ab\u00a0d&rsquo;un acte extr\u00eamement courageux et tr\u00e8s d\u00e9mocratique\u00a0\u00bb, rejetant l&rsquo;id\u00e9e d&rsquo;une initiative \u00ab\u00a0suicidaire\u00a0\u00bb.\u00a0<\/p>\n<p>UNE MARGE MAIS&#8230; 08:17<\/p>\n<p>\u00ab\u00a0Il y a une marge de n\u00e9gociation sur le partage de l&rsquo;effort\u00a0\u00bb mais \u00ab\u00a0sur les 44 milliards (d&rsquo;\u00e9conomies \u00e0 trouver), je suis tr\u00e8s ferme\u00a0\u00bb, assure le ministre de l&rsquo;\u00c9conomie, \u00c9ric Lombard, sur FranceInter. \u00ab\u00a0Il nous faut collectivement trouver un chemin afin de pr\u00e9parer un budget de redressement pour 2026\u00a0\u00bb, mart\u00e8le-t-il.\u00a0<\/p>\n<p>Selon le ministre, l&rsquo;ex\u00e9cutif est \u00ab\u00a0\u00e0 la bataille pour avoir une majorit\u00e9 le 8 septembre\u00a0\u00bb.\u00a0<\/p>\n<p>LA POSITION DE PLACE PUBLIQUE08:12<\/p>\n<p>\u00ab\u00a0Alors que nous avions, comme d\u2019autres, annonc\u00e9 que nous pr\u00e9senterions des propositions alternatives \u00e0 la rentr\u00e9e, le Premier ministre fait le choix du passage en force en reprenant un volume d\u2019\u00e9conomies de plus de 40 milliards d\u2019euros qui n\u2019est pas soutenable pour notre \u00e9conomie et r\u00e9parti de fa\u00e7on totalement injuste\u00a0\u00bb, d\u00e9nonce Place publique. \u00ab\u00a0En demandant un blanc seing, ce qu\u2019aucun Gouvernement en majorit\u00e9 relative n\u2019a fait depuis des dizaines d\u2019ann\u00e9es\u00a0\u00bb, Fran\u00e7ois Bayrou \u00ab\u00a0fait le choix de la crise\u00a0\u00bb, ajoute le parti de Rapha\u00ebl Glucksmann, qui dispose de deux d\u00e9put\u00e9s \u00e0 l&rsquo;Assembl\u00e9e, estimant que \u00ab\u00a0l&rsquo;appel \u00e0 la responsabilit\u00e9 ne peut seul suffire \u00e0 lui accorder la confiance\u00a0\u00bb.\u00a0<\/p>\n<p>\u00ab\u00a0Comme pour la dissolution voulue l\u2019an dernier par le pr\u00e9sident de la R\u00e9publique, la pr\u00e9cipitation des \u00e9ch\u00e9ances va conduire \u00e0 une impasse d\u00e9mocratique\u00a0\u00bb, d\u00e9plore la formation politique. Elle assure \u00ab\u00a0avec gravit\u00e9 et lucidit\u00e9 sur les cons\u00e9quences de cette nouvelle crise politique\u00a0\u00bb, qu&rsquo;elle \u00ab\u00a0ne peut que refuser sa confiance a priori \u00e0 un gouvernement qui s\u2019exon\u00e8re du dialogue r\u00e9publicain et sinc\u00e8re qui seul permet de construire un chemin\u00a0\u00bb.<\/p>\n<p>\u00ab\u00a0\u00c9COUTEZ LA QUESTION\u00a0\u00bb08:11<\/p>\n<p>\u00ab\u00a0La question pos\u00e9e est : est-ce que la situation est grave et la dimension de l&rsquo;effort propos\u00e9, acceptable ? Je crois que les oppositions doivent bien \u00e9couter la question. S&rsquo;ils votent contre ce constat, ils risquent de nous plonger dans l&rsquo;instabilit\u00e9 et la crise, ils en seraient redevables devant les Fran\u00e7ais\u00a0\u00bb, mart\u00e8le Fran\u00e7ois-No\u00ebl Barrot, le vice-pr\u00e9sident du MoDem et ministre des Affaires \u00e9trang\u00e8res, sur RTL. Selon lui, la volont\u00e9 de Fran\u00e7ois Bayrou de solliciter un vote de confiance \u00e0 l&rsquo;Assembl\u00e9e nationale est \u00ab\u00a0un acte de courage et de lucidit\u00e9\u00a0\u00bb.\u00a0<\/p>\n<blockquote data-testid=\"EmbedTwitter\" id=\"tweet-1960217971768344854-:Recij9klcmj9n79m:\" class=\"jsx-aeff1a1c40f54d7a twitter-tweet flex justify-center items-center\"><p>Vote de confiance : \u00ab\u00a0S&rsquo;ils devaient voter contre, ils en seraient redevables devant les Fran\u00e7ais\u00a0\u00bb @jnbarrot , ministre de l&rsquo;Europe et des Affaires \u00e9trang\u00e8res, invit\u00e9 de  @ThomasSotto dans  #RTLMatin pic.twitter.com\/qqdEZMVLy7 \u2014 RTL France (@RTLFrance)  August 26, 2025<\/p><\/blockquote>\n<p>DARMANIN EN 2027 ? IL BOTTE EN TOUCHE07:52<\/p>\n<p>\u00ab\u00a0On verra bien\u00a0\u00bb, r\u00e9pond G\u00e9rald Darmanin, apr\u00e8s avoir \u00e9t\u00e9 interrog\u00e9 sur France 2 au sujet d&rsquo;une \u00e9ventuelle candidature \u00e0 la prochaine \u00e9lection pr\u00e9sidentielle. \u00ab\u00a0Deux ans, c&rsquo;est \u00e9norme pour les Fran\u00e7ais\u00a0\u00bb, juge encore le ministre de la Justice.\u00a0<\/p>\n<p>QUELLE DIRECTION BUDG\u00c9TAIRE ? 07:47<\/p>\n<p>Fran\u00e7ois Bayrou \u00ab\u00a0pose la question essentielle &lsquo;dans quelle direction voulez-vous allez dans ce budget ?&rsquo; (&#8230;) La question, c&rsquo;est \u00e7a, ce n&rsquo;est pas de dire &lsquo;est-ce que vous \u00eates d&rsquo;accord avec la politique que nous avons men\u00e9e depuis huit ans'\u00a0\u00bb, affirme la pr\u00e9sidente de l&rsquo;Assembl\u00e9e nationale, Ya\u00ebl Braun-Pivet.\u00a0\u00ab\u00a0Ce que pose Fran\u00e7ois Bayrou, c&rsquo;est la vision d&rsquo;ensemble de ce budget (&#8230;) N&rsquo;importe quel autre gouvernement, s&rsquo;il a une once de responsabilit\u00e9 proposera la m\u00eame trajectoire de r\u00e9duction des d\u00e9ficits\u00a0\u00bb, mart\u00e8le-t-elle.<\/p>\n<p>Alors, un accord est-il encore possible concernant le budget 2026, avant le vote de confiance qui peut pr\u00e9cipiter la fin du gouvernement ? \u00ab\u00a0Je crois que tout parti politique qui aspire \u00e0 gouverner notre pays ne peut pas refuser de r\u00e9duire la dette, ce serait totalement irresponsable. La question qui se pose aujourd&rsquo;hui, ce n&rsquo;est pas la mani\u00e8re, c&rsquo;est l&rsquo;objectif\u00a0\u00bb, juge la d\u00e9put\u00e9e, promettant que \u00ab\u00a0tout se discutera\u00a0\u00bb et que Fran\u00e7ois Bayrou \u00ab\u00a0est pr\u00eat \u00e0 faire des concessions\u00a0\u00bb.\u00a0<\/p>\n<blockquote data-testid=\"EmbedTwitter\" id=\"tweet-1960216956344099265-:Recmj9klcmj9n79m:\" class=\"jsx-aeff1a1c40f54d7a twitter-tweet flex justify-center items-center\"><p>Vote de confiance : Fran\u00e7ois Bayrou \u00ab\u00a0pose la question essentielle &lsquo;dans quelle direction voulez-vous allez dans ce budget ?&rsquo; (&#8230;) La question c&rsquo;est \u00e7a, ce n&rsquo;est pas de dire &lsquo;est-ce que vous \u00eates d&rsquo;accord avec la politique que nous avons men\u00e9e depuis huit ans'\u00a0\u00bb,  @YaelBRAUNPIVET pic.twitter.com\/sU1NdNwkJo \u2014 TF1Info (@TF1Info)  August 26, 2025<\/p><\/blockquote>\n<p>BRAUN-PIVET SUR TF107:38<\/p>\n<p>Ya\u00ebl Braun-Pivet, la pr\u00e9sidente de l&rsquo;Assembl\u00e9e nationale, est l&rsquo;invit\u00e9e de TF1 ce mardi matin.\u00a0<\/p>\n<blockquote data-testid=\"EmbedTwitter\" id=\"tweet-1960007059593728107-:Recoj9klcmj9n79m:\" class=\"jsx-aeff1a1c40f54d7a twitter-tweet flex justify-center items-center\"><p>\ud83d\udd34 \ud835\udc03\ud835\udc1e\ud835\udc26\ud835\udc1a\ud835\udc22\ud835\udc27 \ud83d\udde3\ufe0f L&rsquo;invit\u00e9e d&rsquo;\ud835\udc04\ud835\udc27 \ud835\udc13\ud835\udc28\ud835\udc2e\ud835\udc2d\ud835\udc1e \ud835\udc05\ud835\udc2b\ud835\udc1a\ud835\udc27\ud835\udc1c\ud835\udc21\ud835\udc22\ud835\udc2c\ud835\udc1e avec \ud835\udc00\ud835\udc1d\ud835\udc2b\ud835\udc22\ud835\udc1e\ud835\udc27 \ud835\udc06\ud835\udc22\ud835\udc27\ud835\udc1d\ud835\udc2b\ud835\udc1e ( @agindre ) sera \ud835\udc18\ud835\udc1a\ud835\udc1e\u0308\ud835\udc25 \ud835\udc01\ud835\udc2b\ud835\udc1a\ud835\udc2e\ud835\udc27-\ud835\udc0f\ud835\udc22\ud835\udc2f\ud835\udc1e\ud835\udc2d ( @YaelBRAUNPIVET ), pr\u00e9sidente de l\u2019Assembl\u00e9e nationale. \u23f0  #EnTouteFranchise : d\u00e8s 7h35 dans  #BonjourLaMatinaleTF1 pic.twitter.com\/XkHMsYxsFc \u2014 TF1Info (@TF1Info)  August 25, 2025<\/p><\/blockquote>\n<p>APPEL AU D\u00c9BAT PUBLIC07:21<\/p>\n<p>Le gouverneur de la Banque de France, Fran\u00e7ois Villeroy de Galhau, appelle mardi \u00e0 \u00ab\u00a0un vrai d\u00e9bat public\u00a0\u00bb sur la dette et les \u00ab\u00a0mesures \u00e0 prendre\u00a0\u00bb pour en sortir. \u00ab\u00a0Nous ne pourrons pas sortir sans effort de cette situation difficile. L&rsquo;important, c&rsquo;est que cet effort soit le plus juste et partag\u00e9 possible\u00a0\u00bb, affirme-t-il.\u00a0<\/p>\n<p>LA CARTE DU VOTE DE CONFIANCE07:01<\/p>\n<p>Fran\u00e7ois Bayrou va solliciter le 8 septembre la confiance de l&rsquo;Assembl\u00e9e nationale. Il abat une p\u00e9rilleuse carte pour faire adopter son plan d&rsquo;\u00e9conomies budg\u00e9taires. Son gouvernement semble toutefois vou\u00e9 \u00e0 tomber tant les oppositions refusent unanimement de lui accorder un sursis.<\/p>\n<p>LES R\u00c9ACTIONS DE L&rsquo;OPPOSITION06:48<\/p>\n<p>De LFI au PS, plusieurs partis ont r\u00e9agi rapidement hier apr\u00e8s les annonces de Fran\u00e7ois Bayrou lors d&rsquo;une conf\u00e9rence de presse de rentr\u00e9e ax\u00e9e sur le budget 2026.\u00a0<\/p>\n<p>Bayrou : le compte \u00e0 rebours est lanc\u00e9Source : TF1 Info<\/p>\n<p><img decoding=\"async\" src=\"https:\/\/www.europesays.com\/fr\/wp-content\/uploads\/2025\/08\/bayrou-le-compte-a-rebours-est-lance-6392c3-0@1x.jpeg\" alt=\"Bayrou : le compte \u00e0 rebours est lanc\u00e9\" loading=\"lazy\" importance=\"low\" fetchpriority=\"low\" class=\"\"\/><img decoding=\"async\" src=\"https:\/\/www.tf1info.fr\/images\/icons\/player-logo-play.svg\" alt=\"Logo lecture\" class=\"jsx-d0de44c05fe3042c PlayerLazyload__Play\"\/>VOTE DE CONFIANCE06:39<\/p>\n<p>Bruno Retailleau r\u00e9unit ce mardi matin les ministres Les R\u00e9publicains en visioconf\u00e9rence, au lendemain de la conf\u00e9rence de presse de Fran\u00e7ois Bayrou. Seront \u00e9galement pr\u00e9sents G\u00e9rard Larcher, pr\u00e9sident du S\u00e9nat, et les pr\u00e9sidents des deux groupes parlementaires de droite, a appris hier soir notre journaliste politique Matthieu Desmoulins.<\/p>\n<blockquote data-testid=\"EmbedTwitter\" id=\"tweet-1960084743707394209-:Red0j9klcmj9n79m:\" class=\"jsx-aeff1a1c40f54d7a twitter-tweet flex justify-center items-center\"><p>Vote de confiance : Bruno Retailleau r\u00e9unira demain matin \u00e0 8 heures les ministres LR en visioconf\u00e9rence, ainsi que G\u00e9rard Larcher et les pr\u00e9sidents des deux groupes parlementaires de droite. (Entourage \u00e0  @LCI @TF1Info ) \u2014 Matthieu Desmoulins (@MatthDes)  August 25, 2025<\/p><\/blockquote>\n<p>L&rsquo;ESSENTIEL DES ANNONCES06:32<\/p>\n<p>Le Premier ministre Fran\u00e7ois Bayrou tenait ce lundi une conf\u00e9rence de presse de rentr\u00e9e, en grande partie consacr\u00e9e au budget 2026. Il a notamment annonc\u00e9 qu&rsquo;il se soumettrait \u00e0 un vote de confiance de l&rsquo;Assembl\u00e9e le 8 septembre prochain. Voici ce qu&rsquo;il faut retenir.<\/p>\n<p>Politique<img decoding=\"async\" src=\"https:\/\/www.europesays.com\/fr\/wp-content\/uploads\/2025\/08\/francois-bayrou-25-aout-2025-e0f34e-0@1x.jpeg\" alt=\"EN BREF - Budget 2026, vote de confiance le 8 septembre... Ce qu'il faut retenir du discours de Fran\u00e7ois Bayrou\" loading=\"lazy\" importance=\"low\" fetchpriority=\"low\" class=\"\" aria-hidden=\"true\"\/>BONJOUR06:31<\/p>\n<p>Bienvenue dans ce direct consacr\u00e9 aux r\u00e9actions apr\u00e8s les annonces de Fran\u00e7ois Bayrou lors d&rsquo;une conf\u00e9rence de presse de rentr\u00e9e. Confront\u00e9 au rejet de son plan d&rsquo;\u00e9conomies budg\u00e9taires de pr\u00e8s de 44 milliards d&rsquo;euros d&rsquo;\u00e9conomies, par les opposants comme dans l&rsquo;opinion, ainsi qu&rsquo;\u00e0 des appels \u00e0 bloquer le pays le 10 septembre, le Premier ministre a brandi un va-tout lundi pour sa rentr\u00e9e.<\/p>\n<p>\u00c0 sa demande, Emmanuel Macron va ainsi convoquer une session parlementaire extraordinaire le 8 septembre, et M. Bayrou sollicitera le jour-m\u00eame la confiance de l&rsquo;Assembl\u00e9e sur une d\u00e9claration de politique g\u00e9n\u00e9rale.<\/p>\n<p data-module=\"article-paragraph\" class=\"jsx-3046738180 Paragraph\">Fran\u00e7ois Bayrou va solliciter le 8 septembre <a href=\"https:\/\/www.tf1info.fr\/politique\/qu-est-ce-que-le-vote-de-confiance-auquel-francois-bayrou-va-se-soumettre-le-8-septembre-2390669.html\" target=\"_blank\" rel=\"noopener\">la confiance de l&rsquo;Assembl\u00e9e nationale<\/a>, abattant une p\u00e9rilleuse carte pour faire adopter son plan d&rsquo;\u00e9conomies budg\u00e9taires, mais son gouvernement semble vou\u00e9 \u00e0 tomber tant les oppositions refusent unanimement de lui accorder un sursis. Selon son entourage \u00e0 LCI, Bruno Retailleau r\u00e9unira ce mardi matin \u00e0 8h en visioconference les ministres LR du gouvernement, ainsi que G\u00e9rard Larcher et les pr\u00e9sidents des deux groupes parlementaires.<\/p>\n<p data-module=\"article-paragraph\" class=\"jsx-3046738180 Paragraph\">\u00ab\u00a0J&rsquo;ai demand\u00e9 au pr\u00e9sident de la R\u00e9publique, qui l&rsquo;a accept\u00e9, de convoquer le Parlement en session extraordinaire le lundi 8 septembre\u00a0\u00bb et \u00ab\u00a0j&rsquo;engagerai ce jour-l\u00e0 la responsabilit\u00e9 du gouvernement sur une d\u00e9claration de politique g\u00e9n\u00e9rale\u00a0\u00bb, a annonc\u00e9 lundi le Premier ministre.<\/p>\n<p data-module=\"article-paragraph\" class=\"jsx-3046738180 Paragraph Paragraph__End\">\u00c0 cette occasion, \u00ab\u00a0si vous avez une majorit\u00e9, le gouvernement est confirm\u00e9. Si vous n&rsquo;avez pas de majorit\u00e9, le gouvernement tombe\u00a0\u00bb, a-t-il explicit\u00e9 apr\u00e8s cette annonce surprise qui a provoqu\u00e9 une nette baisse de la Bourse de Paris et risque d&rsquo;ouvrir une nouvelle p\u00e9riode d&rsquo;instabilit\u00e9 politique et d&rsquo;incertitudes financi\u00e8res.<\/p>\n<p data-module=\"article-paragraph\" class=\"jsx-3046738180 Paragraph\">Le chef du gouvernement a \u00e9t\u00e9 imm\u00e9diatement pris au mot par La France insoumise, qui comptait d\u00e9poser une motion de censure \u00e0 la reprise des travaux parlementaires, les communistes et les \u00e9cologistes, pour qui cette d\u00e9marche de M. Bayrou est \u00ab\u00a0de fait une d\u00e9mission\u00a0\u00bb, selon les termes de leur secr\u00e9taire nationale Marine Tondelier.\u00a0<\/p>\n<p data-module=\"article-paragraph\" class=\"jsx-3046738180 Paragraph Paragraph__End\">Le Rassemblement national \u00ab\u00a0votera \u00e9videmment contre\u00a0\u00bb, a imm\u00e9diatement r\u00e9agi Marine Le Pen, tandis que Jordan Bardella a pr\u00e9dit \u00ab\u00a0la fin du gouvernement Bayrou\u00a0\u00bb.<\/p>\n<p><a href=\"https:\/\/www.tf1info.fr\/politique\/en-bref-budget-2026-vote-de-confiance-le-8-septembre-ce-qu-il-faut-retenir-du-discours-de-francois-bayrou-2390662.html\" rel=\"noopener\" class=\"jsx-3308031228 Link flex\" target=\"_blank\"><img decoding=\"async\" src=\"https:\/\/www.europesays.com\/fr\/wp-content\/uploads\/2025\/08\/francois-bayrou-25-aout-2025-100073-0@1x.jpeg\" alt=\"Dimitar DILKOFF \/ AFP\" loading=\"lazy\" importance=\"low\" fetchpriority=\"low\" class=\"\" aria-hidden=\"true\"\/><\/p>\n<p class=\"jsx-3657663356 ReadMoreArticle__Title\">Lire aussi<\/p>\n<p class=\"jsx-3657663356\">EN BREF &#8211; Budget 2026, vote de confiance le 8 septembre&#8230; Ce qu&rsquo;il faut retenir du discours de Fran\u00e7ois Bayrou<\/p>\n<p><\/a><\/p>\n<p data-module=\"article-paragraph\" class=\"jsx-3046738180 Paragraph\">Les socialistes, sur lesquels compte Matignon pour trouver d&rsquo;\u00e9ventuelles voies de compromis, n&rsquo;entendent pas venir au secours du gouvernement. \u00ab\u00a0Il est inimaginable que les socialistes votent la confiance au Premier ministre\u00a0\u00bb, a pr\u00e9venu <a href=\"https:\/\/www.tf1info.fr\/politique\/budget-2026-les-deputes-ps-ne-voteront-pas-la-confiance-a-francois-bayrou-assure-olivier-faure-sur-tf1-2390689.html\" target=\"_blank\" rel=\"noopener\">leur patron Olivier Faure<\/a>. Le vote se fera \u00e0 la majorit\u00e9 absolue des suffrages exprim\u00e9s.<\/p>\n<p data-module=\"article-paragraph\" class=\"jsx-3046738180 Paragraph Paragraph__End\">La France traverse \u00ab\u00a0un moment pr\u00e9occupant et donc d\u00e9cisif\u00a0\u00bb, \u00ab\u00a0un moment d&rsquo;h\u00e9sitation et de trouble\u00a0\u00bb qui \u00ab\u00a0impose une clarification\u00a0\u00bb, a d\u00e9clar\u00e9 Fran\u00e7ois Bayrou, justifiant ainsi cette prise de risques. Les positions exprim\u00e9es d\u00e8s lundi par les oppositions semblent vouer le gouvernement \u00e0 la chute dans deux semaines.<\/p>\n<p>La r\u00e9daction de TF1info<\/p>\n<p><script async src=\"https:\/\/platform.twitter.com\/widgets.js\" charset=\"utf-8\"><\/script><\/p>\n","protected":false},"excerpt":{"rendered":"Fran\u00e7ois Bayrou va solliciter le 8 septembre la confiance de l&rsquo;Assembl\u00e9e nationale, abattant une p\u00e9rilleuse carte pour faire&hellip;\n","protected":false},"author":2,"featured_media":345876,"comment_status":"","ping_status":"","sticky":false,"template":"","format":"standard","meta":{"footnotes":""},"categories":[2],"tags":[1111,11,1921,416,48196,48197,1011,27,431,1922,1077,2338,4729,430,12,4393,25,133,4530],"class_list":{"0":"post-345875","1":"post","2":"type-post","3":"status-publish","4":"format-standard","5":"has-post-thumbnail","7":"category-actualites","8":"tag-actu","9":"tag-actualites","10":"tag-article-video","11":"tag-assemblee-nationale","12":"tag-budget-2026-le-vote-de-confiance","13":"tag-derniere-carte-en-main-de-francois-bayrou","14":"tag-fr","15":"tag-france","16":"tag-francois-bayrou","17":"tag-info","18":"tag-jordan-bardella","19":"tag-la-france-insoumise","20":"tag-marine-tondelier","21":"tag-marine-le-pen","22":"tag-news","23":"tag-olivier-faure","24":"tag-republique-francaise","25":"tag-video","26":"tag-video-politique"},"share_on_mastodon":{"url":"https:\/\/pubeurope.com\/@fr\/115096655885001112","error":""},"_links":{"self":[{"href":"https:\/\/www.europesays.com\/fr\/wp-json\/wp\/v2\/posts\/345875","targetHints":{"allow":["GET"]}}],"collection":[{"href":"https:\/\/www.europesays.com\/fr\/wp-json\/wp\/v2\/posts"}],"about":[{"href":"https:\/\/www.europesays.com\/fr\/wp-json\/wp\/v2\/types\/post"}],"author":[{"embeddable":true,"href":"https:\/\/www.europesays.com\/fr\/wp-json\/wp\/v2\/users\/2"}],"replies":[{"embeddable":true,"href":"https:\/\/www.europesays.com\/fr\/wp-json\/wp\/v2\/comments?post=345875"}],"version-history":[{"count":0,"href":"https:\/\/www.europesays.com\/fr\/wp-json\/wp\/v2\/posts\/345875\/revisions"}],"wp:featuredmedia":[{"embeddable":true,"href":"https:\/\/www.europesays.com\/fr\/wp-json\/wp\/v2\/media\/345876"}],"wp:attachment":[{"href":"https:\/\/www.europesays.com\/fr\/wp-json\/wp\/v2\/media?parent=345875"}],"wp:term":[{"taxonomy":"category","embeddable":true,"href":"https:\/\/www.europesays.com\/fr\/wp-json\/wp\/v2\/categories?post=345875"},{"taxonomy":"post_tag","embeddable":true,"href":"https:\/\/www.europesays.com\/fr\/wp-json\/wp\/v2\/tags?post=345875"}],"curies":[{"name":"wp","href":"https:\/\/api.w.org\/{rel}","templated":true}]}}