{"id":345879,"date":"2025-08-26T19:13:18","date_gmt":"2025-08-26T19:13:18","guid":{"rendered":"https:\/\/www.europesays.com\/fr\/345879\/"},"modified":"2025-08-26T19:13:18","modified_gmt":"2025-08-26T19:13:18","slug":"antoine-rozner-le-joueur-moyen-est-beaucoup-plus-fort-sur-le-pga-tour","status":"publish","type":"post","link":"https:\/\/www.europesays.com\/fr\/345879\/","title":{"rendered":"Antoine Rozner : \u00ab Le joueur moyen est beaucoup plus fort sur le PGA Tour \u00bb"},"content":{"rendered":"<p>\t\t\t\t\t\t<img width=\"770\" height=\"556\" src=\"https:\/\/www.europesays.com\/fr\/wp-content\/uploads\/2025\/08\/golf-pga-tour-antoine-rozner-porto-rico-open-1-770x556.jpg\" class=\"img-responsive wp-post-image\" alt=\"Antoine Rozner Photo by Hector Vivas\/Getty Images\" decoding=\"async\" fetchpriority=\"high\"  \/>\t\t\t\t\t<\/p>\n<p>\t\t\t\t\t\t Partager cet article <\/p>\n<p class=\"screen-reader-text juiz_sps_maybe_hidden_text\">Partager la publication \u00ab\u00a0Antoine Rozner : \u00ab Le joueur moyen est beaucoup plus fort sur le PGA Tour \u00bb\u00a0\u00bb<\/p>\n<p><strong>Exit le PGA Tour, Antoine Rozner retrouve les fairways \u00e0 Crans-Montana apr\u00e8s trois semaines de vacances. Le Racingman va encha\u00eener en Europe, avec le BMW PGA Championship et le FedEx Open de France, avant de retrouver les \u00c9tats-Unis d\u00e9but octobre pour les tournois du FedEx Cup Fall.\u00a0<\/strong><\/p>\n<p>\t\t\t\t\t<a id=\"181442\" href=\"https:\/\/www.formigolf.fr\/voyage-pays~fairplay_golf__spa_resort_5etoiles_cadiz~199~espagne\" target=\"_blank\" rel=\"sponsorised nofollow noopener\"><img decoding=\"async\" src=\"data:image\/svg+xml,%3Csvg%20xmlns=\" http:=\"\" class=\"img-responsive\" alt=\"\" data-lazy-src=\"https:\/\/www.europesays.com\/fr\/wp-content\/uploads\/2025\/08\/formigolf-e08-andalousie-cadiz-1170x275-1.gif\"\/><\/a><\/p>\n<p><strong>Propos recueillis par Nathan CARDET, \u00e0 Crans-Montana<\/strong><\/p>\n<p>Souriant \u00e0 la sortie d\u2019une s\u00e9ance de practice, le triple vainqueur sur le circuit europ\u00e9en est revenu sur ses premiers mois sur le <strong>PGA Tour<\/strong> et sur la diff\u00e9rence de niveau qu\u2019il y a avec le <strong>DP World Tour<\/strong>. Le golfeur de 32 ans, 148e de la <strong>FedEx Cup<\/strong>, retrouvera le sol am\u00e9ricain d\u00e9but octobre avec la ferme intention d\u2019accrocher un gros r\u00e9sultat qui lui a manqu\u00e9 et de conserver ainsi ses droits de jeu sur le <strong>PGA Tour<\/strong>. Pour cela, il devra int\u00e9grer le top 100 du classement g\u00e9n\u00e9ral \u00e0 la fin du mois de novembre.\u00a0<\/p>\n<p>\t\t\t\t\t<a id=\"181417\" href=\"https:\/\/cabotbordeaux.com\/fr\/booking\/training-golf\" target=\"_blank\" rel=\"sponsorised nofollow noopener\"><img decoding=\"async\" src=\"data:image\/svg+xml,%3Csvg%20xmlns=\" http:=\"\" class=\"img-responsive\" alt=\"\" data-lazy-src=\"https:\/\/www.europesays.com\/fr\/wp-content\/uploads\/2025\/08\/cabot-e04-stage-septembre-1170x275-1.gif\"\/><\/a><\/p>\n<blockquote class=\"instagram-media\" style=\"background: #FFF; border: 0; border-radius: 3px; box-shadow: 0 0 1px 0 rgba(0,0,0,0.5),0 1px 10px 0 rgba(0,0,0,0.15); margin: 1px; max-width: 540px; min-width: 326px; padding: 0; width: calc(100% - 2px);\" data-instgrm-captioned=\"\" data-instgrm-permalink=\"https:\/\/www.instagram.com\/reel\/DN068vR2N7z\/?utm_source=ig_embed&amp;utm_campaign=loading\" data-instgrm-version=\"14\">\n<\/blockquote>\n<p>\t\t\t\t\t<a id=\"182585\" href=\"https:\/\/www.golfcapdagde.com\/\" target=\"_blank\" rel=\"sponsorised nofollow noopener\"><img decoding=\"async\" src=\"data:image\/svg+xml,%3Csvg%20xmlns=\" http:=\"\" class=\"img-responsive\" alt=\"\" data-lazy-src=\"https:\/\/www.europesays.com\/fr\/wp-content\/uploads\/2025\/06\/capdagdegolf-e01-experience-golf-1170x275-1.gif\"\/><\/a><\/p>\n<p><strong>GOLF PLANETE : Cette pause de trois semaines vous a-t-elle fait du bien ?<\/strong><\/p>\n<p><strong>Antoine ROZNER :<\/strong> \u00c7a fait du bien de pouvoir faire de vraies vacances dans une p\u00e9riode un peu creuse de la saison. On recharge les batteries, on se sent beaucoup mieux et beaucoup plus pr\u00eat \u00e0 performer quand on revient. \u00c0 l\u2019inverse, se remettre dans le rythme peut prendre un peu de temps, mais \u00e7a fait quand m\u00eame plus de bien que de mal.<\/p>\n<p><strong>G.P. : Comment avez-vous construit votre calendrier avec ce retour sur le DP World Tour ?<\/strong><\/p>\n<p><strong>A.R. :<\/strong> Il n\u2019y a qu\u2019un tournoi isol\u00e9 en septembre en Californie sur le PGA Tour (Ndlr, Procore Championship, 11 au 14 septembre). Donc je me suis dit que si je le sautais, \u00e7a me permettait de jouer ces tr\u00e8s beaux tournois en Europe. Ce sont des \u00e9preuves que j\u2019appr\u00e9cie \u00e9norm\u00e9ment. On est beaucoup \u00e0 avoir fait ce choix d\u2019ailleurs.<\/p>\n<p><strong>G.P. : Des objectifs sur ces \u00e9preuves en Europe ?<\/strong><\/p>\n<p><strong>A.R. :<\/strong> J\u2019ai toujours envie de performer, que ce soit sur le DP World Tour ou le PGA Tour. Mais je n\u2019ai pas mis d\u2019objectif particulier sur le papier. Apr\u00e8s, on ne sait pas ce qui peut se passer si on se met \u00e0 tr\u00e8s bien jouer. Mais aujourd\u2019hui, ce qui est pr\u00e9vu, c\u2019est de retourner aux \u00c9tats-Unis \u00e0 partir d\u2019octobre pour les derniers tournois qui me restent.<\/p>\n<blockquote><p>\nIl va falloir y retourner avec de tr\u00e8s bonnes intentions, beaucoup d\u2019envie et tout faire pour y rester l\u2019ann\u00e9e prochaine\n<\/p><\/blockquote>\n<p><strong>G.P. : Quel bilan tirez-vous de cette premi\u00e8re saison sur le PGA Tour marqu\u00e9e par de nombreux cuts (15 sur 17) mais sans gros r\u00e9sultat ?<\/strong><\/p>\n<p><strong>A.R. :<\/strong> Il y a du positif : le jeu a \u00e9t\u00e9 hyper r\u00e9gulier sur tous les types de parcours, tous les types d\u2019herbe, donc \u00e7a, c\u2019est quand m\u00eame hyper positif. Mais ce sont des tournois qui sont plus durs avec des plateaux plus relev\u00e9s, donc il y a de la d\u00e9ception de ne pas avoir r\u00e9ussi \u00e0 faire un tr\u00e8s gros r\u00e9sultat. Sans faire de top 5, c\u2019est tr\u00e8s difficile sur le PGA Tour d\u2019int\u00e9grer le top 100 de la FedEx Cup. Je n\u2019ai pas r\u00e9ussi non plus \u00e0 me qualifier pour des Signature Events, c\u2019est un petit regret. Il va falloir y retourner avec de tr\u00e8s bonnes intentions, beaucoup d\u2019envie et tout faire pour y rester l\u2019ann\u00e9e prochaine.<\/p>\n<p><strong>G.P. : Vous allez arriver sur des tournois avec des champs un peu plus ouverts \u00e9galement\u2026<\/strong><\/p>\n<p><strong>A.R. :<\/strong> Il n\u2019y aura pas les joueurs du top 50, c\u2019est ind\u00e9niable. Mais il y a aussi des gar\u00e7ons en face qui jouent tr\u00e8s bien au golf. Il va falloir tr\u00e8s bien jouer de mon c\u00f4t\u00e9. Les gros r\u00e9sultats ne viennent pas comme \u00e7a. Je bosse dur tous les jours pour y arriver.<\/p>\n<blockquote><p>\nJ\u2019ai quelques petits regrets, j\u2019ai loup\u00e9 deux ou trois belles opportunit\u00e9s\n<\/p><\/blockquote>\n<p><strong>G.P. : Vous sentiez-vous proche de ces gros r\u00e9sultats<\/strong><strong>\u00a0?<\/strong><\/p>\n<p><strong>A.R. :<\/strong> Ce n\u2019\u00e9tait pas loin. Apr\u00e8s, j\u2019ai quelques petits regrets, j\u2019ai loup\u00e9 deux ou trois belles opportunit\u00e9s. Notamment \u00e0 Dallas (Ndlr, 13e du CJ CUP) o\u00f9 je ne finis pas tr\u00e8s bien sur les trois derniers trous et \u00e7a me co\u00fbte tr\u00e8s cher parce que \u00e7a m\u2019aurait donn\u00e9 acc\u00e8s \u00e0 un Signature Event. Au Canada \u00e9galement, je fais un finish un peu moyen et je finis 24e. Ce sont des leaderboards tellement serr\u00e9s, \u00e7a se joue \u00e0 chaque fois \u00e0 un ou deux coups. C\u2019est dur, il faut arriver \u00e0 saisir l\u2019opportunit\u00e9, et c\u2019est ce que je n\u2019ai pas r\u00e9ussi \u00e0 faire cette saison.<\/p>\n<p><strong>G.P. : La plus grosse diff\u00e9rence entre le PGA Tour et le DP World Tour, c\u2019est le niveau du joueur moyen ?<\/strong><\/p>\n<p><strong>A.R. :<\/strong> Le joueur moyen est beaucoup plus fort, c\u2019est ce qui am\u00e8ne ces leaderboards aussi serr\u00e9s. Comme je disais, un coup de plus ou de moins peut entra\u00eener 15 ou 20 places d\u2019\u00e9cart. Les parcours sont \u00e9galement diff\u00e9rents, je les trouve plus durs, plus p\u00e9nalisants. \u00c7a change un peu, m\u00eame si \u00e0 ce niveau-l\u00e0, je trouve que je me suis plut\u00f4t bien adapt\u00e9.<\/p>\n<p>\u00a0<\/p>\n<p>\u00a0<\/p>\n<p>\u00a9Hector Vivas\/Getty Images<\/p>\n<p>\t\t\t<script async src=\"\/\/www.instagram.com\/embed.js\"><\/script><\/p>\n","protected":false},"excerpt":{"rendered":"Partager cet article Partager la publication \u00ab\u00a0Antoine Rozner : \u00ab Le joueur moyen est beaucoup plus fort sur&hellip;\n","protected":false},"author":2,"featured_media":345880,"comment_status":"","ping_status":"","sticky":false,"template":"","format":"standard","meta":{"footnotes":""},"categories":[1418],"tags":[1011,27,1472,60],"class_list":{"0":"post-345879","1":"post","2":"type-post","3":"status-publish","4":"format-standard","5":"has-post-thumbnail","7":"category-golf","8":"tag-fr","9":"tag-france","10":"tag-golf","11":"tag-sports"},"share_on_mastodon":{"url":"https:\/\/pubeurope.com\/@fr\/115096663094832845","error":""},"_links":{"self":[{"href":"https:\/\/www.europesays.com\/fr\/wp-json\/wp\/v2\/posts\/345879","targetHints":{"allow":["GET"]}}],"collection":[{"href":"https:\/\/www.europesays.com\/fr\/wp-json\/wp\/v2\/posts"}],"about":[{"href":"https:\/\/www.europesays.com\/fr\/wp-json\/wp\/v2\/types\/post"}],"author":[{"embeddable":true,"href":"https:\/\/www.europesays.com\/fr\/wp-json\/wp\/v2\/users\/2"}],"replies":[{"embeddable":true,"href":"https:\/\/www.europesays.com\/fr\/wp-json\/wp\/v2\/comments?post=345879"}],"version-history":[{"count":0,"href":"https:\/\/www.europesays.com\/fr\/wp-json\/wp\/v2\/posts\/345879\/revisions"}],"wp:featuredmedia":[{"embeddable":true,"href":"https:\/\/www.europesays.com\/fr\/wp-json\/wp\/v2\/media\/345880"}],"wp:attachment":[{"href":"https:\/\/www.europesays.com\/fr\/wp-json\/wp\/v2\/media?parent=345879"}],"wp:term":[{"taxonomy":"category","embeddable":true,"href":"https:\/\/www.europesays.com\/fr\/wp-json\/wp\/v2\/categories?post=345879"},{"taxonomy":"post_tag","embeddable":true,"href":"https:\/\/www.europesays.com\/fr\/wp-json\/wp\/v2\/tags?post=345879"}],"curies":[{"name":"wp","href":"https:\/\/api.w.org\/{rel}","templated":true}]}}