{"id":345881,"date":"2025-08-26T19:15:21","date_gmt":"2025-08-26T19:15:21","guid":{"rendered":"https:\/\/www.europesays.com\/fr\/345881\/"},"modified":"2025-08-26T19:15:21","modified_gmt":"2025-08-26T19:15:21","slug":"rugby-a-xiii-dragons-catalans-treize-adieux-une-derniere-bataille","status":"publish","type":"post","link":"https:\/\/www.europesays.com\/fr\/345881\/","title":{"rendered":"Rugby \u00e0 XIII\u00a0&#8211; Dragons Catalans\u00a0: treize adieux, une derni\u00e8re bataille"},"content":{"rendered":"<p>\n                                                                Samedi, Gilbert-Brutus sera en \u00e9bullition. Dernier match de la saison, face \u00e0 Wigan (21\u00a0h) qui sera pouss\u00e9 par 1\u00a0200 fans anglais. Et surtout, dernier chapitre pour treize Dragons. Treize joueurs que le club honorera, certains ayant marqu\u00e9 son histoire, d\u2019autres celle de tout un sport.\n                            <\/p>\n<p>Chaque fin de saison a son lot d\u2019adieux. Mais cette fois, le sc\u00e9nario est fort. Pour certains, une derni\u00e8re apparition. Pour d\u2019autres, la frustration de ne plus pouvoir jouer. Et pour deux l\u00e9gendes, une sortie impos\u00e9e par le corps. Elliott Whitehead (dos) et Sam Tomkins (genou), 36 ans, doivent renoncer. Apr\u00e8s 17 saisons professionnelles, ces ic\u00f4nes quittent la sc\u00e8ne. La Super League perd deux ambassadeurs majeurs.<\/p>\n<p>Arthur Romano, Tariq Sims et Tanguy Z\u00e9non (fin de contrat) ne joueront pas samedi.\u00a0Mais ils seront mis \u00e0 l\u2019honneur \u00e0 la fin de la rencontre, tout comme Paul S\u00e9guier, Bayley Sironen, Tevita Pangai Junior et Fouad Yaha qui devraient \u00eatre sur la feuille de match contre les Warriors. Th\u00e9o Fages (tendon d\u2019Achille) et Luke Keary (genou) sont\u00a0tr\u00e8s incertains pour tenir leur\u00a0place samedi, alors que Reimis Smith se pr\u00e9pare\u00a0lui aussi \u00e0 quitter le club. Fages, treize saisons de Super League, 2 finales de championnat gagn\u00e9es et 1 de Challenge Cup est le joueur fran\u00e7ais le plus titr\u00e9 de la comp\u00e9tition. Ajoutons aux partants, le jeune talonneur, Denive Balmforth, pr\u00eat\u00e9 cet \u00e9t\u00e9 et qui retrouvera\u00a0Hull FC la saison prochaine avec qui il est sous contrat.<\/p>\n<blockquote>\n<p>Le plus grand signe de respect sera de se battre samedi sur le terrain<\/p>\n<\/blockquote>\n<p>Ces treize\u00a0joueurs vivront donc des \u00e9motions diff\u00e9rentes apr\u00e8s une ou\u00a0deux ann\u00e9es \u00e0 Brutus pour les uns et onze comme Fouad Yaha, voir neuf et dix pour Arthur Romano et Paul S\u00e9guier. \u00ab\u00a0Ce matin nous avons list\u00e9 sur le tableau les partants entre nous, pour bien mesurer l\u2019importance de ce dernier rendez-vous.\u00a0C\u2019est \u00e9norme. Et puis, vous avez\u00a0Fouad Yaha, le meilleur marqueur d\u2019essais de l\u2019histoire de ce club qui s\u2019en va apr\u00e8s 10 saisons et \u00e0 l\u2019oppos\u00e9 Luke Keary qui ne sera rest\u00e9 qu\u2019une saison, mais qui n\u2019a manqu\u00e9 qu\u2019un match et qui a \u00e9t\u00e9 de tous les combats.\u00a0\u00bb<\/p>\n<p class=\"std-elt__inline\">\n        <strong>\u00c0 lire aussi :<\/strong><br \/>\n        <a href=\"https:\/\/www.lindependant.fr\/2025\/08\/21\/rugby-a-xiii-charlie-staines-un-jeune-ailier-qui-a-gagne-la-nrl-rejoint-les-dragons-catalans-12886859.php\" rel=\"nofollow noopener\" target=\"_blank\">Rugby \u00e0 XIII\u00a0: Charlie Staines, un jeune ailier qui a gagn\u00e9 la NRL rejoint les Dragons Catalans<\/a>\n    <\/p>\n<p>Le levier de l\u2019\u00e9motion a \u00e9t\u00e9 activ\u00e9 d\u00e8s lundi, dans l\u2019intimit\u00e9 des vestiaires. Joel Tomkins tient \u00e0 soigner la fin. L\u2019ancien joueur ne veut surtout pas galvauder le moment. \u00ab\u00a0C\u2019est important pour nous de laisser partir\u00a0ces joueurs dans les meilleures conditions et\u00a0le plus grand signe de respect sera de se battre samedi sur le terrain.\u00a0\u00bb Forc\u00e9ment, plusieurs joueurs ont \u00e9t\u00e9 pouss\u00e9s vers la sortie, puisqu\u2019aucune proposition de prolongation de contrat ne leur a \u00e9t\u00e9 offerte. Mais c\u2019est la dure loi du sport professionnel o\u00f9 l\u2019affect n\u2019entre plus en ligne de compte, pas plus que les services rendus au club. Joel Tomkins, au centre des d\u00e9cisions\u00a0assume ce moment charni\u00e8re\u00a0: \u00ab\u00a0C\u2019est un point de transition pour l\u2019\u00e9quipe. Quatre matchs restent \u00e0 disputer, avant qu\u2019un collectif profond\u00e9ment renouvel\u00e9 n\u2019entre en sc\u00e8ne la saison prochaine. Pour l\u2019instant, nous nous concentrons sur un grand match contre Wigan et sur l\u2019importance de soigner le d\u00e9part de nos joueurs.\u00a0\u00bb<\/p>\n<p>Samedi, Brutus sera en fusion. Treize Dragons \u00e0 saluer. Et une derni\u00e8re bataille \u00e0 livrer.<\/p>\n","protected":false},"excerpt":{"rendered":"Samedi, Gilbert-Brutus sera en \u00e9bullition. Dernier match de la saison, face \u00e0 Wigan (21\u00a0h) qui sera pouss\u00e9 par&hellip;\n","protected":false},"author":2,"featured_media":345882,"comment_status":"","ping_status":"","sticky":false,"template":"","format":"standard","meta":{"footnotes":""},"categories":[1416],"tags":[1011,27,479,1468,60],"class_list":{"0":"post-345881","1":"post","2":"type-post","3":"status-publish","4":"format-standard","5":"has-post-thumbnail","7":"category-rugby","8":"tag-fr","9":"tag-france","10":"tag-rugby","11":"tag-rugby-football","12":"tag-sports"},"share_on_mastodon":{"url":"https:\/\/pubeurope.com\/@fr\/115096670932404059","error":""},"_links":{"self":[{"href":"https:\/\/www.europesays.com\/fr\/wp-json\/wp\/v2\/posts\/345881","targetHints":{"allow":["GET"]}}],"collection":[{"href":"https:\/\/www.europesays.com\/fr\/wp-json\/wp\/v2\/posts"}],"about":[{"href":"https:\/\/www.europesays.com\/fr\/wp-json\/wp\/v2\/types\/post"}],"author":[{"embeddable":true,"href":"https:\/\/www.europesays.com\/fr\/wp-json\/wp\/v2\/users\/2"}],"replies":[{"embeddable":true,"href":"https:\/\/www.europesays.com\/fr\/wp-json\/wp\/v2\/comments?post=345881"}],"version-history":[{"count":0,"href":"https:\/\/www.europesays.com\/fr\/wp-json\/wp\/v2\/posts\/345881\/revisions"}],"wp:featuredmedia":[{"embeddable":true,"href":"https:\/\/www.europesays.com\/fr\/wp-json\/wp\/v2\/media\/345882"}],"wp:attachment":[{"href":"https:\/\/www.europesays.com\/fr\/wp-json\/wp\/v2\/media?parent=345881"}],"wp:term":[{"taxonomy":"category","embeddable":true,"href":"https:\/\/www.europesays.com\/fr\/wp-json\/wp\/v2\/categories?post=345881"},{"taxonomy":"post_tag","embeddable":true,"href":"https:\/\/www.europesays.com\/fr\/wp-json\/wp\/v2\/tags?post=345881"}],"curies":[{"name":"wp","href":"https:\/\/api.w.org\/{rel}","templated":true}]}}