{"id":345887,"date":"2025-08-26T19:20:10","date_gmt":"2025-08-26T19:20:10","guid":{"rendered":"https:\/\/www.europesays.com\/fr\/345887\/"},"modified":"2025-08-26T19:20:10","modified_gmt":"2025-08-26T19:20:10","slug":"daniel-ricciardo-hospitalise","status":"publish","type":"post","link":"https:\/\/www.europesays.com\/fr\/345887\/","title":{"rendered":"Daniel Ricciardo hospitalis\u00e9"},"content":{"rendered":"<p><strong>A la retraite, un an apr\u00e8s sa<br \/>\nmise \u00e0 l\u2019\u00e9cart chez Racing Bulls, Daniel Ricciardo a eu un accident<br \/>\nde moto qui l\u2019a conduit \u00e0 l\u2019h\u00f4pital.<\/strong><\/p>\n<p>Des nouvelles de Daniel Ricciardo ! Le pilote australien, 36<br \/>\nans, profite de sa retraite, bien loin de l\u2019agitation de la Formule<br \/>\n1. Il y a bient\u00f4t un an, l\u2019ancien comparse de Max Verstappen chez<br \/>\nRed Bull a \u00e9t\u00e9 \u00e9cart\u00e9 par Racing Bulls \u00e0 l\u2019issue du Grand Prix de<br \/>\nSingapour. Dans la cit\u00e9-Etat d\u2019Asie du Sud-Est, il a fini 18e de la<br \/>\ncourse mais en r\u00e9alisant le meilleur temps lors de l\u2019avant-dernier<br \/>\ntour, pour faire des adieux assez \u00e9mouvants au monde de la F1. Sa<br \/>\nbonne humeur en aura fait l\u2019un des chouchous du circuit.<\/p>\n<p>La semaine derni\u00e8re, Ricciardo a eu un accident de moto dans le<br \/>\nnord du Queensland (l\u2019\u00e9tat du Nord-Est de l\u2019Australie, lui qui est<br \/>\nnatif de Perth, de l\u2019autre c\u00f4t\u00e9 du pays). \u00ab The Honey Badger \u00bb (le<br \/>\nblaireau) a \u00e9t\u00e9 transport\u00e9 \u00e0 l\u2019h\u00f4pital et il s\u2019en tire avec une<br \/>\nsimple blessure \u00e0 une clavicule.<\/p>\n<blockquote class=\"twitter-tweet\"><p><a class=\"twitter-link\" rel=\"noindex, nofollow noopener\" href=\"https:\/\/twitter.com\/F1\/status\/1837866041554125082\" target=\"_blank\"><\/p><\/blockquote>\n<p>C\u2019est le site Planet F1 qui rapporte l\u2019accident de moto<br \/>\net donne des nouvelles du pilote: \u00ab bien que les d\u00e9tails soient<br \/>\nrares pour le moment, Ricciardo aurait \u00e9t\u00e9 de bonne humeur pendant<br \/>\nqu\u2019il \u00e9tait soign\u00e9 pour sa blessure \u00bb. Il n\u2019y a pas eu<br \/>\nd\u2019autres pr\u00e9cisions ces derniers jours.<\/p>\n<p>Ricciardo a fait de la rando<\/p>\n<p>Daniel Ricciardo a justement fait sa premi\u00e8re apparition<br \/>\npublique depuis la fin de son contrat chez Racing Bulls l\u2019an<br \/>\ndernier, en participant \u00e0 une conf\u00e9rence sur l\u2019immobilier en<br \/>\nAustralie. L\u2019occasion d\u2019\u00e9voquer sa nouvelle vie. \u00ab Je ne me<br \/>\nsuis pas ras\u00e9, la barbe me r\u00e9conforte en ce moment, s\u2019est-t-il<br \/>\namus\u00e9. Cette ann\u00e9e a \u00e9t\u00e9 une p\u00e9riode d\u2019introspection. J\u2019ai v\u00e9cu<br \/>\nune vie folle \u00e0 toute vitesse pendant si longtemps, et cette ann\u00e9e,<br \/>\nj\u2019ai trouv\u00e9 un peu de calme. J\u2019ai eu beaucoup de temps libre, j\u2019ai<br \/>\nfait de la randonn\u00e9e. J\u2019\u00e9tais en Alaska il y a quelques semaines et<br \/>\nje n\u2019ai pas \u00e9t\u00e9 attaqu\u00e9 par un grizzly, ce qui est d\u00e9j\u00e0 pas<br \/>\nmal \u00bb.<\/p>\n<p>Vainqueur de huit Grand Prix durant sa carri\u00e8re et pr\u00e9sent sur<br \/>\n32 podiums, Ricciardo a fini troisi\u00e8me du classement du championnat<br \/>\ndu monde \u00e0 deux reprises: en 2014 derri\u00e8re les Mercedes <a href=\"https:\/\/www.sports.fr\/auto-moto\/f1\/lewis-hamilton-colere-froide-chez-ferrari-944001.html\" target=\"_blank\" rel=\"noopener\"><br \/>\nLewis Hamilton<\/a> et Nico Rosberg et en 2016, lors du sacre de<br \/>\nRosberg sur son co\u00e9quipier britannique, avec Verstappen 5e pour sa<br \/>\npremi\u00e8re ann\u00e9e chez Red Bull.<\/p>\n<blockquote class=\"twitter-tweet\"><p><a class=\"twitter-link\" rel=\"noindex, nofollow noopener\" href=\"https:\/\/twitter.com\/Planet_F1\/status\/1957080541460615396\" target=\"_blank\"><\/p><\/blockquote>\n<p><script async src=\"https:\/\/platform.twitter.com\/widgets.js\" charset=\"utf-8\"><\/script><\/p>\n","protected":false},"excerpt":{"rendered":"A la retraite, un an apr\u00e8s sa mise \u00e0 l\u2019\u00e9cart chez Racing Bulls, Daniel Ricciardo a eu un&hellip;\n","protected":false},"author":2,"featured_media":345888,"comment_status":"","ping_status":"","sticky":false,"template":"","format":"standard","meta":{"footnotes":""},"categories":[1412],"tags":[1451,1452,1453,1454,1455,1011,27,60],"class_list":{"0":"post-345887","1":"post","2":"type-post","3":"status-publish","4":"format-standard","5":"has-post-thumbnail","7":"category-f1","8":"tag-f1","9":"tag-formula-1","10":"tag-formula1","11":"tag-formule-1","12":"tag-formule1","13":"tag-fr","14":"tag-france","15":"tag-sports"},"share_on_mastodon":{"url":"https:\/\/pubeurope.com\/@fr\/115096690585337768","error":""},"_links":{"self":[{"href":"https:\/\/www.europesays.com\/fr\/wp-json\/wp\/v2\/posts\/345887","targetHints":{"allow":["GET"]}}],"collection":[{"href":"https:\/\/www.europesays.com\/fr\/wp-json\/wp\/v2\/posts"}],"about":[{"href":"https:\/\/www.europesays.com\/fr\/wp-json\/wp\/v2\/types\/post"}],"author":[{"embeddable":true,"href":"https:\/\/www.europesays.com\/fr\/wp-json\/wp\/v2\/users\/2"}],"replies":[{"embeddable":true,"href":"https:\/\/www.europesays.com\/fr\/wp-json\/wp\/v2\/comments?post=345887"}],"version-history":[{"count":0,"href":"https:\/\/www.europesays.com\/fr\/wp-json\/wp\/v2\/posts\/345887\/revisions"}],"wp:featuredmedia":[{"embeddable":true,"href":"https:\/\/www.europesays.com\/fr\/wp-json\/wp\/v2\/media\/345888"}],"wp:attachment":[{"href":"https:\/\/www.europesays.com\/fr\/wp-json\/wp\/v2\/media?parent=345887"}],"wp:term":[{"taxonomy":"category","embeddable":true,"href":"https:\/\/www.europesays.com\/fr\/wp-json\/wp\/v2\/categories?post=345887"},{"taxonomy":"post_tag","embeddable":true,"href":"https:\/\/www.europesays.com\/fr\/wp-json\/wp\/v2\/tags?post=345887"}],"curies":[{"name":"wp","href":"https:\/\/api.w.org\/{rel}","templated":true}]}}