{"id":345895,"date":"2025-08-26T19:24:17","date_gmt":"2025-08-26T19:24:17","guid":{"rendered":"https:\/\/www.europesays.com\/fr\/345895\/"},"modified":"2025-08-26T19:24:17","modified_gmt":"2025-08-26T19:24:17","slug":"quand-les-genevois-et-les-zurichois-des-annees-1930-decouvraient-la-modernite","status":"publish","type":"post","link":"https:\/\/www.europesays.com\/fr\/345895\/","title":{"rendered":"Quand les Genevois et les Zurichois des ann\u00e9es 1930 d\u00e9couvraient la modernit\u00e9"},"content":{"rendered":"<p>    R\u00e9sum\u00e9 en 20 secondes<\/p>\n<p>        En savoir plus sur ce type de contenu<\/p>\n<p>Ce r\u00e9sum\u00e9 peut avoir \u00e9t\u00e9 \u00e9crit avec l&rsquo;assistance d\u2019une IA g\u00e9n\u00e9rative. <a href=\"https:\/\/www.letemps.ch\/cyber\/l-usage-de-l-ia-generative-par-les-journalistes-du-temps\" target=\"_blank\" rel=\"noopener\">En savoir plus<\/a><\/p>\n<p class=\"article__abstract-call-to-action\" data-ariato=\"TrackableElement\" data-trackable-element-type=\"article_abstract_cta\" data-trackable-element-location=\"article_header\" data-trackable-element-id=\"504134\">\n        <a data-event=\"click-&gt;clicked\" href=\"https:\/\/www.letemps.ch\/abonnements\" target=\"_blank\" rel=\"noopener\">Abonnez-vous<\/a> pour acc\u00e9der au r\u00e9sum\u00e9 en 20 secondes.\n      <\/p>\n<p>\u00abHabiter la suisse des ann\u00e9es 1930\u00bb, telle est l\u2019exp\u00e9rience que propose \u00e0 ses visiteurs et ses visiteuses le Mus\u00e9e d\u2019art et d\u2019histoire de Gen\u00e8ve (MAH). En commen\u00e7ant par rappeler que cette \u00e9poque-l\u00e0, on peut toujours l\u2019\u00e9prouver directement dans les rues de Gen\u00e8ve, en particulier face \u00e0 l\u2019immeuble Clart\u00e9 \u2013 inscrit depuis 2016 au patrimoine mondial de l\u2019Unesco \u2013, b\u00e2ti entre 1930 et 1932 par Le Corbusier et son cousin Pierre Jeanneret. Les deux hommes avaient alors \u00e9t\u00e9 sollicit\u00e9s par le serrurier Edmond Wanner, \u00e9pris d\u2019architecture d\u2019avant-garde.<\/p>\n<p>Moins connue, la Villa Ruf, au Grand-Saconnex, r\u00e9alis\u00e9e par l\u2019architecte Francis Qu\u00e9tant sur des croquis de Le Corbusier et Pierre Jeanneret, en 1928 et 1929, t\u00e9moigne elle aussi des avanc\u00e9es conceptuelles de ces ann\u00e9es-l\u00e0, qu\u2019elles soient formelles ou mat\u00e9rielles. L\u2019un et l\u2019autre b\u00e2timent int\u00e8gre, par exemple, un mat\u00e9riau nouveau, la \u00abSolomite\u00bb, un isolant fait de paille et de cr\u00e9pis, con\u00e7u par les entreprises Wanner, dont on retrouve un \u00e9chantillon au MAH.<\/p>\n","protected":false},"excerpt":{"rendered":"R\u00e9sum\u00e9 en 20 secondes En savoir plus sur ce type de contenu Ce r\u00e9sum\u00e9 peut avoir \u00e9t\u00e9 \u00e9crit&hellip;\n","protected":false},"author":2,"featured_media":345896,"comment_status":"","ping_status":"","sticky":false,"template":"","format":"standard","meta":{"footnotes":""},"categories":[1358],"tags":[1350,1348,1384,1385,1386,58,59,3297,1011,27,14022,301],"class_list":{"0":"post-345895","1":"post","2":"type-post","3":"status-publish","4":"format-standard","5":"has-post-thumbnail","7":"category-arts-et-design","8":"tag-architecture","9":"tag-arts","10":"tag-arts-and-design","11":"tag-arts-et-design","12":"tag-design","13":"tag-divertissement","14":"tag-entertainment","15":"tag-entre-temps","16":"tag-fr","17":"tag-france","18":"tag-musees-et-expositions","19":"tag-premium"},"share_on_mastodon":{"url":"https:\/\/pubeurope.com\/@fr\/115096706298144042","error":""},"_links":{"self":[{"href":"https:\/\/www.europesays.com\/fr\/wp-json\/wp\/v2\/posts\/345895","targetHints":{"allow":["GET"]}}],"collection":[{"href":"https:\/\/www.europesays.com\/fr\/wp-json\/wp\/v2\/posts"}],"about":[{"href":"https:\/\/www.europesays.com\/fr\/wp-json\/wp\/v2\/types\/post"}],"author":[{"embeddable":true,"href":"https:\/\/www.europesays.com\/fr\/wp-json\/wp\/v2\/users\/2"}],"replies":[{"embeddable":true,"href":"https:\/\/www.europesays.com\/fr\/wp-json\/wp\/v2\/comments?post=345895"}],"version-history":[{"count":0,"href":"https:\/\/www.europesays.com\/fr\/wp-json\/wp\/v2\/posts\/345895\/revisions"}],"wp:featuredmedia":[{"embeddable":true,"href":"https:\/\/www.europesays.com\/fr\/wp-json\/wp\/v2\/media\/345896"}],"wp:attachment":[{"href":"https:\/\/www.europesays.com\/fr\/wp-json\/wp\/v2\/media?parent=345895"}],"wp:term":[{"taxonomy":"category","embeddable":true,"href":"https:\/\/www.europesays.com\/fr\/wp-json\/wp\/v2\/categories?post=345895"},{"taxonomy":"post_tag","embeddable":true,"href":"https:\/\/www.europesays.com\/fr\/wp-json\/wp\/v2\/tags?post=345895"}],"curies":[{"name":"wp","href":"https:\/\/api.w.org\/{rel}","templated":true}]}}