{"id":345907,"date":"2025-08-26T19:30:11","date_gmt":"2025-08-26T19:30:11","guid":{"rendered":"https:\/\/www.europesays.com\/fr\/345907\/"},"modified":"2025-08-26T19:30:11","modified_gmt":"2025-08-26T19:30:11","slug":"us-open-la-solution-radicale-de-mcenroe-pour-medvedev-apres-son-petage-de-plombs-au-premier-tour","status":"publish","type":"post","link":"https:\/\/www.europesays.com\/fr\/345907\/","title":{"rendered":"US Open > La solution radicale de McEnroe pour Medvedev apr\u00e8s son p\u00e9tage de plombs au premier tour"},"content":{"rendered":"<p>Le compor\u00adte\u00adment plus que limite de Daniil Medvedev lors de sa d\u00e9faite face \u00e0 Benjamin Bonzi au premier tour de l\u2019US Open a fait beau\u00adcoup parler.\u00a0<\/p>\n<p>Ex\u201028e mondial et consul\u00adtant pour ESPN, Patrick McEnroe a conseill\u00e9 au 13e joueur mondial de faire une pause jusqu\u2019au d\u00e9but de saison prochaine.\u00a0<\/p>\n<blockquote class=\"twitter-tweet\" data-width=\"550\" data-dnt=\"true\">\n<p lang=\"en\" dir=\"ltr\">And Medvedev needs to take the rest of the year\u00a0off<\/p>\n<p>\u2014 Patrick McEnroe (@PatrickMcEnroe) <a href=\"https:\/\/twitter.com\/PatrickMcEnroe\/status\/1959841237269090755?ref_src=twsrc%5Etfw\" data-wpel-link=\"external\" target=\"_blank\" rel=\"nofollow external noopener\">August 25,\u00a02025<\/a><\/p><\/blockquote>\n<p><strong>\u00ab\u202fMedvedev a besoin s\u2019arr\u00eater pour le reste de l\u2019ann\u00e9e\u202f\u00bb<\/strong>, a r\u00e9agi le fr\u00e8re de John McEnroe sur le r\u00e9seau social X.\u00a0<\/p>\n<p class=\"post-published-date\" style=\"color: silver; font-size: 75%; text-align: left;\">Publi\u00e9 le mardi 26 ao\u00fbt 2025 \u00e0 19:35<\/p>\n<p><script async src=\"https:\/\/platform.twitter.com\/widgets.js\" charset=\"utf-8\"><\/script><\/p>\n","protected":false},"excerpt":{"rendered":"Le compor\u00adte\u00adment plus que limite de Daniil Medvedev lors de sa d\u00e9faite face \u00e0 Benjamin Bonzi au premier&hellip;\n","protected":false},"author":2,"featured_media":345908,"comment_status":"","ping_status":"","sticky":false,"template":"","format":"standard","meta":{"footnotes":""},"categories":[9],"tags":[3252,1011,27,60],"class_list":{"0":"post-345907","1":"post","2":"type-post","3":"status-publish","4":"format-standard","5":"has-post-thumbnail","7":"category-sports","8":"tag-daniil-medvedev","9":"tag-fr","10":"tag-france","11":"tag-sports"},"share_on_mastodon":{"url":"https:\/\/pubeurope.com\/@fr\/115096729959998780","error":""},"_links":{"self":[{"href":"https:\/\/www.europesays.com\/fr\/wp-json\/wp\/v2\/posts\/345907","targetHints":{"allow":["GET"]}}],"collection":[{"href":"https:\/\/www.europesays.com\/fr\/wp-json\/wp\/v2\/posts"}],"about":[{"href":"https:\/\/www.europesays.com\/fr\/wp-json\/wp\/v2\/types\/post"}],"author":[{"embeddable":true,"href":"https:\/\/www.europesays.com\/fr\/wp-json\/wp\/v2\/users\/2"}],"replies":[{"embeddable":true,"href":"https:\/\/www.europesays.com\/fr\/wp-json\/wp\/v2\/comments?post=345907"}],"version-history":[{"count":0,"href":"https:\/\/www.europesays.com\/fr\/wp-json\/wp\/v2\/posts\/345907\/revisions"}],"wp:featuredmedia":[{"embeddable":true,"href":"https:\/\/www.europesays.com\/fr\/wp-json\/wp\/v2\/media\/345908"}],"wp:attachment":[{"href":"https:\/\/www.europesays.com\/fr\/wp-json\/wp\/v2\/media?parent=345907"}],"wp:term":[{"taxonomy":"category","embeddable":true,"href":"https:\/\/www.europesays.com\/fr\/wp-json\/wp\/v2\/categories?post=345907"},{"taxonomy":"post_tag","embeddable":true,"href":"https:\/\/www.europesays.com\/fr\/wp-json\/wp\/v2\/tags?post=345907"}],"curies":[{"name":"wp","href":"https:\/\/api.w.org\/{rel}","templated":true}]}}