{"id":345913,"date":"2025-08-26T19:33:11","date_gmt":"2025-08-26T19:33:11","guid":{"rendered":"https:\/\/www.europesays.com\/fr\/345913\/"},"modified":"2025-08-26T19:33:11","modified_gmt":"2025-08-26T19:33:11","slug":"le-canada-ecarte-le-francais-naval-group-pour-la-construction-de-ses-douze-futurs-sous-marins","status":"publish","type":"post","link":"https:\/\/www.europesays.com\/fr\/345913\/","title":{"rendered":"Le Canada \u00e9carte le fran\u00e7ais Naval Group pour la construction de ses douze futurs sous-marins"},"content":{"rendered":"<p><img fetchpriority=\"high\" decoding=\"async\" src=\"https:\/\/www.europesays.com\/fr\/wp-content\/uploads\/2025\/08\/shortfin-barracuda-20160427.jpg\" alt=\"\" width=\"590\" height=\"331\" class=\"alignnone size-full wp-image-36152\"  \/><\/p>\n<p>Quand, en septembre 2024, le Canada confirma son intention de se procurer douze nouveaux sous-marins dans le cadre d\u2019un programme d\u2019une valeur de 60 milliards de dollars canadiens [CAD], Naval Group se montra prudent. <\/p>\n<p>Alors qu\u2019il venait d\u2019\u00eatre d\u00e9clar\u00e9 vainqueur d\u2019un appel d\u2019offres \u00e9mis par les Pays-Bas avec le BlackSword Barracuda [ou classe Orka], l\u2019industriel fran\u00e7ais avait estim\u00e9 qu\u2019un projet strat\u00e9gique d\u2019une telle ampleur devait \u00eatre \u00ab\u00a0\u00e9tudi\u00e9 rigoureusement\u00a0\u00bb avant de prendre toute d\u00e9cision. Finalement, Naval Group fit savoir qu\u2019il prendrait part au processus de s\u00e9lection mis en place pour le \u00ab\u00a0Projet de sous-marins de patrouille canadiens\u00a0\u00bb. <\/p>\n<p>Puis, l\u2019une des exigences de la Marine royale canadienne [MRC] \u00e9tant de disposer de sous-marins capables de naviguer sous la glace et d\u2019assurer des missions de longue dur\u00e9e, Naval Group a pu compter opportun\u00e9ment sur le soutien de la Marine nationale, avec une escale du sous-marin nucl\u00e9aire d\u2019attaque [SNA] Tourville  \u00e0 Halifax. \u00ab\u00a0Opportun\u00e9ment\u00a0\u00bb car cette mission \u00e9tait pr\u00e9vue depuis longtemps. <\/p>\n<p>\u00ab\u00a0Ce b\u00e2timent de la Marine nationale vient d\u2019effectuer sa premi\u00e8re travers\u00e9e transatlantique. C\u2019est une excellente occasion pour partager une expertise op\u00e9rationnelle, humaine et industrielle. \u00c0 l\u2019heure o\u00f9 le Canada annonce vouloir relancer sa capacit\u00e9 sous-marine, la France peut ind\u00e9niablement apporter un savoir-faire unique\u00a0\u00bb, n\u2019avait d\u2019ailleurs pas manqu\u00e9 de souligner le colonel Bruno Heluin, l\u2019attach\u00e9 de d\u00e9fense pr\u00e8s l\u2019ambassade de France au Canada. <\/p>\n<p>Mais la prudence de Naval Group l\u2019a-t-elle desservi ? Toujours est-il que les autres industriels, \u00e0 commencer par l\u2019allemand TKMS et le sud-cor\u00e9en Hanwha Ocean, se mirent rapidement en ordre de marche pour tenter de remporter ce march\u00e9, notamment en scellant des partenariats avec des entreprises canadiennes. <\/p>\n<p>R\u00e9sultat : ce 26 ao\u00fbt, le gouvernement canadien <a href=\"https:\/\/www.canada.ca\/fr\/services-publics-approvisionnement\/nouvelles\/2025\/08\/le-gouvernement-du-canada-passe-a-la-prochaine-etape-du-processus-dapprovisionnement-du-programme-de-sous-marins-canadiens-de-patrouille.html\" rel=\"nofollow noopener\" target=\"_blank\">a annonc\u00e9<\/a> que TKMS et Hanwha Ocean \u00e9taient qualifi\u00e9s pour participer \u00e0 la seconde phase du Projet de sous-marins de patrouille canadiens [PSCP], Naval Group, Saab [associ\u00e9 \u00e0 Damen] et Navantia \u00e9tant \u00e9limin\u00e9s. <\/p>\n<p>\u00ab\u00a0Cette d\u00e9cision a \u00e9t\u00e9 fond\u00e9e sur une \u00e9valuation approfondie des besoins du Canada dans le cadre du PSCP, y compris les \u00e9ch\u00e9anciers de construction et de livraison de la nouvelle flotte de sous-marins. Le Canada a \u00e9galement collabor\u00e9 avec d\u2019autres gouvernements et forces arm\u00e9es pour \u00e9changer des le\u00e7ons apprises et en apprendre davantage sur leurs programmes respectifs d\u2019acquisition, d\u2019infrastructure et de maintien en puissance des sous-marins\u00a0\u00bb, a fait valoir le minist\u00e8re canadien de la Transformation du gouvernement, des Travaux publics et de l\u2019Approvisionnement, charg\u00e9 de ce dossier. <\/p>\n<p>Si le communiqu\u00e9 ne pr\u00e9cise pas les mod\u00e8les de sous-marins propos\u00e9s par TKMS et Hanwha Ocean, le choix devrait se faire entre le U212CD allemand et le KSS-III Batch 2 sud-cor\u00e9en. <\/p>\n<p>\u00ab\u00a0Dans le contexte mondial actuel qui continue d\u2019\u00e9voluer, le PSCP offre l\u2019occasion de diversifier les partenariats du Canada en mati\u00e8re de d\u00e9fense et de collaborer avec les alli\u00e9s et les partenaires, tout en cr\u00e9ant des opportunit\u00e9s \u00e0 long terme pour les industries maritime et de d\u00e9fense du Canada\u00a0\u00bb, a \u00e9galement soulign\u00e9 le minist\u00e8re. <\/p>\n<p>Sur ce point, et sans pr\u00e9sager de la suite, l\u2019offre de TKMS a sans doute un avantage sur celle de son concurrent sud-cor\u00e9en dans la mesure o\u00f9, en mai 2014, l\u2019Allemagne et la Norv\u00e8ge ont propos\u00e9 un partenariat \u00ab\u00a0strat\u00e9gique\u00a0\u00bb au Canada pour prot\u00e9ger les voies maritimes de l\u2019Arctique et de l\u2019Atlantique Nord. Ce qui est crucial pour Ottawa. Or, la marine royale norv\u00e9gienne et la marine allemande seront dot\u00e9es prochainement dot\u00e9es de sous-marins U212CD\u2026<\/p>\n<p>\u00ab\u00a0Le Canada franchit une nouvelle \u00e9tape dans l\u2019acquisition de sous-marins de nouvelle g\u00e9n\u00e9ration pour la Marine royale canadienne. Notre objectif consiste \u00e0 d\u00e9fendre notre souverainet\u00e9, \u00e0 prot\u00e9ger les Canadiens [\u2026] et \u00e0 veiller \u00e0 ce que nos Forces arm\u00e9es disposent des outils dont elles ont besoin. Le Programme de sous-marins canadiens de patrouille nous permet de renforcer nos alliances, de diversifier nos partenariats de d\u00e9fense et de cr\u00e9er des possibilit\u00e9s pour l\u2019industrie canadienne\u00a0\u00bb, a par ailleurs comment\u00e9 David J. McGuinty, le ministre canadien de la D\u00e9fense. <\/p>\n<p>Quoi qu\u2019il en soit, c\u2019est la seconde fois que la France \u00e9choue \u00e0 vendre des sous-marins au Canada. Dans les ann\u00e9es 1980, Ottawa \u00e9tait sur le point d\u2019acqu\u00e9rir jusqu\u2019\u00e0 12 SNA de type Rubis dans le cadre du programme CASAP [Canadian Submarine Acquisition Program]. Mais ce projet fut \u00ab\u00a0torpill\u00e9\u00a0\u00bb pour des raisons politiques. <\/p>\n","protected":false},"excerpt":{"rendered":"Quand, en septembre 2024, le Canada confirma son intention de se procurer douze nouveaux sous-marins dans le cadre&hellip;\n","protected":false},"author":2,"featured_media":345914,"comment_status":"","ping_status":"","sticky":false,"template":"","format":"standard","meta":{"footnotes":""},"categories":[6],"tags":[35,574,33,34,1011,27,48199,48200,22232,48201,15169,48202],"class_list":{"0":"post-345913","1":"post","2":"type-post","3":"status-publish","4":"format-standard","5":"has-post-thumbnail","7":"category-economie","8":"tag-business","9":"tag-canada","10":"tag-economie","11":"tag-economy","12":"tag-fr","13":"tag-france","14":"tag-hanwha-ocean","15":"tag-marine-royale-canadienne","16":"tag-naval-group","17":"tag-projet-de-sous-marins-de-patrouille-canadiens","18":"tag-sous-marins","19":"tag-tkms"},"share_on_mastodon":{"url":"https:\/\/pubeurope.com\/@fr\/115096741767902130","error":""},"_links":{"self":[{"href":"https:\/\/www.europesays.com\/fr\/wp-json\/wp\/v2\/posts\/345913","targetHints":{"allow":["GET"]}}],"collection":[{"href":"https:\/\/www.europesays.com\/fr\/wp-json\/wp\/v2\/posts"}],"about":[{"href":"https:\/\/www.europesays.com\/fr\/wp-json\/wp\/v2\/types\/post"}],"author":[{"embeddable":true,"href":"https:\/\/www.europesays.com\/fr\/wp-json\/wp\/v2\/users\/2"}],"replies":[{"embeddable":true,"href":"https:\/\/www.europesays.com\/fr\/wp-json\/wp\/v2\/comments?post=345913"}],"version-history":[{"count":0,"href":"https:\/\/www.europesays.com\/fr\/wp-json\/wp\/v2\/posts\/345913\/revisions"}],"wp:featuredmedia":[{"embeddable":true,"href":"https:\/\/www.europesays.com\/fr\/wp-json\/wp\/v2\/media\/345914"}],"wp:attachment":[{"href":"https:\/\/www.europesays.com\/fr\/wp-json\/wp\/v2\/media?parent=345913"}],"wp:term":[{"taxonomy":"category","embeddable":true,"href":"https:\/\/www.europesays.com\/fr\/wp-json\/wp\/v2\/categories?post=345913"},{"taxonomy":"post_tag","embeddable":true,"href":"https:\/\/www.europesays.com\/fr\/wp-json\/wp\/v2\/tags?post=345913"}],"curies":[{"name":"wp","href":"https:\/\/api.w.org\/{rel}","templated":true}]}}