{"id":345915,"date":"2025-08-26T19:34:11","date_gmt":"2025-08-26T19:34:11","guid":{"rendered":"https:\/\/www.europesays.com\/fr\/345915\/"},"modified":"2025-08-26T19:34:11","modified_gmt":"2025-08-26T19:34:11","slug":"donald-trump-souhaite-punir-de-la-peine-de-mort-tout-meurtre-a-washington","status":"publish","type":"post","link":"https:\/\/www.europesays.com\/fr\/345915\/","title":{"rendered":"Donald Trump souhaite punir de la peine de mort tout meurtre \u00e0 Washington"},"content":{"rendered":"<p>Apr\u00e8s avoir mobilis\u00e9 la Garde nationale dans les rues de la capitale am\u00e9ricaine, Donald Trump souhaite d\u00e9sormais y requ\u00e9rir la peine de mort, alors qu\u2019elle est abolie depuis 1981 \u00e0 Washington.<\/p>\n<p class=\"fig-paragraph\">Donald Trump a promis mardi que la peine de mort serait requise pour tout meurtre\u00a0<a href=\"http:\/\/www.lefigaro.fr\/international\/etats-unis-donald-trump-va-deployer-la-garde-nationale-a-washington-20250811\" data-fig-type=\"NewsFlash\" data-gtm-custom-categorie=\"navigation\" data-gtm-custom-action=\"crossclick\" data-gtm-custom-label=\"Contextuel\" data-gtm-event=\"customEventSPE\" data-fig-domain=\"LEFIGARO\" rel=\"nofollow noopener\" target=\"_blank\">commis \u00e0 Washington<\/a>, alors qu\u2019elle est abolie dans la capitale am\u00e9ricaine depuis 1981.<\/p>\n<p class=\"fig-paragraph\">\u00abSi quelqu\u2019un tue quelqu\u2019un dans la capitale, Washington D.C., nous allons requ\u00e9rir la peine de mort. Et c\u2019est fortement dissuasif\u00bb, a d\u00e9clar\u00e9 le pr\u00e9sident am\u00e9ricain lors d\u2019un conseil des ministres \u00e0 la Maison-Blanche. L\u2019administration Trump pourra requ\u00e9rir cette peine dans les affaires de meurtre pouvant \u00eatre instruites au niveau f\u00e9d\u00e9ral, mais non dans celles instruites au niveau local.<\/p>\n","protected":false},"excerpt":{"rendered":"Apr\u00e8s avoir mobilis\u00e9 la Garde nationale dans les rues de la capitale am\u00e9ricaine, Donald Trump souhaite d\u00e9sormais y&hellip;\n","protected":false},"author":2,"featured_media":345916,"comment_status":"","ping_status":"","sticky":false,"template":"","format":"standard","meta":{"footnotes":""},"categories":[5],"tags":[11,75,1011,27,14,12,942,2744,28],"class_list":{"0":"post-345915","1":"post","2":"type-post","3":"status-publish","4":"format-standard","5":"has-post-thumbnail","7":"category-international","8":"tag-actualites","9":"tag-donald-trump","10":"tag-fr","11":"tag-france","12":"tag-international","13":"tag-news","14":"tag-peine-de-mort","15":"tag-washington","16":"tag-world"},"share_on_mastodon":{"url":"https:\/\/pubeurope.com\/@fr\/115096745663623099","error":""},"_links":{"self":[{"href":"https:\/\/www.europesays.com\/fr\/wp-json\/wp\/v2\/posts\/345915","targetHints":{"allow":["GET"]}}],"collection":[{"href":"https:\/\/www.europesays.com\/fr\/wp-json\/wp\/v2\/posts"}],"about":[{"href":"https:\/\/www.europesays.com\/fr\/wp-json\/wp\/v2\/types\/post"}],"author":[{"embeddable":true,"href":"https:\/\/www.europesays.com\/fr\/wp-json\/wp\/v2\/users\/2"}],"replies":[{"embeddable":true,"href":"https:\/\/www.europesays.com\/fr\/wp-json\/wp\/v2\/comments?post=345915"}],"version-history":[{"count":0,"href":"https:\/\/www.europesays.com\/fr\/wp-json\/wp\/v2\/posts\/345915\/revisions"}],"wp:featuredmedia":[{"embeddable":true,"href":"https:\/\/www.europesays.com\/fr\/wp-json\/wp\/v2\/media\/345916"}],"wp:attachment":[{"href":"https:\/\/www.europesays.com\/fr\/wp-json\/wp\/v2\/media?parent=345915"}],"wp:term":[{"taxonomy":"category","embeddable":true,"href":"https:\/\/www.europesays.com\/fr\/wp-json\/wp\/v2\/categories?post=345915"},{"taxonomy":"post_tag","embeddable":true,"href":"https:\/\/www.europesays.com\/fr\/wp-json\/wp\/v2\/tags?post=345915"}],"curies":[{"name":"wp","href":"https:\/\/api.w.org\/{rel}","templated":true}]}}