{"id":34592,"date":"2025-04-18T17:45:09","date_gmt":"2025-04-18T17:45:09","guid":{"rendered":"https:\/\/www.europesays.com\/fr\/34592\/"},"modified":"2025-04-18T17:45:09","modified_gmt":"2025-04-18T17:45:09","slug":"la-police-lance-un-avis-de-recherche","status":"publish","type":"post","link":"https:\/\/www.europesays.com\/fr\/34592\/","title":{"rendered":"la police lance un avis de recherche"},"content":{"rendered":"<p>            Par<br \/>\n        <strong><br \/>\n            <a href=\"https:\/\/actu.fr\/auteur\/guillaume-laurens\" title=\"Consulter tous les articles de Guillaume Laurens\" rel=\"nofollow noopener\" target=\"_blank\">Guillaume Laurens<\/a><br \/>\n        <\/strong><\/p>\n<p>        Publi\u00e9 le<\/p>\n<p>            17 avr. 2025 \u00e0 12h01        <\/p>\n<p>Cela fait plus de dix jours qu\u2019elle s\u2019est volatilis\u00e9e. La police nationale de Haute-Garonne lance, ce jeudi 17\u00a0avril 2025, un <a href=\"https:\/\/actu.fr\/tag\/appel-a-temoins\" rel=\"nofollow noopener\" target=\"_blank\"><strong>appel \u00e0 t\u00e9moins<\/strong><\/a> apr\u00e8s la disparition inqui\u00e9tante d\u2019une adolescente de 14\u00a0ans dans la r\u00e9gion de <a href=\"https:\/\/actu.fr\/toulouse\/\" rel=\"nofollow noopener\" target=\"_blank\"><strong>Toulouse<\/strong><\/a>.<\/p>\n<p>Chlo\u00e9 (ou Inaya) a disparu depuis 11\u00a0jours<\/p>\n<p class=\" wall-content\">Ce jeudi en fin de matin\u00e9e, la police a donc officiellement \u00e9mis un <strong>avis de recherche<\/strong> apr\u00e8s la <strong>\u00ab\u2009disparition inqui\u00e9tante<\/strong> de personne mineure\u2009\u00bb\u2009: <strong>Chlo\u00e9<\/strong>, qui se fait \u00e9galement appeler <strong>Inaya<\/strong>, est \u00ab\u2009port\u00e9e disparue depuis le 6\u00a0avril 2025\u2009\u00bb, pr\u00e9cise la police.<\/p>\n<p class=\" wall-content\">\u00c2g\u00e9e de <strong>14\u00a0ans<\/strong> seulement, la jeune fille porte des cheveux tr\u00e8s longs, ch\u00e2tains et raides. De corpulence \u00ab\u2009forte\u2009\u00bb, elle mesure 1,50 m\u00e8tre et a les yeux bleus, pr\u00e9cise cet avis de recherche.<\/p>\n<p>      <img   decoding=\"async\" loading=\"lazy\" src=\"https:\/\/www.europesays.com\/fr\/wp-content\/uploads\/2025\/04\/appel-a-temoins-police-chloe-toulouse-960x640.jpg\" alt=\"Voici l'avis de recherche envoy\u00e9 par la police ce jeudi 17 avril 2025 \u00e0 Actu Toulouse\" width=\"960\" height=\"640\"\/><br \/>\n    Voici l\u2019avis de recherche envoy\u00e9 par la police ce jeudi 17\u00a0avril 2025 \u00e0 Actu Toulouse (\u00a9Police nationale)Flyers et messages sur les r\u00e9seaux sociaux<\/p>\n<p class=\" wall-content\">Depuis plusieurs jours, les parents et proches de la jeune fille ont multipli\u00e9 les <strong>messages<\/strong> d\u00e9sesp\u00e9r\u00e9s sur les <strong>r\u00e9seaux sociaux<\/strong>, dans l\u2019espoir de retrouver la jeune fille. Ils ont aussi distribu\u00e9 <strong>des flyers<\/strong> dans les quartiers populaires et en centre-ville de Toulouse. Scolaris\u00e9e dans un coll\u00e8ge de Colomiers, l\u2019adolescente aurait \u00e9t\u00e9 vue dans les quartiers de Bagatelle et de La Faourette, pr\u00e9cise la police \u00e0 Actu Toulouse.<\/p>\n<p>Vid\u00e9os : en ce moment sur Actu<\/p>\n<p><strong>Qui contacter\u2009?<\/strong><br \/>Si vous avez des informations sur cette disparition inqui\u00e9tante, contactez les enqu\u00eateurs du groupe de protection de la famille au 05\u200961\u200912\u200976\u200996 ou au 07\u200989\u200924\u200924\u200903. Le commissariat de Toulouse est aussi joignable au 05 61 12 77 77.<\/p>\n<p class=\" wall-content\">Suivez toute l\u2019actualit\u00e9 de vos villes et m\u00e9dias favoris en vous inscrivant \u00e0 <a href=\"https:\/\/moncompte.actu.fr\" title=\"D\u00e9couvez Mon Actu\" rel=\"nofollow noopener\" data-trk=\"{&quot;cta&quot;:{&quot;action&quot;:&quot;https:\\\/\\\/moncompte.actu.fr&quot;,&quot;category&quot;:&quot;mon compte&quot;,&quot;from&quot;:&quot;article footer&quot;,&quot;name&quot;:&quot;Mon actu&quot;,&quot;type&quot;:&quot;cta&quot;}}\" target=\"_blank\">Mon Actu<\/a>.<\/p>\n","protected":false},"excerpt":{"rendered":"Par Guillaume Laurens Publi\u00e9 le 17 avr. 2025 \u00e0 12h01 Cela fait plus de dix jours qu\u2019elle s\u2019est&hellip;\n","protected":false},"author":2,"featured_media":34593,"comment_status":"","ping_status":"","sticky":false,"template":"","format":"standard","meta":{"footnotes":""},"categories":[2816],"tags":[1111,11,4260,3676,1777,674,118,1011,27,12,2680,1072,25,2312],"class_list":{"0":"post-34592","1":"post","2":"type-post","3":"status-publish","4":"format-standard","5":"has-post-thumbnail","7":"category-toulouse","8":"tag-actu","9":"tag-actualites","10":"tag-appel-a-temoins","11":"tag-disparition-inquietante","12":"tag-eu","13":"tag-europe","14":"tag-faits-divers","15":"tag-fr","16":"tag-france","17":"tag-news","18":"tag-occitanie","19":"tag-police","20":"tag-republique-francaise","21":"tag-toulouse"},"share_on_mastodon":{"url":"https:\/\/pubeurope.com\/@fr\/114360216736539863","error":""},"_links":{"self":[{"href":"https:\/\/www.europesays.com\/fr\/wp-json\/wp\/v2\/posts\/34592","targetHints":{"allow":["GET"]}}],"collection":[{"href":"https:\/\/www.europesays.com\/fr\/wp-json\/wp\/v2\/posts"}],"about":[{"href":"https:\/\/www.europesays.com\/fr\/wp-json\/wp\/v2\/types\/post"}],"author":[{"embeddable":true,"href":"https:\/\/www.europesays.com\/fr\/wp-json\/wp\/v2\/users\/2"}],"replies":[{"embeddable":true,"href":"https:\/\/www.europesays.com\/fr\/wp-json\/wp\/v2\/comments?post=34592"}],"version-history":[{"count":0,"href":"https:\/\/www.europesays.com\/fr\/wp-json\/wp\/v2\/posts\/34592\/revisions"}],"wp:featuredmedia":[{"embeddable":true,"href":"https:\/\/www.europesays.com\/fr\/wp-json\/wp\/v2\/media\/34593"}],"wp:attachment":[{"href":"https:\/\/www.europesays.com\/fr\/wp-json\/wp\/v2\/media?parent=34592"}],"wp:term":[{"taxonomy":"category","embeddable":true,"href":"https:\/\/www.europesays.com\/fr\/wp-json\/wp\/v2\/categories?post=34592"},{"taxonomy":"post_tag","embeddable":true,"href":"https:\/\/www.europesays.com\/fr\/wp-json\/wp\/v2\/tags?post=34592"}],"curies":[{"name":"wp","href":"https:\/\/api.w.org\/{rel}","templated":true}]}}