{"id":345920,"date":"2025-08-26T19:37:21","date_gmt":"2025-08-26T19:37:21","guid":{"rendered":"https:\/\/www.europesays.com\/fr\/345920\/"},"modified":"2025-08-26T19:37:21","modified_gmt":"2025-08-26T19:37:21","slug":"immersion-dans-les-bus-infos-de-la-stas","status":"publish","type":"post","link":"https:\/\/www.europesays.com\/fr\/345920\/","title":{"rendered":"immersion dans les Bus infos de la Stas"},"content":{"rendered":"<p>Le soleil sort de la grisaille matinale de ce jeudi 21\u00a0ao\u00fbt sur la place du Breuil de Firminy. En face de l\u2019\u00e9glise Saint-Firmin, un bus de la Stas (Soci\u00e9t\u00e9 de transport de l\u2019agglom\u00e9ration st\u00e9phanoise) un peu particulier s\u2019est gar\u00e9. Alors que son auvent n\u2019est pas encore lev\u00e9, une queue d\u2019une dizaine de personnes patiente d\u00e9j\u00e0.<\/p>\n<p>Pourtant, ce bus ne va les emmener nulle part\u00a0: il restera immobile durant trois heures. Il s\u2019agit du bus infos Stas\u00a0: un moyen pour la Stas de se rapprocher de ses usagers \u00e9loign\u00e9s de Saint-\u00c9tienne.<\/p>\n<p>Cr\u00e9ation d\u2019abonnement et plan des lignes<\/p>\n<p>Camille vient pour la premi\u00e8re fois. Cette jeune fille va devoir se rendre en cours \u00e0 Notre-Dame-du-Ch\u00e2teau \u00e0 Monistrol-sur-Loire (Haute-Loire)\u00a0: \u00ab\u00a0Je n\u2019ai pas trop le choix pour me rendre en cours. Je&#8230;<\/p>\n","protected":false},"excerpt":{"rendered":"Le soleil sort de la grisaille matinale de ce jeudi 21\u00a0ao\u00fbt sur la place du Breuil de Firminy.&hellip;\n","protected":false},"author":2,"featured_media":345921,"comment_status":"","ping_status":"","sticky":false,"template":"","format":"standard","meta":{"footnotes":""},"categories":[9653],"tags":[1111,11,2430,7539,1777,674,10282,10283,1011,27,3367,12,25,4001,2803],"class_list":{"0":"post-345920","1":"post","2":"type-post","3":"status-publish","4":"format-standard","5":"has-post-thumbnail","7":"category-saint-etienne","8":"tag-actu","9":"tag-actualites","10":"tag-auvergne-rhone-alpes","11":"tag-edition-loire-sud","12":"tag-eu","13":"tag-europe","14":"tag-firminy","15":"tag-firminy-ville","16":"tag-fr","17":"tag-france","18":"tag-loire","19":"tag-news","20":"tag-republique-francaise","21":"tag-saint-etienne","22":"tag-transport"},"share_on_mastodon":{"url":"https:\/\/pubeurope.com\/@fr\/115096757436588067","error":""},"_links":{"self":[{"href":"https:\/\/www.europesays.com\/fr\/wp-json\/wp\/v2\/posts\/345920","targetHints":{"allow":["GET"]}}],"collection":[{"href":"https:\/\/www.europesays.com\/fr\/wp-json\/wp\/v2\/posts"}],"about":[{"href":"https:\/\/www.europesays.com\/fr\/wp-json\/wp\/v2\/types\/post"}],"author":[{"embeddable":true,"href":"https:\/\/www.europesays.com\/fr\/wp-json\/wp\/v2\/users\/2"}],"replies":[{"embeddable":true,"href":"https:\/\/www.europesays.com\/fr\/wp-json\/wp\/v2\/comments?post=345920"}],"version-history":[{"count":0,"href":"https:\/\/www.europesays.com\/fr\/wp-json\/wp\/v2\/posts\/345920\/revisions"}],"wp:featuredmedia":[{"embeddable":true,"href":"https:\/\/www.europesays.com\/fr\/wp-json\/wp\/v2\/media\/345921"}],"wp:attachment":[{"href":"https:\/\/www.europesays.com\/fr\/wp-json\/wp\/v2\/media?parent=345920"}],"wp:term":[{"taxonomy":"category","embeddable":true,"href":"https:\/\/www.europesays.com\/fr\/wp-json\/wp\/v2\/categories?post=345920"},{"taxonomy":"post_tag","embeddable":true,"href":"https:\/\/www.europesays.com\/fr\/wp-json\/wp\/v2\/tags?post=345920"}],"curies":[{"name":"wp","href":"https:\/\/api.w.org\/{rel}","templated":true}]}}