{"id":345932,"date":"2025-08-26T19:45:12","date_gmt":"2025-08-26T19:45:12","guid":{"rendered":"https:\/\/www.europesays.com\/fr\/345932\/"},"modified":"2025-08-26T19:45:12","modified_gmt":"2025-08-26T19:45:12","slug":"deux-livreurs-ubereats-reglent-leurs-comptes-lun-finit-blesse","status":"publish","type":"post","link":"https:\/\/www.europesays.com\/fr\/345932\/","title":{"rendered":"deux livreurs UberEats r\u00e8glent leurs comptes, l\u2019un finit bless\u00e9"},"content":{"rendered":"<p>            Par<br \/>\n        <strong><br \/>\n            <a href=\"https:\/\/actu.fr\/auteur\/lea-pippinato\" title=\"Consulter tous les articles de L\u00e9a Pippinato\" target=\"_blank\" rel=\"noopener\">L\u00e9a Pippinato<\/a><br \/>\n        <\/strong><\/p>\n<p>        Publi\u00e9 le<\/p>\n<p>            26 ao\u00fbt 2025 \u00e0 19h01        <\/p>\n<p><strong>Ce samedi 23 ao\u00fbt 2025<\/strong>, vers 22h, la <strong>Bac<\/strong> (brigade anti-criminalit\u00e9) est appel\u00e9e rue Pag\u00e9zy \u00e0 <strong>Montpellier<\/strong>. Deux hommes se disputent violemment. Les policiers d\u00e9couvrent une victime bless\u00e9e \u00e0 la cuisse et \u00e0 l\u2019arcade. Les plaies saignent mais ses jours ne sont pas en danger. L\u2019auteur des coups a d\u00e9j\u00e0 quitt\u00e9 les lieux.<\/p>\n<p>    <a href=\"https:\/\/www.google.com\/maps\/embed?pb=!1m18!1m12!1m3!1d23114.090373704526!2d3.8371328!3d43.6011008!2m3!1f0!2f0!3f0!3m2!1i1024!2i768!4f13.1!3m3!1m2!1s0x12b6afa4217c0ab1%3A0x9d4c72466ccf0621!2sRue%20Pagezy%2C%2034000%20Montpellier!5e0!3m2!1sfr!2sfr!4v1756137209253!5m2!1sfr!2sfr\" title=\"Ouvrie le lien\" target=\"_blank\" rel=\"noopener\">Cliquez ici pour visualiser le contenu<\/a><\/p>\n<p class=\" wall-content\">La Bac prend en chasse le suspect. L\u2019homme se dirige vers la rue Jules Ferry. Il grimpe \u00e0 l\u2019arri\u00e8re d\u2019un scooter conduit par un coll\u00e8gue. Ensemble, ils s\u2019\u00e9lancent en direction de Rondelet. Le deux-roues finit par s\u2019arr\u00eater mais seul le passager est interpell\u00e9. Le conducteur parvient \u00e0 dispara\u00eetre.<\/p>\n<p>Un diff\u00e9rend autour d\u2019un casque<\/p>\n<p class=\" wall-content\">Les deux protagonistes exercent la m\u00eame activit\u00e9. Ils livrent tous deux pour <strong>UberEats<\/strong>. Le suspect, \u00e2g\u00e9 de 27 ans et domicili\u00e9 \u00e0 Montpellier, explique aux enqu\u00eateurs que la victime lui aurait vol\u00e9 son casque. Il affirme l\u2019avoir reconnu sur son scooter. La victime, elle, assure avoir \u00e9t\u00e9 bless\u00e9e par coups de couteau. Elle ne souhaite toutefois pas d\u00e9poser plainte. Les policiers n\u2019ont retrouv\u00e9 aucune arme sur place. De son c\u00f4t\u00e9, l\u2019auteur des violences est plac\u00e9 au CRA (centre de r\u00e9tention administrative) de N\u00eemes.<\/p>\n<p class=\" wall-content\">Personnalisez votre actualit\u00e9 en ajoutant vos villes et m\u00e9dias en favori avec <a href=\"https:\/\/moncompte.actu.fr\" title=\"D\u00e9couvez Mon Actu\" rel=\"nofollow noopener\" data-trk=\"{&quot;cta&quot;:{&quot;action&quot;:&quot;https:\\\/\\\/moncompte.actu.fr&quot;,&quot;category&quot;:&quot;mon compte&quot;,&quot;from&quot;:&quot;article footer&quot;,&quot;name&quot;:&quot;Mon actu&quot;,&quot;type&quot;:&quot;cta&quot;}}\" target=\"_blank\">Mon Actu<\/a>.<\/p>\n","protected":false},"excerpt":{"rendered":"Par L\u00e9a Pippinato Publi\u00e9 le 26 ao\u00fbt 2025 \u00e0 19h01 Ce samedi 23 ao\u00fbt 2025, vers 22h, la&hellip;\n","protected":false},"author":2,"featured_media":345933,"comment_status":"","ping_status":"","sticky":false,"template":"","format":"standard","meta":{"footnotes":""},"categories":[9599],"tags":[1111,11,1777,674,118,1011,27,2208,12,2680,1072,25,7501],"class_list":{"0":"post-345932","1":"post","2":"type-post","3":"status-publish","4":"format-standard","5":"has-post-thumbnail","7":"category-montpellier","8":"tag-actu","9":"tag-actualites","10":"tag-eu","11":"tag-europe","12":"tag-faits-divers","13":"tag-fr","14":"tag-france","15":"tag-montpellier","16":"tag-news","17":"tag-occitanie","18":"tag-police","19":"tag-republique-francaise","20":"tag-violences-urbaines"},"share_on_mastodon":{"url":"https:\/\/pubeurope.com\/@fr\/115096788873626695","error":""},"_links":{"self":[{"href":"https:\/\/www.europesays.com\/fr\/wp-json\/wp\/v2\/posts\/345932","targetHints":{"allow":["GET"]}}],"collection":[{"href":"https:\/\/www.europesays.com\/fr\/wp-json\/wp\/v2\/posts"}],"about":[{"href":"https:\/\/www.europesays.com\/fr\/wp-json\/wp\/v2\/types\/post"}],"author":[{"embeddable":true,"href":"https:\/\/www.europesays.com\/fr\/wp-json\/wp\/v2\/users\/2"}],"replies":[{"embeddable":true,"href":"https:\/\/www.europesays.com\/fr\/wp-json\/wp\/v2\/comments?post=345932"}],"version-history":[{"count":0,"href":"https:\/\/www.europesays.com\/fr\/wp-json\/wp\/v2\/posts\/345932\/revisions"}],"wp:featuredmedia":[{"embeddable":true,"href":"https:\/\/www.europesays.com\/fr\/wp-json\/wp\/v2\/media\/345933"}],"wp:attachment":[{"href":"https:\/\/www.europesays.com\/fr\/wp-json\/wp\/v2\/media?parent=345932"}],"wp:term":[{"taxonomy":"category","embeddable":true,"href":"https:\/\/www.europesays.com\/fr\/wp-json\/wp\/v2\/categories?post=345932"},{"taxonomy":"post_tag","embeddable":true,"href":"https:\/\/www.europesays.com\/fr\/wp-json\/wp\/v2\/tags?post=345932"}],"curies":[{"name":"wp","href":"https:\/\/api.w.org\/{rel}","templated":true}]}}