{"id":345934,"date":"2025-08-26T19:49:12","date_gmt":"2025-08-26T19:49:12","guid":{"rendered":"https:\/\/www.europesays.com\/fr\/345934\/"},"modified":"2025-08-26T19:49:12","modified_gmt":"2025-08-26T19:49:12","slug":"grenoble-la-ceremonie-sur-la-rafle-bizanet-tourne-court-pendant-le-discours-dun-elu","status":"publish","type":"post","link":"https:\/\/www.europesays.com\/fr\/345934\/","title":{"rendered":"Grenoble. La c\u00e9r\u00e9monie sur la rafle Bizanet tourne court pendant le discours d\u2019un \u00e9lu"},"content":{"rendered":"<p>C\u2019est un rendez-vous traditionnel, m\u00e9moriel et \u00e9mouvant qui a lieu toutes les fins d\u2019\u00e9t\u00e9 \u00e0 Grenoble. Ann\u00e9e apr\u00e8s ann\u00e9e, de moins en moins de personnes viennent y assister, et pourtant, il s\u2019agit de se souvenir d\u2019un des moments les plus tristes du XXe\u00a0si\u00e8cle de la capitale des Alpes. Quelques semaines apr\u00e8s la rafle du Vel d\u2019Hiv \u00e0 Paris, une autre rafle de grande ampleur \u00e9tait organis\u00e9e en Is\u00e8re par le gouvernement de Vichy. Ainsi, <a href=\"https:\/\/www.ledauphine.com\/isere-sud\/2012\/09\/01\/jean-stern-l-iserois-rescape-de-la-rafle-oubliee\" target=\"_blank\" rel=\"noopener\">le 26\u00a0ao\u00fbt 1942<\/a>, 353\u00a0hommes, femmes et enfants juifs furent arr\u00eat\u00e9s et conduits \u00e0 la caserne Bizanet de Grenoble. Certains furent rel\u00e2ch\u00e9s, d\u2019autres non. Envoy\u00e9s \u00e0 V\u00e9nissieux, puis \u00e0 Drancy, direction Auschwitz.<\/p>\n<p>Ce mardi \u00e0 Grenoble, pour le 83e anniversaire de l\u2019\u00e9v\u00e9nement, une c\u00e9r\u00e9monie \u00e9tait organis\u00e9e devant l\u2019\u00e9cole, en souvenir&#8230;<\/p>\n","protected":false},"excerpt":{"rendered":"C\u2019est un rendez-vous traditionnel, m\u00e9moriel et \u00e9mouvant qui a lieu toutes les fins d\u2019\u00e9t\u00e9 \u00e0 Grenoble. Ann\u00e9e apr\u00e8s&hellip;\n","protected":false},"author":2,"featured_media":345935,"comment_status":"","ping_status":"","sticky":false,"template":"","format":"standard","meta":{"footnotes":""},"categories":[9566],"tags":[1111,11,2430,3206,112,1777,674,1011,27,2731,2732,108,12,316,25,104],"class_list":{"0":"post-345934","1":"post","2":"type-post","3":"status-publish","4":"format-standard","5":"has-post-thumbnail","7":"category-grenoble","8":"tag-actu","9":"tag-actualites","10":"tag-auvergne-rhone-alpes","11":"tag-defense-guerre-conflit","12":"tag-edition-grenoble-agglomeration","13":"tag-eu","14":"tag-europe","15":"tag-fr","16":"tag-france","17":"tag-grenoble","18":"tag-grenoble-bassin","19":"tag-isere","20":"tag-news","21":"tag-politique","22":"tag-republique-francaise","23":"tag-societe"},"share_on_mastodon":{"url":"https:\/\/pubeurope.com\/@fr\/115096804734116159","error":""},"_links":{"self":[{"href":"https:\/\/www.europesays.com\/fr\/wp-json\/wp\/v2\/posts\/345934","targetHints":{"allow":["GET"]}}],"collection":[{"href":"https:\/\/www.europesays.com\/fr\/wp-json\/wp\/v2\/posts"}],"about":[{"href":"https:\/\/www.europesays.com\/fr\/wp-json\/wp\/v2\/types\/post"}],"author":[{"embeddable":true,"href":"https:\/\/www.europesays.com\/fr\/wp-json\/wp\/v2\/users\/2"}],"replies":[{"embeddable":true,"href":"https:\/\/www.europesays.com\/fr\/wp-json\/wp\/v2\/comments?post=345934"}],"version-history":[{"count":0,"href":"https:\/\/www.europesays.com\/fr\/wp-json\/wp\/v2\/posts\/345934\/revisions"}],"wp:featuredmedia":[{"embeddable":true,"href":"https:\/\/www.europesays.com\/fr\/wp-json\/wp\/v2\/media\/345935"}],"wp:attachment":[{"href":"https:\/\/www.europesays.com\/fr\/wp-json\/wp\/v2\/media?parent=345934"}],"wp:term":[{"taxonomy":"category","embeddable":true,"href":"https:\/\/www.europesays.com\/fr\/wp-json\/wp\/v2\/categories?post=345934"},{"taxonomy":"post_tag","embeddable":true,"href":"https:\/\/www.europesays.com\/fr\/wp-json\/wp\/v2\/tags?post=345934"}],"curies":[{"name":"wp","href":"https:\/\/api.w.org\/{rel}","templated":true}]}}