{"id":345937,"date":"2025-08-26T19:51:25","date_gmt":"2025-08-26T19:51:25","guid":{"rendered":"https:\/\/www.europesays.com\/fr\/345937\/"},"modified":"2025-08-26T19:51:25","modified_gmt":"2025-08-26T19:51:25","slug":"appel-a-temoignages-rennes-vous-etes-separee-et-la-rentree-scolaire-est-source-de-disputes-avec-votre-co-parent-racontez-nous","status":"publish","type":"post","link":"https:\/\/www.europesays.com\/fr\/345937\/","title":{"rendered":"Appel \u00e0 t\u00e9moignages. Rennes. Vous \u00eates s\u00e9par\u00e9(e) et la rentr\u00e9e scolaire est source de disputes avec votre co-parent ? Racontez-nous"},"content":{"rendered":"<p>            Par<br \/>\n        <strong><br \/>\n            <a href=\"https:\/\/actu.fr\/auteur\/redaction-rennes\" title=\"Consulter tous les articles de R\u00e9daction Rennes\" rel=\"nofollow noopener\" target=\"_blank\">R\u00e9daction Rennes<\/a><br \/>\n        <\/strong><\/p>\n<p>        Publi\u00e9 le<\/p>\n<p>            26 ao\u00fbt 2025 \u00e0 15h30        <\/p>\n<p><strong>Lundi 1\u1d49\u02b3 septembre<\/strong> arrive. Cartable sur le dos, votre enfant est pr\u00eat \u00e0 reprendre l\u2019\u00e9cole. Mais vous, parents, \u00eates-vous par\u00e9s \u00e0 affronter cette reprise scolaire\u2009? Les questions pos\u00e9es par la rentr\u00e9e sont g\u00e9n\u00e9ralement l\u2019occasion pour les parents s\u00e9par\u00e9s de se prendre la t\u00eate.<\/p>\n<p>\u00c0 qui aura le dernier mot<\/p>\n<p class=\" wall-content\">Qui choisit la tenue de l\u2019enfant\u2009? Qui le d\u00e9pose \u00e0 l\u2019\u00e9cole\u2009? Qui paie les frais de scolarit\u00e9\u2009? Toutes ces probl\u00e9matiques peuvent rapidement provoquer <strong>des tensions avec votre<\/strong> ex. De la discussion \u00e0 la dispute, il n\u2019y a souvent qu\u2019un pas.<\/p>\n<p class=\" wall-content\">Alors si vous vous reconnaissez dans cette situation. Si vous aussi, vous avez connu <strong>des discordes avec votre ex-conjoint(e) au sujet de la rentr\u00e9e de votre enfant<\/strong>, partagez votre t\u00e9moignage avec actu Rennes.<\/p>\n<p class=\" wall-content\">Veuillez renseigner votre pr\u00e9nom, \u00e9ventuellement votre nom et votre num\u00e9ro de t\u00e9l\u00e9phone pour que nous puissions vous recontacter.<\/p>\n<p class=\" wall-content\">Personnalisez votre actualit\u00e9 en ajoutant vos villes et m\u00e9dias en favori avec <a href=\"https:\/\/moncompte.actu.fr\" title=\"D\u00e9couvez Mon Actu\" rel=\"nofollow noopener\" data-trk=\"{&quot;cta&quot;:{&quot;action&quot;:&quot;https:\\\/\\\/moncompte.actu.fr&quot;,&quot;category&quot;:&quot;mon compte&quot;,&quot;from&quot;:&quot;article footer&quot;,&quot;name&quot;:&quot;Mon actu&quot;,&quot;type&quot;:&quot;cta&quot;}}\" target=\"_blank\">Mon Actu<\/a>.<\/p>\n","protected":false},"excerpt":{"rendered":"Par R\u00e9daction Rennes Publi\u00e9 le 26 ao\u00fbt 2025 \u00e0 15h30 Lundi 1\u1d49\u02b3 septembre arrive. Cartable sur le dos,&hellip;\n","protected":false},"author":2,"featured_media":345938,"comment_status":"","ping_status":"","sticky":false,"template":"","format":"standard","meta":{"footnotes":""},"categories":[2821],"tags":[1111,11,829,1719,1777,674,1011,27,12,584,10918,25,104],"class_list":{"0":"post-345937","1":"post","2":"type-post","3":"status-publish","4":"format-standard","5":"has-post-thumbnail","7":"category-rennes","8":"tag-actu","9":"tag-actualites","10":"tag-bretagne","11":"tag-enfants","12":"tag-eu","13":"tag-europe","14":"tag-fr","15":"tag-france","16":"tag-news","17":"tag-rennes","18":"tag-rentree-scolaire","19":"tag-republique-francaise","20":"tag-societe"},"share_on_mastodon":{"url":"https:\/\/pubeurope.com\/@fr\/115096812471928977","error":""},"_links":{"self":[{"href":"https:\/\/www.europesays.com\/fr\/wp-json\/wp\/v2\/posts\/345937","targetHints":{"allow":["GET"]}}],"collection":[{"href":"https:\/\/www.europesays.com\/fr\/wp-json\/wp\/v2\/posts"}],"about":[{"href":"https:\/\/www.europesays.com\/fr\/wp-json\/wp\/v2\/types\/post"}],"author":[{"embeddable":true,"href":"https:\/\/www.europesays.com\/fr\/wp-json\/wp\/v2\/users\/2"}],"replies":[{"embeddable":true,"href":"https:\/\/www.europesays.com\/fr\/wp-json\/wp\/v2\/comments?post=345937"}],"version-history":[{"count":0,"href":"https:\/\/www.europesays.com\/fr\/wp-json\/wp\/v2\/posts\/345937\/revisions"}],"wp:featuredmedia":[{"embeddable":true,"href":"https:\/\/www.europesays.com\/fr\/wp-json\/wp\/v2\/media\/345938"}],"wp:attachment":[{"href":"https:\/\/www.europesays.com\/fr\/wp-json\/wp\/v2\/media?parent=345937"}],"wp:term":[{"taxonomy":"category","embeddable":true,"href":"https:\/\/www.europesays.com\/fr\/wp-json\/wp\/v2\/categories?post=345937"},{"taxonomy":"post_tag","embeddable":true,"href":"https:\/\/www.europesays.com\/fr\/wp-json\/wp\/v2\/tags?post=345937"}],"curies":[{"name":"wp","href":"https:\/\/api.w.org\/{rel}","templated":true}]}}