{"id":345939,"date":"2025-08-26T19:52:12","date_gmt":"2025-08-26T19:52:12","guid":{"rendered":"https:\/\/www.europesays.com\/fr\/345939\/"},"modified":"2025-08-26T19:52:12","modified_gmt":"2025-08-26T19:52:12","slug":"pres-de-rennes-un-ministre-attendu-ce-mercredi-pour-linauguration-dun-commissariat","status":"publish","type":"post","link":"https:\/\/www.europesays.com\/fr\/345939\/","title":{"rendered":"Pr\u00e8s de Rennes, un ministre attendu ce mercredi pour l\u2019inauguration d\u2019un commissariat"},"content":{"rendered":"<p>Le 26 ao\u00fbt 2025 \u00e0 21h15<\/p>\n<p class=\"tlg-h5\">Le ministre d\u00e9l\u00e9gu\u00e9 aupr\u00e8s du ministre de l\u2019Int\u00e9rieur Fran\u00e7ois-No\u00ebl Buffet est attendu mercredi soir \u00e0 Cesson-S\u00e9vign\u00e9, pr\u00e8s de Rennes, o\u00f9 doit \u00eatre inaugur\u00e9 un nouveau commissariat.<\/p>\n<p><img fetchpriority=\"high\" decoding=\"async\" src=\"https:\/\/www.europesays.com\/fr\/wp-content\/uploads\/2025\/08\/68ae07e78ffec6883b0bc731.1.jpeg\" width=\"960\" height=\"600\" class=\"web_golden_xl\" loading=\"eager\" alt=\"Francois-No\u00ebl Buffet est attendu mercredi soir \u00e0 Cesson-S\u00e9vign\u00e9 lors de l\u2019inauguration de l\u2019h\u00f4tel des polices mutualis\u00e9es.\"\/>Francois-No\u00ebl Buffet est attendu mercredi soir \u00e0 Cesson-S\u00e9vign\u00e9 lors de l\u2019inauguration de l\u2019h\u00f4tel des polices mutualis\u00e9es. (Magali Cohen\/Hans Lucas via AFP)<\/p>\n","protected":false},"excerpt":{"rendered":"Le 26 ao\u00fbt 2025 \u00e0 21h15 Le ministre d\u00e9l\u00e9gu\u00e9 aupr\u00e8s du ministre de l\u2019Int\u00e9rieur Fran\u00e7ois-No\u00ebl Buffet est attendu&hellip;\n","protected":false},"author":2,"featured_media":345940,"comment_status":"","ping_status":"","sticky":false,"template":"","format":"standard","meta":{"footnotes":""},"categories":[2821],"tags":[1111,11,829,765,1777,674,1011,27,848,12,584,25],"class_list":{"0":"post-345939","1":"post","2":"type-post","3":"status-publish","4":"format-standard","5":"has-post-thumbnail","7":"category-rennes","8":"tag-actu","9":"tag-actualites","10":"tag-bretagne","11":"tag-en-continu","12":"tag-eu","13":"tag-europe","14":"tag-fr","15":"tag-france","16":"tag-ille-et-vilaine","17":"tag-news","18":"tag-rennes","19":"tag-republique-francaise"},"share_on_mastodon":{"url":"https:\/\/pubeurope.com\/@fr\/115096816769223381","error":""},"_links":{"self":[{"href":"https:\/\/www.europesays.com\/fr\/wp-json\/wp\/v2\/posts\/345939","targetHints":{"allow":["GET"]}}],"collection":[{"href":"https:\/\/www.europesays.com\/fr\/wp-json\/wp\/v2\/posts"}],"about":[{"href":"https:\/\/www.europesays.com\/fr\/wp-json\/wp\/v2\/types\/post"}],"author":[{"embeddable":true,"href":"https:\/\/www.europesays.com\/fr\/wp-json\/wp\/v2\/users\/2"}],"replies":[{"embeddable":true,"href":"https:\/\/www.europesays.com\/fr\/wp-json\/wp\/v2\/comments?post=345939"}],"version-history":[{"count":0,"href":"https:\/\/www.europesays.com\/fr\/wp-json\/wp\/v2\/posts\/345939\/revisions"}],"wp:featuredmedia":[{"embeddable":true,"href":"https:\/\/www.europesays.com\/fr\/wp-json\/wp\/v2\/media\/345940"}],"wp:attachment":[{"href":"https:\/\/www.europesays.com\/fr\/wp-json\/wp\/v2\/media?parent=345939"}],"wp:term":[{"taxonomy":"category","embeddable":true,"href":"https:\/\/www.europesays.com\/fr\/wp-json\/wp\/v2\/categories?post=345939"},{"taxonomy":"post_tag","embeddable":true,"href":"https:\/\/www.europesays.com\/fr\/wp-json\/wp\/v2\/tags?post=345939"}],"curies":[{"name":"wp","href":"https:\/\/api.w.org\/{rel}","templated":true}]}}