{"id":34594,"date":"2025-04-18T17:46:09","date_gmt":"2025-04-18T17:46:09","guid":{"rendered":"https:\/\/www.europesays.com\/fr\/34594\/"},"modified":"2025-04-18T17:46:09","modified_gmt":"2025-04-18T17:46:09","slug":"privee-de-ses-subventions-publiques-la-biennale-toulouse-disparait-apres-3-editions","status":"publish","type":"post","link":"https:\/\/www.europesays.com\/fr\/34594\/","title":{"rendered":"Priv\u00e9e de ses subventions publiques, la Biennale Toulouse dispara\u00eet apr\u00e8s 3 \u00e9ditions"},"content":{"rendered":"<p>Le festival, en partie financ\u00e9 par les collectivit\u00e9s territoriales, prend fin alors qu\u2019il \u00e9tait en \u00ab\u00a0plein essor\u00a0\u00bb. Il avait accueilli l\u2019ann\u00e9e derni\u00e8re 21\u00a0000 spectateurs.<\/p>\n<p class=\"fig-paragraph\">Clap de fin. La Biennale de\u00a0<a href=\"http:\/\/www.lefigaro.fr\/culture\/a-toulouse-le-spectacle-la-porte-des-tenebres-indigne-les-eglises-mais-pas-les-organisateurs-et-la-mairie-20241021\" target=\"_blank\" data-fig-type=\"NewsFlash\" rel=\"noopener nofollow\" data-gtm-custom-categorie=\"navigation\" data-gtm-custom-action=\"crossclick\" data-gtm-custom-label=\"Contextuel\" data-gtm-event=\"customEventSPE\" data-fig-domain=\"LEFIGARO\">Toulouse\u00a0<\/a>a annonc\u00e9 dans un\u00a0<a href=\"https:\/\/labiennale-toulouse.com\/assets\/uploads\/2025\/04\/2025.04.15_LA-BIENNALE_Communique-de-presse.pdf\" target=\"_blank\" rel=\"nofollow noopener\" data-gtm-custom-categorie=\"navigation\" data-gtm-custom-action=\"crossclick\" data-gtm-custom-label=\"Contextuel\" data-gtm-event=\"customEventSPE\">communiqu\u00e9\u00a0<\/a>mardi 15 avril \u00eatre contrainte de renoncer \u00e0 son Festival international des arts vivants, faute de\u00a0<a href=\"http:\/\/www.lefigaro.fr\/actualite-france\/subventions-aux-ong-l-union-europeenne-perd-la-trace-de-milliards-d-euros-20250416\" target=\"_blank\" data-fig-type=\"NewsFlash\" rel=\"noopener nofollow\" data-gtm-custom-categorie=\"navigation\" data-gtm-custom-action=\"crossclick\" data-gtm-custom-label=\"Contextuel\" data-gtm-event=\"customEventSPE\" data-fig-domain=\"LEFIGARO\">subventions publiques<\/a>. La quatri\u00e8me \u00e9dition devait se d\u00e9rouler en septembre 2026 apr\u00e8s avoir \u00e9t\u00e9 lanc\u00e9e en 2019. \u00ab\u00a0Cet \u00e9v\u00e9nement au d\u00e9veloppement remarquable, \u00e0 la r\u00e9putation reconnue et \u00e0 la fr\u00e9quentation croissante va dispara\u00eetre en plein essor\u00a0\u00bb, regrette le Festival.<\/p>\n<p class=\"fig-paragraph\">Ce rendez-vous pour les amoureux d\u2019arts vivants fonctionnait en partie gr\u00e2ce aux subventions publiques. Ce budget permettait de financer l\u2019\u00e9quipe r\u00e9duite de coordination, la production, l\u2019aide \u00e0 la diffusion, l\u2019action artistique et culturelle, les journ\u00e9es professionnelles et la communication du festival. Pour l\u2019\u00e9dition 2024, la Direction r\u00e9gionale des affaires culturelles (DRAC) Occitanie, Toulouse M\u00e9tropole, R\u00e9gion Occitanie et le D\u00e9partement de la Haute-Garonne avaient contribu\u00e9 \u00e0 hauteur de 352 000 euros sur un budget total de 1 060 000 euros, pr\u00e9cise\u00a0<a href=\"https:\/\/www.francetvinfo.fr\/culture\/en-regions\/la-biennale-des-arts-vivants-de-toulouse-baisse-le-rideau-faute-de-subventions-publiques_7193031.html\" target=\"_blank\" rel=\"nofollow noopener\" data-gtm-custom-categorie=\"navigation\" data-gtm-custom-action=\"crossclick\" data-gtm-custom-label=\"Contextuel\" data-gtm-event=\"customEventSPE\">France Info.\u00a0<\/a><\/p>\n<p class=\"fig-body-link\">\n            \u00c0 lire aussi<br \/>\n        <a class=\"fig-body-link__link fig-premium-mark\" href=\"http:\/\/www.lefigaro.fr\/musique\/il-est-temps-de-repenser-le-modele-les-festivals-etrangles-par-la-hausse-des-cachets-des-artistes-20250411\" target=\"_blank\" data-fig-type=\"Article\" rel=\"noopener nofollow\" data-gtm-custom-categorie=\"navigation\" data-gtm-custom-action=\"crossclick\" data-gtm-custom-label=\"Contextuel\" data-gtm-event=\"customEventSPE\" data-fig-domain=\"LEFIGARO\">\u00abIl est temps de repenser le mod\u00e8le\u00bb: les festivals \u00e9trangl\u00e9s par la hausse des cachets des artistes<br \/>\n    <\/a>\n<\/p>\n<p class=\"fig-paragraph\">Cet \u00e9v\u00e9nement pluridisciplinaire se voulait une porte d\u2019entr\u00e9e vers les arts vivants et une invitation \u00e0 circuler entre les structures culturelles du territoire. \u00c0 titre d\u2019exemple, le festival proposait l\u2019ann\u00e9e derni\u00e8re des pi\u00e8ces de th\u00e9\u00e2tre mais aussi des spectacles de marionnette, du cirque, de la danse, des arts de la rue, des expositions d\u2019arts visuels et des concerts.<\/p>\n<p class=\"fig-paragraph\">Le festival a donn\u00e9 154 repr\u00e9sentations dans 32 lieux et a offert 25 propositions d\u2019actions artistiques et culturelles autour des spectacles (rencontres, conf\u00e9rences, ateliers). \u00ab\u00a0Ce sont donc tous les habitants de la m\u00e9tropole et au-del\u00e0 qui voient se fermer une fen\u00eatre sur le monde, dans une p\u00e9riode de repli sur soi dangereuse\u00a0\u00bb, regrettent am\u00e8rement les organisateurs. La troisi\u00e8me \u00e9dition, en 2024, a accueilli 103 artistes de 11 nationalit\u00e9s diff\u00e9rentes ainsi que 21\u00a0000 spectateurs.<\/p>\n","protected":false},"excerpt":{"rendered":"Le festival, en partie financ\u00e9 par les collectivit\u00e9s territoriales, prend fin alors qu\u2019il \u00e9tait en \u00ab\u00a0plein essor\u00a0\u00bb. Il&hellip;\n","protected":false},"author":2,"featured_media":34595,"comment_status":"","ping_status":"","sticky":false,"template":"","format":"standard","meta":{"footnotes":""},"categories":[2816],"tags":[1111,47,11,1350,1348,1345,650,251,1777,674,1349,849,1346,1011,27,1351,873,12,2680,25,10522,252,1347,2312,1352],"class_list":{"0":"post-34594","1":"post","2":"type-post","3":"status-publish","4":"format-standard","5":"has-post-thumbnail","7":"category-toulouse","8":"tag-actu","9":"tag-actualite","10":"tag-actualites","11":"tag-architecture","12":"tag-arts","13":"tag-cine","14":"tag-cinema","15":"tag-culture","16":"tag-eu","17":"tag-europe","18":"tag-expositions","19":"tag-festival","20":"tag-films","21":"tag-fr","22":"tag-france","23":"tag-litterature","24":"tag-musique","25":"tag-news","26":"tag-occitanie","27":"tag-republique-francaise","28":"tag-subventions","29":"tag-television","30":"tag-theatre","31":"tag-toulouse","32":"tag-urbanisme"},"share_on_mastodon":{"url":"https:\/\/pubeurope.com\/@fr\/114360220574153967","error":""},"_links":{"self":[{"href":"https:\/\/www.europesays.com\/fr\/wp-json\/wp\/v2\/posts\/34594","targetHints":{"allow":["GET"]}}],"collection":[{"href":"https:\/\/www.europesays.com\/fr\/wp-json\/wp\/v2\/posts"}],"about":[{"href":"https:\/\/www.europesays.com\/fr\/wp-json\/wp\/v2\/types\/post"}],"author":[{"embeddable":true,"href":"https:\/\/www.europesays.com\/fr\/wp-json\/wp\/v2\/users\/2"}],"replies":[{"embeddable":true,"href":"https:\/\/www.europesays.com\/fr\/wp-json\/wp\/v2\/comments?post=34594"}],"version-history":[{"count":0,"href":"https:\/\/www.europesays.com\/fr\/wp-json\/wp\/v2\/posts\/34594\/revisions"}],"wp:featuredmedia":[{"embeddable":true,"href":"https:\/\/www.europesays.com\/fr\/wp-json\/wp\/v2\/media\/34595"}],"wp:attachment":[{"href":"https:\/\/www.europesays.com\/fr\/wp-json\/wp\/v2\/media?parent=34594"}],"wp:term":[{"taxonomy":"category","embeddable":true,"href":"https:\/\/www.europesays.com\/fr\/wp-json\/wp\/v2\/categories?post=34594"},{"taxonomy":"post_tag","embeddable":true,"href":"https:\/\/www.europesays.com\/fr\/wp-json\/wp\/v2\/tags?post=34594"}],"curies":[{"name":"wp","href":"https:\/\/api.w.org\/{rel}","templated":true}]}}