{"id":345942,"date":"2025-08-26T19:54:10","date_gmt":"2025-08-26T19:54:10","guid":{"rendered":"https:\/\/www.europesays.com\/fr\/345942\/"},"modified":"2025-08-26T19:54:10","modified_gmt":"2025-08-26T19:54:10","slug":"un-an-apres-la-mort-deric-comyn-un-gendarme-blesse-apres-un-refus-dobtemperer","status":"publish","type":"post","link":"https:\/\/www.europesays.com\/fr\/345942\/","title":{"rendered":"un an apr\u00e8s la mort d\u2019Eric Comyn, un gendarme bless\u00e9 apr\u00e8s un refus d\u2019obtemp\u00e9rer"},"content":{"rendered":"<p class=\"intro \">Ce lundi, un an apr\u00e8s la mort du gendarme Eric Comyn, mortellement percut\u00e9 par un chauffard r\u00e9cidiviste, un policier a de nouveau \u00e9t\u00e9 bless\u00e9 apr\u00e8s le refus d&rsquo;obtemp\u00e9rer d&rsquo;un automobiliste \u00e0 Strasbourg. Ce dernier, \u00e2g\u00e9 de 40 ans, est tr\u00e8s d\u00e9favorablement connu des services de police.<\/p>\n<p>Encore un <a href=\"https:\/\/www.europe1.fr\/Police-Justice\/refus-dobtemperer-24900-delits-enregistres-en-2024-soit-une-baisse-de-2-sur-lannee-715121\" rel=\"nofollow noopener\" target=\"_blank\">refus d\u2019obtemp\u00e9rer<\/a> qui a bless\u00e9 un policier ! Lundi, \u00e0 Strasbourg, en plein apr\u00e8s-midi et en pleine ville, un automobiliste a fui un contr\u00f4le de police avant de foncer sur un agent. Un drame qui survient un an apr\u00e8s la mort du gendarme <a href=\"https:\/\/www.europe1.fr\/societe\/le-gendarme-eric-comyn-tue-il-y-a-un-an-pourquoi-la-these-de-laccident-ne-tient-pas-770112\" rel=\"nofollow noopener\" target=\"_blank\">Eric Comyn<\/a>, mortellement percut\u00e9 par un chauffard r\u00e9cidiviste sous l\u2019emprise de l\u2019alcool.<\/p>\n<p>    La suite apr\u00e8s cette publicit\u00e9<\/p>\n<p>    La suite apr\u00e8s cette publicit\u00e9<\/p>\n<p>\u00ab\u00a0Il a d\u00e9lib\u00e9r\u00e9ment fonc\u00e9 sur l\u2019un de mes coll\u00e8gues\u00a0\u00bb<\/p>\n<p>Il est 15H20, lundi, lorsque des policiers de la brigade motoris\u00e9e de Strasbourg tentent d\u2019interpeller un automobiliste qui a pris un sens interdit. Celui-ci refuse d\u2019obtemp\u00e9rer. Une course poursuite s\u2019engage alors et va durer une dizaine de minutes dans des rues tr\u00e8s emprunt\u00e9es, devant le commissariat, pr\u00e8s de l\u2019h\u00f4pital.<\/p>\n<p>Les policiers se mettent alors en travers de la route du chauffard, raconte Sylvain Andr\u00e9, porte-parole du syndicat Alliance du Bas-Rhin. \u00ab\u00a0Il a d\u00e9lib\u00e9r\u00e9ment fonc\u00e9 sur l\u2019un de mes coll\u00e8gues. Ce dernier a fini sur le capot de la voiture, tra\u00een\u00e9 sur plus de cinq m\u00e8tres. Le coll\u00e8gue a r\u00e9ussi \u00e0 mettre un coup sur le pare-brise avec son arme de service et en a fait usage \u00e0 trois reprises afin de pouvoir stopper le v\u00e9hicule\u00a0\u00bb, pr\u00e9cise-t-il.<\/p>\n<p>    La suite apr\u00e8s cette publicit\u00e9<\/p>\n<p>    La suite apr\u00e8s cette publicit\u00e9<\/p>\n<p>Test\u00e9 positif aux stup\u00e9fiants<\/p>\n<p>Le fuyard est finalement arr\u00eat\u00e9. \u00c2g\u00e9 de 40 ans, il est tr\u00e8s d\u00e9favorablement connu des services de police. Dans son v\u00e9hicule, il transporte du cannabis et est lui-m\u00eame test\u00e9 positif aux stup\u00e9fiants. Par ailleurs, il n\u2019a pas de permis de conduire et a \u00e9videmment \u00e9t\u00e9 plac\u00e9 en garde \u00e0 vue.<\/p>\n<p>\u00ab\u00a0Ces refus d\u2019obtemp\u00e9rer deviennent maintenant une trop grande habitude. On a affaire \u00e0 des criminels de la route. On demande ce choc d\u2019autorit\u00e9 et des peines s\u00e9v\u00e8res, enfin\u00a0\u00bb, insiste le porte-parole. Le policier renvers\u00e9 souffre de douleurs cervicales importantes. Il s\u2019est vu prescrire 15 jours d\u2019arr\u00eat de travail.<\/p>\n","protected":false},"excerpt":{"rendered":"Ce lundi, un an apr\u00e8s la mort du gendarme Eric Comyn, mortellement percut\u00e9 par un chauffard r\u00e9cidiviste, un&hellip;\n","protected":false},"author":2,"featured_media":345943,"comment_status":"","ping_status":"","sticky":false,"template":"","format":"standard","meta":{"footnotes":""},"categories":[2820],"tags":[1111,11,1777,674,1011,27,775,12,25,640],"class_list":{"0":"post-345942","1":"post","2":"type-post","3":"status-publish","4":"format-standard","5":"has-post-thumbnail","7":"category-strasbourg","8":"tag-actu","9":"tag-actualites","10":"tag-eu","11":"tag-europe","12":"tag-fr","13":"tag-france","14":"tag-grand-est","15":"tag-news","16":"tag-republique-francaise","17":"tag-strasbourg"},"share_on_mastodon":{"url":"https:\/\/pubeurope.com\/@fr\/115096824349599233","error":""},"_links":{"self":[{"href":"https:\/\/www.europesays.com\/fr\/wp-json\/wp\/v2\/posts\/345942","targetHints":{"allow":["GET"]}}],"collection":[{"href":"https:\/\/www.europesays.com\/fr\/wp-json\/wp\/v2\/posts"}],"about":[{"href":"https:\/\/www.europesays.com\/fr\/wp-json\/wp\/v2\/types\/post"}],"author":[{"embeddable":true,"href":"https:\/\/www.europesays.com\/fr\/wp-json\/wp\/v2\/users\/2"}],"replies":[{"embeddable":true,"href":"https:\/\/www.europesays.com\/fr\/wp-json\/wp\/v2\/comments?post=345942"}],"version-history":[{"count":0,"href":"https:\/\/www.europesays.com\/fr\/wp-json\/wp\/v2\/posts\/345942\/revisions"}],"wp:featuredmedia":[{"embeddable":true,"href":"https:\/\/www.europesays.com\/fr\/wp-json\/wp\/v2\/media\/345943"}],"wp:attachment":[{"href":"https:\/\/www.europesays.com\/fr\/wp-json\/wp\/v2\/media?parent=345942"}],"wp:term":[{"taxonomy":"category","embeddable":true,"href":"https:\/\/www.europesays.com\/fr\/wp-json\/wp\/v2\/categories?post=345942"},{"taxonomy":"post_tag","embeddable":true,"href":"https:\/\/www.europesays.com\/fr\/wp-json\/wp\/v2\/tags?post=345942"}],"curies":[{"name":"wp","href":"https:\/\/api.w.org\/{rel}","templated":true}]}}