{"id":345944,"date":"2025-08-26T19:55:12","date_gmt":"2025-08-26T19:55:12","guid":{"rendered":"https:\/\/www.europesays.com\/fr\/345944\/"},"modified":"2025-08-26T19:55:12","modified_gmt":"2025-08-26T19:55:12","slug":"courir-au-soleil-oui-mais-est-ce-vraiment-agreable-a-nice-une-etude-compare-les-villes-francaises-preferees-pour-le-running","status":"publish","type":"post","link":"https:\/\/www.europesays.com\/fr\/345944\/","title":{"rendered":"Courir au soleil, oui, mais est-ce vraiment agr\u00e9able \u00e0 Nice ? Une \u00e9tude compare les villes fran\u00e7aises pr\u00e9f\u00e9r\u00e9es pour le running"},"content":{"rendered":"<p><strong>Pour ses sentiers de grande qualit\u00e9 et son iconique Promenade des Anglais, Nice est un terrain de jeu appr\u00e9ci\u00e9 des amateurs de course \u00e0 pied. Il subsiste tout de m\u00eame quelques d\u00e9fauts, comme le souligne cette nouvelle \u00e9tude comparative.<\/strong><\/p>\n<p>Voici une pratique qui engrange des adeptes ces derni\u00e8res ann\u00e9es. La course \u00e0 pied, surtout en cette p\u00e9riode de vacances, profite d\u2019un fort engouement. N\u00e9anmoins, tous les coins de France ne se valent pas pour <a href=\"https:\/\/nicepresse.com\/nice-parcours-application-placr\/\" rel=\"nofollow noopener\" target=\"_blank\">les sorties au grand air<\/a> !<\/p>\n<p>Afin de d\u00e9terminer les villes dans lesquelles il fait bon courir, le service de t\u00e9l\u00e9consultation m\u00e9dicale <a href=\"https:\/\/www.zavamed.com\/fr\/perte-de-poids.html\" target=\"_blank\" rel=\"noopener nofollow\">Zava <\/a>a \u00e9tabli son propre classement.<\/p>\n<p>Il se base sur cinq indicateurs issus des applications sp\u00e9cialis\u00e9es Strava et AllTrails, ainsi que sur Instagram. Les deux premiers permettent d\u2019observer la qualit\u00e9 des chemins et le nombre de parcours. La troisi\u00e8me plateforme mesure l\u2019engouement sur les r\u00e9seaux sociaux. On obtient alors une \u00e9valuation sur 10, qui hi\u00e9rarchise les localit\u00e9s.<\/p>\n<p>Et c\u2019est plut\u00f4t une bonne nouvelle, Nice figure parmi les meilleures communes de l\u2019Hexagone pour le running!<\/p>\n<p>La Baie des Anges est install\u00e9e dans le top 10, \u00e0 la 8e place. Elle se situe entre Nantes (7e) et Bordeaux (9e). Le podium est lui constitu\u00e9 de Caen (7,18\/10), Besan\u00e7on (7,1) et Rouen (6,85).<\/p>\n<p>Des chemins de grande qualit\u00e9, mais pas toujours tr\u00e8s accessibles<\/p>\n<p>La capitale maralpine profite, entre autres, de la beaut\u00e9 et de l\u2019excellence de ses chemins. Par exemple, ses sentiers sont not\u00e9s 4,3 sur 5 sur AllTrails, de quoi la faire rivaliser avec Caen et Lille (4,4\/5), les premi\u00e8res sur cette th\u00e9matique. On recense davantage d\u2019excellentes routes (4,5 \u00e9toiles ou plus) qu\u2019ailleurs. On en d\u00e9nombre presque deux pour 10.000 Ni\u00e7ois.<\/p>\n<p>En revanche, elle peine dans un domaine crucial, les parcours accessibles pour les d\u00e9butants (1,27 pour 10.000 habitants), ce qui se r\u00e9percute dans le total de pistes plates pr\u00e8s du centre-ville (1,74). Ce qui, \u00e9videmment, complique la pratique pour les coureurs les moins chevronn\u00e9s.<\/p>\n<p><a href=\"https:\/\/anneedelamer.nice.fr\/\" rel=\"nofollow noopener\" target=\"_blank\"><img loading=\"lazy\" decoding=\"async\" width=\"300\" height=\"300\" src=\"data:image\/svg+xml,%3Csvg%20xmlns=\" http:=\"\" alt=\"\" class=\"wp-image-235449\" data-lazy-src=\"https:\/\/www.europesays.com\/fr\/wp-content\/uploads\/2025\/04\/IMG_1416-2.png\"\/><\/a><\/p>\n<p>De la Promenade des Anglais au Mont Boron<\/p>\n<blockquote class=\"instagram-media\" data-instgrm-permalink=\"https:\/\/www.instagram.com\/p\/DFSL9-voebx\/?utm_source=ig_embed&amp;utm_campaign=loading\" data-instgrm-version=\"14\" style=\" background:#FFF; border:0; border-radius:3px; box-shadow:0 0 1px 0 rgba(0,0,0,0.5),0 1px 10px 0 rgba(0,0,0,0.15); margin: 1px; max-width:540px; min-width:326px; padding:0; width:99.375%; width:-webkit-calc(100% - 2px); width:calc(100% - 2px);\"\/>\n<p>Nice compte tout de m\u00eame d\u2019admirables coins pour la course \u00e0 pied, comme la Promenade des Anglais. Il est conseill\u00e9 d\u2019y aller \u00e0 des horaires permettant d\u2019\u00e9viter la foule, mais sa boucle offre des points de vue somptueux sur la M\u00e9diterran\u00e9e. Plusieurs parcs sont tout aussi recommand\u00e9s pour votre sortie, au coeur de paysages verdoyants.<\/p>\n<p>Et si vous cherchez \u00e0 durcir votre programme, l\u2019exigeante boucle du Mont Alban (10,1 kilom\u00e8tres) vous fera voyager sur les hauteurs de la cit\u00e9, notamment au Mont Boron. Des sites majestueux aux d\u00e9cors resplendissants, avec la mer en toile de fond. Des panoramas qui, logiquement, aident \u00e0 am\u00e9liorer les statistiques sur les r\u00e9seaux sociaux.<\/p>\n<p>Ainsi, le #VilleRunning concentrait au 9 juin 2025 pr\u00e8s de 1.300 publications pour Nice, soit 38,4 par tranche de 10.000 r\u00e9sidents. Un joli score qui place la municipalit\u00e9 azur\u00e9enne au 4e rang.<\/p>\n<p>\t<script async src=\"\/\/www.instagram.com\/embed.js\"><\/script><\/p>\n","protected":false},"excerpt":{"rendered":"Pour ses sentiers de grande qualit\u00e9 et son iconique Promenade des Anglais, Nice est un terrain de jeu&hellip;\n","protected":false},"author":2,"featured_media":345945,"comment_status":"","ping_status":"","sticky":false,"template":"","format":"standard","meta":{"footnotes":""},"categories":[2819],"tags":[1111,11,1777,674,1011,27,12,2401,882,25],"class_list":{"0":"post-345944","1":"post","2":"type-post","3":"status-publish","4":"format-standard","5":"has-post-thumbnail","7":"category-nice","8":"tag-actu","9":"tag-actualites","10":"tag-eu","11":"tag-europe","12":"tag-fr","13":"tag-france","14":"tag-news","15":"tag-nice","16":"tag-provence-alpes-cote-dazur","17":"tag-republique-francaise"},"share_on_mastodon":{"url":"https:\/\/pubeurope.com\/@fr\/115096828233264210","error":""},"_links":{"self":[{"href":"https:\/\/www.europesays.com\/fr\/wp-json\/wp\/v2\/posts\/345944","targetHints":{"allow":["GET"]}}],"collection":[{"href":"https:\/\/www.europesays.com\/fr\/wp-json\/wp\/v2\/posts"}],"about":[{"href":"https:\/\/www.europesays.com\/fr\/wp-json\/wp\/v2\/types\/post"}],"author":[{"embeddable":true,"href":"https:\/\/www.europesays.com\/fr\/wp-json\/wp\/v2\/users\/2"}],"replies":[{"embeddable":true,"href":"https:\/\/www.europesays.com\/fr\/wp-json\/wp\/v2\/comments?post=345944"}],"version-history":[{"count":0,"href":"https:\/\/www.europesays.com\/fr\/wp-json\/wp\/v2\/posts\/345944\/revisions"}],"wp:featuredmedia":[{"embeddable":true,"href":"https:\/\/www.europesays.com\/fr\/wp-json\/wp\/v2\/media\/345945"}],"wp:attachment":[{"href":"https:\/\/www.europesays.com\/fr\/wp-json\/wp\/v2\/media?parent=345944"}],"wp:term":[{"taxonomy":"category","embeddable":true,"href":"https:\/\/www.europesays.com\/fr\/wp-json\/wp\/v2\/categories?post=345944"},{"taxonomy":"post_tag","embeddable":true,"href":"https:\/\/www.europesays.com\/fr\/wp-json\/wp\/v2\/tags?post=345944"}],"curies":[{"name":"wp","href":"https:\/\/api.w.org\/{rel}","templated":true}]}}