{"id":345946,"date":"2025-08-26T19:56:18","date_gmt":"2025-08-26T19:56:18","guid":{"rendered":"https:\/\/www.europesays.com\/fr\/345946\/"},"modified":"2025-08-26T19:56:18","modified_gmt":"2025-08-26T19:56:18","slug":"meteo-a-nice-un-episode-mediterraneen-va-sabattre-de-grosses-averses-attendues","status":"publish","type":"post","link":"https:\/\/www.europesays.com\/fr\/345946\/","title":{"rendered":"M\u00e9t\u00e9o \u00e0 Nice. Un \u00e9pisode m\u00e9diterran\u00e9en va s&rsquo;abattre, de grosses averses attendues"},"content":{"rendered":"<p>            Par<br \/>\n        <strong><br \/>\n            <a href=\"https:\/\/actu.fr\/auteur\/famenta-news\" title=\"Consulter tous les articles de Florine Amenta\" target=\"_blank\" rel=\"noopener\">Florine Amenta<\/a><br \/>\n        <\/strong><\/p>\n<p>        Publi\u00e9 le<\/p>\n<p>            26 ao\u00fbt 2025 \u00e0 18h28        <\/p>\n<p>Une m\u00e9t\u00e9o qui annonce la fin de l\u2019\u00e9t\u00e9\u2026 et la rentr\u00e9e. Ce mercredi 26\u00a0ao\u00fbt 2025, des <strong>averses orageuses<\/strong> sont pr\u00e9vues \u00e0 <a href=\"https:\/\/actu.fr\/nice\/\" target=\"_blank\" rel=\"noopener\">Nice<\/a> et dans les <a href=\"https:\/\/actu.fr\/nice\/\" target=\"_blank\" rel=\"noopener\">Alpes-Maritimes<\/a>. Selon M\u00e9t\u00e9o-France, des <strong>cellules potentiellement virulentes<\/strong> sont attendues d\u00e8s mercredi.<\/p>\n<p>Un \u00e9pisode m\u00e9diterran\u00e9en annonc\u00e9<\/p>\n<p class=\" wall-content\">Les pr\u00e9visions m\u00e9t\u00e9orologiques parlent d\u2019un \u00e9pisode m\u00e9diterran\u00e9en. Dans la journ\u00e9e, le tonnerre grondera dans l\u2019arri\u00e8re-pays, notamment \u00e0 Puget-Th\u00e9niers et Guillaumes. Mercredi apr\u00e8s-midi, des premi\u00e8res averses arriveront sur le littoral pour laisser place \u00e0 <strong>des orages dans la nuit<\/strong>. Les cumuls de pluie pourraient \u00eatre importants.<\/p>\n<p class=\" wall-content\">Apr\u00e8s une journ\u00e9e pluvieuse, les temp\u00e9ratures resteront stables toute la nuit, <strong>entre 22\u00b0C et 28\u00b0C<\/strong>, loin des <a href=\"https:\/\/actu.fr\/meteo\/canicule-dans-les-alpes-maritimes-une-vague-de-chaleur-annoncee-avec-39-c-les-previsions_63006012.html\" target=\"_blank\" rel=\"noopener\">39\u00b0C du d\u00e9but du mois d\u2019ao\u00fbt<\/a>. Le ciel grondera ensuite jusqu\u2019\u00e0 jeudi apr\u00e8s-midi avec les m\u00eames temp\u00e9ratures.<\/p>\n<p class=\" wall-content\">\n<p class=\" wall-content\">Mais le mauvais temps se dirigera <strong>vers l\u2019Italie<\/strong> d\u00e8s la fin de journ\u00e9e. Selon le compte ind\u00e9pendant \u00ab\u2009Nice M\u00e9t\u00e9o 06\u2009\u00bb, il n\u2019est toutefois pas impossible qu\u2019une vigilance orange puisse \u00eatre d\u00e9clench\u00e9e par M\u00e9t\u00e9o-France.<\/p>\n<p class=\" wall-content\">Personnalisez votre actualit\u00e9 en ajoutant vos villes et m\u00e9dias en favori avec <a href=\"https:\/\/moncompte.actu.fr\" title=\"D\u00e9couvez Mon Actu\" rel=\"nofollow noopener\" data-trk=\"{&quot;cta&quot;:{&quot;action&quot;:&quot;https:\\\/\\\/moncompte.actu.fr&quot;,&quot;category&quot;:&quot;mon compte&quot;,&quot;from&quot;:&quot;article footer&quot;,&quot;name&quot;:&quot;Mon actu&quot;,&quot;type&quot;:&quot;cta&quot;}}\" target=\"_blank\">Mon Actu<\/a>.<\/p>\n","protected":false},"excerpt":{"rendered":"Par Florine Amenta Publi\u00e9 le 26 ao\u00fbt 2025 \u00e0 18h28 Une m\u00e9t\u00e9o qui annonce la fin de l\u2019\u00e9t\u00e9\u2026&hellip;\n","protected":false},"author":2,"featured_media":24771,"comment_status":"","ping_status":"","sticky":false,"template":"","format":"standard","meta":{"footnotes":""},"categories":[2819],"tags":[1111,11,1777,674,1011,27,2487,2357,12,2401,4594,882,25],"class_list":{"0":"post-345946","1":"post","2":"type-post","3":"status-publish","4":"format-standard","5":"has-post-thumbnail","7":"category-nice","8":"tag-actu","9":"tag-actualites","10":"tag-eu","11":"tag-europe","12":"tag-fr","13":"tag-france","14":"tag-meteo","15":"tag-meteo-france","16":"tag-news","17":"tag-nice","18":"tag-orages","19":"tag-provence-alpes-cote-dazur","20":"tag-republique-francaise"},"share_on_mastodon":{"url":"https:\/\/pubeurope.com\/@fr\/115096832165605677","error":""},"_links":{"self":[{"href":"https:\/\/www.europesays.com\/fr\/wp-json\/wp\/v2\/posts\/345946","targetHints":{"allow":["GET"]}}],"collection":[{"href":"https:\/\/www.europesays.com\/fr\/wp-json\/wp\/v2\/posts"}],"about":[{"href":"https:\/\/www.europesays.com\/fr\/wp-json\/wp\/v2\/types\/post"}],"author":[{"embeddable":true,"href":"https:\/\/www.europesays.com\/fr\/wp-json\/wp\/v2\/users\/2"}],"replies":[{"embeddable":true,"href":"https:\/\/www.europesays.com\/fr\/wp-json\/wp\/v2\/comments?post=345946"}],"version-history":[{"count":0,"href":"https:\/\/www.europesays.com\/fr\/wp-json\/wp\/v2\/posts\/345946\/revisions"}],"wp:featuredmedia":[{"embeddable":true,"href":"https:\/\/www.europesays.com\/fr\/wp-json\/wp\/v2\/media\/24771"}],"wp:attachment":[{"href":"https:\/\/www.europesays.com\/fr\/wp-json\/wp\/v2\/media?parent=345946"}],"wp:term":[{"taxonomy":"category","embeddable":true,"href":"https:\/\/www.europesays.com\/fr\/wp-json\/wp\/v2\/categories?post=345946"},{"taxonomy":"post_tag","embeddable":true,"href":"https:\/\/www.europesays.com\/fr\/wp-json\/wp\/v2\/tags?post=345946"}],"curies":[{"name":"wp","href":"https:\/\/api.w.org\/{rel}","templated":true}]}}