{"id":345947,"date":"2025-08-26T19:57:57","date_gmt":"2025-08-26T19:57:57","guid":{"rendered":"https:\/\/www.europesays.com\/fr\/345947\/"},"modified":"2025-08-26T19:57:57","modified_gmt":"2025-08-26T19:57:57","slug":"nantes-loire-atlantique-une-femme-sest-jetee-depuis-le-pont-de-chevire-red-les-sables-dolonne","status":"publish","type":"post","link":"https:\/\/www.europesays.com\/fr\/345947\/","title":{"rendered":"Nantes Loire-Atlantique. Une femme s\u2019est jet\u00e9e depuis le Pont de Chevir\u00e9 (R\u00e9d. Les Sables-d\u2019Olonne)"},"content":{"rendered":"<p><img fetchpriority=\"high\" width=\"280\" height=\"232\" src=\"https:\/\/www.europesays.com\/fr\/wp-content\/uploads\/2025\/07\/Secours_et_Pompiers-399x330-1-1-e1624139639863.png\" class=\"attachment-jannah-image-post size-jannah-image-post wp-post-image\" alt=\"Sapeurs-Pompiers\" data-main-img=\"1\" decoding=\"async\"\/><\/p>\n<p>\t\t\t\t\t\t\t Pompiers<\/p>\n<p>\u00a0<\/p>\n<p><strong>D\u00e9but d\u2019intervention (les donn\u00e9es sont susceptibles d\u2019\u00e9voluer ou d\u2019\u00eatre pr\u00e9cis\u00e9es au cours de l\u2019intervention)<\/strong><\/p>\n<p><strong>NANTES<\/strong><br \/>Commune de Nantes \/ Pont de Chevir\u00e9<\/p>\n<p><strong>Dimanche 24 ao\u00fbt 2025 \u00e0 16h09<\/strong><\/p>\n<p class=\"s10\">13 sapeurs-pompiers sont intervenus pour une femme ayant saut\u00e9 depuis le pont de Chevir\u00e9.<br \/>Les recherches de la victime en Loire se sont r\u00e9v\u00e8l\u00e9es infructueuses.<\/p>\n<p>Moyens engag\u00e9s : 13 pompiers avec 5 engins.<br \/>Egalement diligent\u00e9s : Police nationale et gestionnaire de voirie.<\/p>\n<p><strong>Le Reporter sablais<\/strong><\/p>\n<p>\u00a0<\/p>\n<p><\/p>\n","protected":false},"excerpt":{"rendered":"Pompiers \u00a0 D\u00e9but d\u2019intervention (les donn\u00e9es sont susceptibles d\u2019\u00e9voluer ou d\u2019\u00eatre pr\u00e9cis\u00e9es au cours de l\u2019intervention) NANTESCommune de&hellip;\n","protected":false},"author":2,"featured_media":255910,"comment_status":"","ping_status":"","sticky":false,"template":"","format":"standard","meta":{"footnotes":""},"categories":[2818],"tags":[1111,11,1777,674,1011,27,766,12,2636,25],"class_list":{"0":"post-345947","1":"post","2":"type-post","3":"status-publish","4":"format-standard","5":"has-post-thumbnail","7":"category-nantes","8":"tag-actu","9":"tag-actualites","10":"tag-eu","11":"tag-europe","12":"tag-fr","13":"tag-france","14":"tag-nantes","15":"tag-news","16":"tag-pays-de-la-loire","17":"tag-republique-francaise"},"share_on_mastodon":{"url":"https:\/\/pubeurope.com\/@fr\/115096839949327985","error":""},"_links":{"self":[{"href":"https:\/\/www.europesays.com\/fr\/wp-json\/wp\/v2\/posts\/345947","targetHints":{"allow":["GET"]}}],"collection":[{"href":"https:\/\/www.europesays.com\/fr\/wp-json\/wp\/v2\/posts"}],"about":[{"href":"https:\/\/www.europesays.com\/fr\/wp-json\/wp\/v2\/types\/post"}],"author":[{"embeddable":true,"href":"https:\/\/www.europesays.com\/fr\/wp-json\/wp\/v2\/users\/2"}],"replies":[{"embeddable":true,"href":"https:\/\/www.europesays.com\/fr\/wp-json\/wp\/v2\/comments?post=345947"}],"version-history":[{"count":0,"href":"https:\/\/www.europesays.com\/fr\/wp-json\/wp\/v2\/posts\/345947\/revisions"}],"wp:featuredmedia":[{"embeddable":true,"href":"https:\/\/www.europesays.com\/fr\/wp-json\/wp\/v2\/media\/255910"}],"wp:attachment":[{"href":"https:\/\/www.europesays.com\/fr\/wp-json\/wp\/v2\/media?parent=345947"}],"wp:term":[{"taxonomy":"category","embeddable":true,"href":"https:\/\/www.europesays.com\/fr\/wp-json\/wp\/v2\/categories?post=345947"},{"taxonomy":"post_tag","embeddable":true,"href":"https:\/\/www.europesays.com\/fr\/wp-json\/wp\/v2\/tags?post=345947"}],"curies":[{"name":"wp","href":"https:\/\/api.w.org\/{rel}","templated":true}]}}