{"id":345948,"date":"2025-08-26T19:59:27","date_gmt":"2025-08-26T19:59:27","guid":{"rendered":"https:\/\/www.europesays.com\/fr\/345948\/"},"modified":"2025-08-26T19:59:27","modified_gmt":"2025-08-26T19:59:27","slug":"une-femme-portee-disparue-apres-avoir-saute-dun-pont-sous-les-yeux-de-sa-mere","status":"publish","type":"post","link":"https:\/\/www.europesays.com\/fr\/345948\/","title":{"rendered":"une femme port\u00e9e disparue apr\u00e8s avoir saut\u00e9 d\u2019un pont sous les yeux de sa m\u00e8re"},"content":{"rendered":"<p>Une femme d\u2019une soixantaine d\u2019ann\u00e9es a enjamb\u00e9 la glissi\u00e8re de s\u00e9curit\u00e9 du pont de Chevir\u00e9 \u00e0 Nantes (<a target=\"_parent\" href=\"https:\/\/www.lanouvellerepublique.fr\/loire-atlantique\" rel=\"nofollow noopener\">Loire-Atlantique<\/a>) avant de se jeter dans la Loire dimanche 24\u00a0ao\u00fbt 2025. Les secours ont men\u00e9 des recherches pour tenter de la retrouver, rapporte <a target=\"_blank\" href=\"https:\/\/www.ouest-france.fr\/societe\/faits-divers\/portee-disparue-apres-avoir-saute-devant-sa-mere-du-pont-de-chevire-a-nantes-58859d8a-8104-11f0-a070-ec6a7f83d549\" rel=\"nofollow noopener\">Presse Oc\u00e9an<\/a>.<\/p>\n<p>Treize pompiers et cinq engins mobilis\u00e9s<\/p>\n<p>Les pompiers ont \u00e9t\u00e9 alert\u00e9s \u00e0 16\u00a0h\u00a009 ce dimanche apr\u00e8s qu\u2019une voiture s\u2019est arr\u00eat\u00e9e sur le pont haut de 52 m\u00e8tres. Sous les yeux des t\u00e9moins, une femme est sortie du v\u00e9hicule, puis s\u2019est jet\u00e9e \u00e0 l\u2019eau. \u00ab\u00a0Les recherches effectu\u00e9es en Loire se sont r\u00e9v\u00e9l\u00e9es infructueuses\u00a0\u00bb, a indiqu\u00e9 le Codis44 \u00e0 <a target=\"_blank\" href=\"https:\/\/www.20minutes.fr\/faits_divers\/4169378-20250825-nantes-femme-saute-pont-chevire-sous-yeux-mere\" rel=\"nofollow noopener\">20 Minutes<\/a>. Au total, treize pompiers et cinq engins ont \u00e9t\u00e9 mobilis\u00e9s.<\/p>\n<p>La passag\u00e8re du v\u00e9hicule, dont est sortie la femme, a \u00e9t\u00e9 prise en charge par les secours. Il s\u2019agit de la m\u00e8re de la sexag\u00e9naire qui s\u2019est suicid\u00e9e dans la Loire. Dimanche, cette derni\u00e8re \u00e9tait toujours introuvable.<\/p>\n","protected":false},"excerpt":{"rendered":"Une femme d\u2019une soixantaine d\u2019ann\u00e9es a enjamb\u00e9 la glissi\u00e8re de s\u00e9curit\u00e9 du pont de Chevir\u00e9 \u00e0 Nantes (Loire-Atlantique)&hellip;\n","protected":false},"author":2,"featured_media":345949,"comment_status":"","ping_status":"","sticky":false,"template":"","format":"standard","meta":{"footnotes":""},"categories":[2818],"tags":[1111,11,1674,1777,674,274,1011,27,3047,766,12,2636,25],"class_list":{"0":"post-345948","1":"post","2":"type-post","3":"status-publish","4":"format-standard","5":"has-post-thumbnail","7":"category-nantes","8":"tag-actu","9":"tag-actualites","10":"tag-communes","11":"tag-eu","12":"tag-europe","13":"tag-faits-divers-justice","14":"tag-fr","15":"tag-france","16":"tag-loire-atlantique","17":"tag-nantes","18":"tag-news","19":"tag-pays-de-la-loire","20":"tag-republique-francaise"},"share_on_mastodon":{"url":"https:\/\/pubeurope.com\/@fr\/115096843954998236","error":""},"_links":{"self":[{"href":"https:\/\/www.europesays.com\/fr\/wp-json\/wp\/v2\/posts\/345948","targetHints":{"allow":["GET"]}}],"collection":[{"href":"https:\/\/www.europesays.com\/fr\/wp-json\/wp\/v2\/posts"}],"about":[{"href":"https:\/\/www.europesays.com\/fr\/wp-json\/wp\/v2\/types\/post"}],"author":[{"embeddable":true,"href":"https:\/\/www.europesays.com\/fr\/wp-json\/wp\/v2\/users\/2"}],"replies":[{"embeddable":true,"href":"https:\/\/www.europesays.com\/fr\/wp-json\/wp\/v2\/comments?post=345948"}],"version-history":[{"count":0,"href":"https:\/\/www.europesays.com\/fr\/wp-json\/wp\/v2\/posts\/345948\/revisions"}],"wp:featuredmedia":[{"embeddable":true,"href":"https:\/\/www.europesays.com\/fr\/wp-json\/wp\/v2\/media\/345949"}],"wp:attachment":[{"href":"https:\/\/www.europesays.com\/fr\/wp-json\/wp\/v2\/media?parent=345948"}],"wp:term":[{"taxonomy":"category","embeddable":true,"href":"https:\/\/www.europesays.com\/fr\/wp-json\/wp\/v2\/categories?post=345948"},{"taxonomy":"post_tag","embeddable":true,"href":"https:\/\/www.europesays.com\/fr\/wp-json\/wp\/v2\/tags?post=345948"}],"curies":[{"name":"wp","href":"https:\/\/api.w.org\/{rel}","templated":true}]}}