{"id":345956,"date":"2025-08-26T20:03:11","date_gmt":"2025-08-26T20:03:11","guid":{"rendered":"https:\/\/www.europesays.com\/fr\/345956\/"},"modified":"2025-08-26T20:03:11","modified_gmt":"2025-08-26T20:03:11","slug":"un-appartement-prend-feu-dans-une-residence-pres-de-toulouse-six-logements-entierement-detruits","status":"publish","type":"post","link":"https:\/\/www.europesays.com\/fr\/345956\/","title":{"rendered":"Un appartement prend feu dans une r\u00e9sidence pr\u00e8s de Toulouse, six logements enti\u00e8rement d\u00e9truits"},"content":{"rendered":"<p>Un incendie s&rsquo;est d\u00e9clar\u00e9 ce mardi en d\u00e9but de soir\u00e9e dans une r\u00e9sidence, de Castelnau-d&rsquo;Estr\u00e9tefonds, pr\u00e8s de Toulouse. Au total, six appartements ont \u00e9t\u00e9 enti\u00e8rement d\u00e9truits. Il n&rsquo;y a pas eu de victimes. <\/p>\n<p>Un appartement a pris feu ce mardi en d\u00e9but de soir\u00e9e dans une r\u00e9sidence sur la commune de Castelnau-d&rsquo;Estr\u00e9tefonds, au nord de Toulouse.\u00a0L&rsquo;incendie est parti du premier \u00e9tage et s&rsquo;est propag\u00e9 ensuite \u00e0 cinq autres logements du m\u00eame niveau, selon les pompiers haut-garonnais. <strong>Les six de ce premier \u00e9tage ont \u00e9t\u00e9 enti\u00e8rement d\u00e9truits<\/strong>, selon les pompiers. Il n&rsquo;y a pas eu de victimes.<\/p>\n<p>Les appartements du rez-de-chauss\u00e9e ont \u00e9t\u00e9 endommag\u00e9s aussi. Au total, 16 pompiers ont \u00e9t\u00e9 mobilis\u00e9s pendant l&rsquo;intervention, avec deux lances \u00e0 incendie. Douze personnes ont d\u00fb \u00eatre \u00e9vacu\u00e9es pendant l&rsquo;intervention. D&rsquo;apr\u00e8s les pompiers, <strong>15 personnes sont touch\u00e9s par cet incendie.<\/strong> Pour le moment l&rsquo;origine de l&rsquo;incendie n&rsquo;est pas connue.<\/p>\n","protected":false},"excerpt":{"rendered":"Un incendie s&rsquo;est d\u00e9clar\u00e9 ce mardi en d\u00e9but de soir\u00e9e dans une r\u00e9sidence, de Castelnau-d&rsquo;Estr\u00e9tefonds, pr\u00e8s de Toulouse.&hellip;\n","protected":false},"author":2,"featured_media":345957,"comment_status":"","ping_status":"","sticky":false,"template":"","format":"standard","meta":{"footnotes":""},"categories":[2816],"tags":[1111,11,1777,674,1011,27,12,2680,25,2312],"class_list":{"0":"post-345956","1":"post","2":"type-post","3":"status-publish","4":"format-standard","5":"has-post-thumbnail","7":"category-toulouse","8":"tag-actu","9":"tag-actualites","10":"tag-eu","11":"tag-europe","12":"tag-fr","13":"tag-france","14":"tag-news","15":"tag-occitanie","16":"tag-republique-francaise","17":"tag-toulouse"},"share_on_mastodon":{"url":"https:\/\/pubeurope.com\/@fr\/115096859698726453","error":""},"_links":{"self":[{"href":"https:\/\/www.europesays.com\/fr\/wp-json\/wp\/v2\/posts\/345956","targetHints":{"allow":["GET"]}}],"collection":[{"href":"https:\/\/www.europesays.com\/fr\/wp-json\/wp\/v2\/posts"}],"about":[{"href":"https:\/\/www.europesays.com\/fr\/wp-json\/wp\/v2\/types\/post"}],"author":[{"embeddable":true,"href":"https:\/\/www.europesays.com\/fr\/wp-json\/wp\/v2\/users\/2"}],"replies":[{"embeddable":true,"href":"https:\/\/www.europesays.com\/fr\/wp-json\/wp\/v2\/comments?post=345956"}],"version-history":[{"count":0,"href":"https:\/\/www.europesays.com\/fr\/wp-json\/wp\/v2\/posts\/345956\/revisions"}],"wp:featuredmedia":[{"embeddable":true,"href":"https:\/\/www.europesays.com\/fr\/wp-json\/wp\/v2\/media\/345957"}],"wp:attachment":[{"href":"https:\/\/www.europesays.com\/fr\/wp-json\/wp\/v2\/media?parent=345956"}],"wp:term":[{"taxonomy":"category","embeddable":true,"href":"https:\/\/www.europesays.com\/fr\/wp-json\/wp\/v2\/categories?post=345956"},{"taxonomy":"post_tag","embeddable":true,"href":"https:\/\/www.europesays.com\/fr\/wp-json\/wp\/v2\/tags?post=345956"}],"curies":[{"name":"wp","href":"https:\/\/api.w.org\/{rel}","templated":true}]}}