{"id":34596,"date":"2025-04-18T17:48:22","date_gmt":"2025-04-18T17:48:22","guid":{"rendered":"https:\/\/www.europesays.com\/fr\/34596\/"},"modified":"2025-04-18T17:48:22","modified_gmt":"2025-04-18T17:48:22","slug":"boulangerie-sans-gluten-actualites","status":"publish","type":"post","link":"https:\/\/www.europesays.com\/fr\/34596\/","title":{"rendered":"Boulangerie sans gluten \/ Actualit\u00e9s"},"content":{"rendered":"<p>Avec ses pains et ses p\u00e2tisseries sans gluten et sans produits laitiers, \u00ab\u00a0OG\u00a0\u00bb est le dernier commer\u00e7ant \u00e0 s\u2019installer sous les halles de Wazemmes.\u00a0<\/p>\n<p>            <img loading=\"lazy\" decoding=\"async\" src=\"\/var\/www\/storage\/images\/mediatheque\/mairie-de-lille\/actualites\/images\/2025\/avril\/og\/3744367-1-fre-FR\/OG_news_image_top.jpg\" width=\"779\" height=\"520\" alt=\"\"\/><br \/>\n    \tPhoto Guilhem Fouques<\/p>\n<p>La boulangerie artisanale a saisi l\u2019occasion de grandir, contact\u00e9e par la Ville pour compl\u00e9ter l\u2019offre commerciale d\u00e9j\u00e0 bien fournie de ce march\u00e9 couvert. Pierre Conjaud, l\u2019un des fondateurs, s\u2019est pench\u00e9 sur le sujet de l\u2019<strong>intol\u00e9rance au gluten<\/strong> il y a une quinzaine d\u2019ann\u00e9es.\u00a0<\/p>\n<p>\u00c0 l\u2019\u00e9poque, trouver du bon pain sans gluten \u00e9tait mission impossible. \u00ab\u00a0Il y avait une demande mais pas d\u2019offre\u00a0!\u00a0\u00bb. L\u2019id\u00e9e lui vient d\u2019ouvrir une <strong>boulangerie diff\u00e9rente des autres<\/strong>. En boulanger amateur, il teste alors des recettes de pain dans sa cuisine avant de s\u2019associer \u00e0 J\u00e9r\u00f4me, le professionnel (et intol\u00e9rant au gluten\u00a0!).\u00a0<\/p>\n<p>Le succ\u00e8s de sa premi\u00e8re boulangerie, ouverte il y a cinq ans \u00e0 la ferme du Sens \u00e0 Villeneuve-d\u2019Ascq, a \u00e9t\u00e9 imm\u00e9diat.\u00a0<\/p>\n<p>\u00ab\u00a0Nos premiers clients \u00e9taient contents de pouvoir enfin manger du bon pain et les enfants d\u2019avoir un g\u00e2teau d\u2019anniversaire. Quand on souffre de ce genre d\u2019intol\u00e9rance, il faut r\u00e9inventer son alimentation et ce n\u2019est pas simple\u00a0\u00bb, note-t-il.\u00a0<\/p>\n<p>Sans gluten, mais pas sans go\u00fbt\u00a0! Les farines de bl\u00e9 sont remplac\u00e9es par les celles de riz, de ch\u00e2taigne, de sarrasin et de ma\u00efs. Les pains au levain naturel prennent le temps de \u00ab\u00a0pousser\u00a0\u00bb. Tout est bio et fait maison. Sous les halles, \u00ab\u00a0OG\u00a0\u00bb se met aussi au sal\u00e9 avec des quiches et des pizzas \u00e0 d\u00e9guster sur place. \u00ab\u00a0Notre projet se veut inclusif, dans le sens o\u00f9 nous permettons aux intol\u00e9rants comme \u00e0 ceux qui ne le sont pas, de manger ensemble, la m\u00eame chose autour de la table.\u00a0\u00bb<\/p>\n<p><strong>Par Sabine Duez<\/strong><\/p>\n<p>. \u00ab\u00a0OG\u00a0\u00bb sous les Halles de Wazemmes.<\/p>\n<p>&gt; Article issu du Lille Mag num\u00e9ro 160 (\u00e9dition avril mai 2025),\u00a0<a href=\"https:\/\/www.calameo.com\/read\/0028988058755ebdd1b8c\" target=\"_blank\" class=\"lien_interne\" rel=\"nofollow noopener\">\u00e0 lire ici en version num\u00e9rique<\/a>.<\/p>\n<p>            Lire aussi<\/p>\n<p>            <img loading=\"lazy\" decoding=\"async\" src=\"\/var\/www\/storage\/images\/mediatheque\/mairie-de-lille\/actualites\/images\/2024\/octobre-2024\/librairie-mauve\/3603306-1-fre-FR\/librairie-Mauve_crossreading.jpg\" width=\"95\" height=\"95\" alt=\"\"\/>           <\/p>\n<p>            <img loading=\"lazy\" decoding=\"async\" src=\"\/var\/www\/storage\/images\/mediatheque\/mairie-de-lille\/actualites\/images\/2022\/octobre-2022\/briocherie-sylvana\/3169453-1-fre-FR\/Briocherie-Sylvana_crossreading.jpg\" width=\"95\" height=\"95\" alt=\"\"\/>           <\/p>\n<p>        <a href=\"https:\/\/www.lille.fr\/Actualites\/C-est-gonfle\" class=\"actuTitle\" title=\"C&#039;est gonfl\u00e9 !\" rel=\"nofollow noopener\" target=\"_blank\">C&rsquo;est gonfl\u00e9 !<\/a>Emploi<\/p>\n<p>La premi\u00e8re briocherie lilloise a ouvert ses portes\u00a0bd Victor Hugo. Ici, le produit star est d\u00e9clin\u00e9 \u00e0 toutes les tailles et \u00e0 tous les parfums, s&#8230;<\/p>\n<p>        <a href=\"https:\/\/www.lille.fr\/Actualites\/C-est-gonfle\" class=\"voirActus\" rel=\"nofollow noopener\" target=\"_blank\">Voir<\/a><\/p>\n<p>            <img loading=\"lazy\" decoding=\"async\" src=\"\/var\/www\/storage\/images\/mediatheque\/mairie-de-lille\/actualites\/images\/2022\/novembre-2022\/marchewazemmes\/3175249-1-fre-FR\/marchewazemmes_crossreading.jpg\" width=\"95\" height=\"95\" alt=\"Cr\u00e9dit : Julien Sylvestre.\"\/>           <\/p>\n","protected":false},"excerpt":{"rendered":"Avec ses pains et ses p\u00e2tisseries sans gluten et sans produits laitiers, \u00ab\u00a0OG\u00a0\u00bb est le dernier commer\u00e7ant \u00e0&hellip;\n","protected":false},"author":2,"featured_media":34597,"comment_status":"","ping_status":"","sticky":false,"template":"","format":"standard","meta":{"footnotes":""},"categories":[2815],"tags":[1111,11,4763,1777,674,1011,27,811,1307,5415,12,25],"class_list":{"0":"post-34596","1":"post","2":"type-post","3":"status-publish","4":"format-standard","5":"has-post-thumbnail","7":"category-lille","8":"tag-actu","9":"tag-actualites","10":"tag-agenda","11":"tag-eu","12":"tag-europe","13":"tag-fr","14":"tag-france","15":"tag-hauts-de-france","16":"tag-lille","17":"tag-mairie","18":"tag-news","19":"tag-republique-francaise"},"share_on_mastodon":{"url":"https:\/\/pubeurope.com\/@fr\/114360228532614666","error":""},"_links":{"self":[{"href":"https:\/\/www.europesays.com\/fr\/wp-json\/wp\/v2\/posts\/34596","targetHints":{"allow":["GET"]}}],"collection":[{"href":"https:\/\/www.europesays.com\/fr\/wp-json\/wp\/v2\/posts"}],"about":[{"href":"https:\/\/www.europesays.com\/fr\/wp-json\/wp\/v2\/types\/post"}],"author":[{"embeddable":true,"href":"https:\/\/www.europesays.com\/fr\/wp-json\/wp\/v2\/users\/2"}],"replies":[{"embeddable":true,"href":"https:\/\/www.europesays.com\/fr\/wp-json\/wp\/v2\/comments?post=34596"}],"version-history":[{"count":0,"href":"https:\/\/www.europesays.com\/fr\/wp-json\/wp\/v2\/posts\/34596\/revisions"}],"wp:featuredmedia":[{"embeddable":true,"href":"https:\/\/www.europesays.com\/fr\/wp-json\/wp\/v2\/media\/34597"}],"wp:attachment":[{"href":"https:\/\/www.europesays.com\/fr\/wp-json\/wp\/v2\/media?parent=34596"}],"wp:term":[{"taxonomy":"category","embeddable":true,"href":"https:\/\/www.europesays.com\/fr\/wp-json\/wp\/v2\/categories?post=34596"},{"taxonomy":"post_tag","embeddable":true,"href":"https:\/\/www.europesays.com\/fr\/wp-json\/wp\/v2\/tags?post=34596"}],"curies":[{"name":"wp","href":"https:\/\/api.w.org\/{rel}","templated":true}]}}