{"id":345964,"date":"2025-08-26T20:08:13","date_gmt":"2025-08-26T20:08:13","guid":{"rendered":"https:\/\/www.europesays.com\/fr\/345964\/"},"modified":"2025-08-26T20:08:13","modified_gmt":"2025-08-26T20:08:13","slug":"les-rosiers-a-marseille-avis-sur-un-quartier-marque-par-la-delinquance-et-linsalubrite","status":"publish","type":"post","link":"https:\/\/www.europesays.com\/fr\/345964\/","title":{"rendered":"Les Rosiers \u00e0 Marseille : avis sur un quartier marqu\u00e9 par la d\u00e9linquance et l&rsquo;insalubrit\u00e9"},"content":{"rendered":"<p>En d\u00e9ambulant dans le 14e arrondissement, je suis tomb\u00e9 sur cette copropri\u00e9t\u00e9 au charme architectural certain. La <strong>cit\u00e9 des Rosiers \u00e0 Marseille<\/strong> impressionne d\u2019abord par son histoire \u2013 construite en 1957, inspir\u00e9e de Le Corbusier et labellis\u00e9e \u00ab\u00a0patrimoine XXe\u00a0\u00bb par le minist\u00e8re de la Culture. Mais ne te laisse pas tromper par cette distinction! Ce qui fut jadis une r\u00e9sidence \u00ab\u00a0radieuse\u00a0\u00bb s\u2019est m\u00e9tamorphos\u00e9e en un lieu o\u00f9 3 500 habitants affrontent quotidiennement des conditions de vie d\u00e9plorables. Comment un tel joyau architectural a-t-il pu sombrer dans une telle d\u00e9ch\u00e9ance? C\u2019est ce que j\u2019ai voulu comprendre.<\/p>\n<p>La crise s\u00e9curitaire aux Rosiers : entre trafics et fusillades<\/p>\n<p>Difficile d\u2019ignorer le sentiment d\u2019ins\u00e9curit\u00e9 qui r\u00e8gne dans le <strong>quartier des Rosiers<\/strong>. Le fameux \u00ab\u00a0bloc du r\u00e9seau\u00a0\u00bb (b\u00e2timent I) abrite un important <strong>point de deal o\u00f9 la drogue circule librement<\/strong>. J\u2019y ai vu des dealers retranch\u00e9s derri\u00e8re des chariots m\u00e9talliques, contr\u00f4lant chaque passage comme de v\u00e9ritables douaniers. La nuit venue, un couvre-feu tacite s\u2019impose \u2013 ici, on ne sort plus apr\u00e8s le coucher du soleil.<\/p>\n<p>Impact sur la vie quotidienne des habitants<\/p>\n<tr>\nProbl\u00e8me<br \/>\nCons\u00e9quence<br \/>\n<\/tr>\n<tr>\n<td>Trafic de stup\u00e9fiants<\/td>\n<td>Contr\u00f4le des d\u00e9placements<\/td>\n<\/tr>\n<tr>\n<td>Fusillades r\u00e9currentes<\/td>\n<td>Bless\u00e9s et climat de peur<\/td>\n<\/tr>\n<tr>\n<td>Couvre-feu de fait<\/td>\n<td>Mobilit\u00e9 restreinte des r\u00e9sidents<\/td>\n<\/tr>\n<p>Les interventions polici\u00e8res et leurs limites<\/p>\n<p>Les descentes de <strong>police dans la cit\u00e9 marseillaise<\/strong> d\u00e9clenchent syst\u00e9matiquement caillassages et parfois tirs. Malgr\u00e9 une pr\u00e9sence r\u00e9guli\u00e8re des forces de l\u2019ordre, l\u2019efficacit\u00e9 reste limit\u00e9e. Un habitant m\u2019a confi\u00e9 qu\u2019une vingtaine de <strong>jeunes du quartier sont actuellement incarc\u00e9r\u00e9s aux Baumettes<\/strong> \u2013 un chiffre qui en dit long sur le climat local.<\/p>\n<p>Un habitat indigne et une gestion immobili\u00e8re controvers\u00e9e<\/p>\n<p>Tu prendrais un appartement o\u00f9 les ascenseurs sont constamment en panne? O\u00f9 les balcons s\u2019effondrent? O\u00f9 les <strong>espaces communs transform\u00e9s en d\u00e9charges sauvages<\/strong> grouillent de rats? C\u2019est pourtant le quotidien aux Rosiers. L\u2019ironie? Les loyers restent \u00e9lev\u00e9s malgr\u00e9 cette insalubrit\u00e9: comptez 700\u20ac pour un T4, plus 220\u20ac de charges mensuelles \u2013 sans chauffage ni eau!<\/p>\n<tr>\n\u00c9tat des lieux<br \/>\nCons\u00e9quence pour les habitants<br \/>\n<\/tr>\n<tr>\n<td>Ascenseurs d\u00e9fectueux<\/td>\n<td>Isolement des personnes \u00e2g\u00e9es<\/td>\n<\/tr>\n<tr>\n<td>Humidit\u00e9 dans les logements<\/td>\n<td>Probl\u00e8mes de sant\u00e9<\/td>\n<\/tr>\n<tr>\n<td>D\u00e9chets non collect\u00e9s<\/td>\n<td>Risques sanitaires<\/td>\n<\/tr>\n<p>Les marchands de sommeil : un fl\u00e9au persistant<\/p>\n<p>Trois <strong>soci\u00e9t\u00e9s civiles immobili\u00e8res contr\u00f4lent plus de 150 logements<\/strong> dans la copropri\u00e9t\u00e9. Selon plusieurs t\u00e9moignages, elles laisseraient volontairement la situation se d\u00e9grader pour racheter des biens \u00e0 prix cass\u00e9s. Une strat\u00e9gie qui a fait s\u2019effondrer les valeurs immobili\u00e8res: un T4 achet\u00e9 80 000\u20ac dans les ann\u00e9es 90 vaudrait aujourd\u2019hui \u00e0 peine 20 000\u20ac.<\/p>\n<tr>\nActeurs<br \/>\nPratiques d\u00e9nonc\u00e9es<br \/>\n<\/tr>\n<tr>\n<td>SCI propri\u00e9taires<\/td>\n<td>Gestion syndicale opaque<\/td>\n<\/tr>\n<tr>\n<td>Marchands de sommeil<\/td>\n<td>Location de logements insalubres<\/td>\n<\/tr>\n<tr>\n<td>Syndicat de copropri\u00e9t\u00e9<\/td>\n<td>Inaction face \u00e0 la d\u00e9gradation<\/td>\n<\/tr>\n<p><img loading=\"lazy\" width=\"1344\" height=\"896\" decoding=\"async\" src=\"data:image\/svg+xml,%3Csvg%20xmlns=\" http:=\"\" alt=\"Homme fatigu\u00e9 dans un bureau encombr\u00e9 de documents\" data-lazy-src=\"https:\/\/www.europesays.com\/fr\/wp-content\/uploads\/2025\/08\/archives_sombres_paperasse_envahissante_6895.jpg\"\/><\/p>\n<p>Une mosa\u00efque communautaire face \u00e0 l\u2019adversit\u00e9<\/p>\n<p>Le <strong>quartier des Rosiers \u00e0 Marseille ressemble \u00e0 un petit bout des Comores<\/strong> transport\u00e9 dans la cit\u00e9 phoc\u00e9enne. En fl\u00e2nant le dimanche, j\u2019ai d\u00e9couvert une population majoritairement mahoraise (60%) et comorienne (20%), avec environ 15% de r\u00e9sidents d\u2019origine maghr\u00e9bine. Ce \u00ab\u00a0Petit Moroni\u00a0\u00bb s\u2019est form\u00e9 dans les ann\u00e9es 90 avec l\u2019arriv\u00e9e massive de Comoriens.<\/p>\n<p>Les dynamiques sociales entre diff\u00e9rentes communaut\u00e9s<\/p>\n<tr>\nCommunaut\u00e9<br \/>\nProportion<br \/>\nParticularit\u00e9s<br \/>\n<\/tr>\n<tr>\n<td>Mahorais<\/td>\n<td>60%<\/td>\n<td>Fran\u00e7ais de Mayotte<\/td>\n<\/tr>\n<tr>\n<td>Comoriens<\/td>\n<td>20%<\/td>\n<td>Immigration ann\u00e9es 90<\/td>\n<\/tr>\n<tr>\n<td>Maghr\u00e9bins<\/td>\n<td>15%<\/td>\n<td>R\u00e9sidents plus anciens<\/td>\n<\/tr>\n<p>Malgr\u00e9 les tensions li\u00e9es au statut de Mayotte (d\u00e9partement fran\u00e7ais), j\u2019ai \u00e9t\u00e9 frapp\u00e9 par la <strong>solidarit\u00e9 qui unit ces communaut\u00e9s face aux difficult\u00e9s quotidiennes<\/strong>. Les Comoriens consid\u00e8rent parfois les Mahorais comme des \u00ab\u00a0tra\u00eetres\u00a0\u00bb, mais tous se retrouvent autour d\u2019activit\u00e9s culturelles et sportives.<\/p>\n<p>Initiatives locales et perspectives d\u2019avenir incertaines<\/p>\n<ul>\n<li>Centre social Saint-Gabriel: organise des activit\u00e9s pour les jeunes<\/li>\n<li>AS Mahorais: club de football local malgr\u00e9 des subventions r\u00e9duites (750\u20ac)<\/li>\n<li>Hassanate Music: groupe de rap valorisant la culture locale<\/li>\n<li>\u00c9cole coranique: accueille les enfants 6-8h par semaine<\/li>\n<\/ul>\n<p>Le Plan de sauvegarde engag\u00e9 par la Ville dans les ann\u00e9es 2000 a permis quelques <strong>travaux de r\u00e9novation des balcons et ascenseurs<\/strong>, mais ces efforts semblent insuffisants. La d\u00e9put\u00e9e Alexandra Louis a bien visit\u00e9 les lieux, mais la cit\u00e9 n\u2019appara\u00eet toujours pas dans le plan \u00ab\u00a0Initiatives copropri\u00e9t\u00e9s\u00a0\u00bb du gouvernement.<\/p>\n<p><a href=\"https:\/\/www.present.fr\/vivre-bali-guide-complet-sexpatrier-france-conseils-pratiques-partir\/\" target=\"_blank\" rel=\"noopener\"><br \/>\n  <img loading=\"lazy\" decoding=\"async\" width=\"1298\" height=\"560\" src=\"data:image\/svg+xml,%3Csvg%20xmlns=\" http:=\"\" alt=\"Vivre \u00e0 Bali\" style=\"width:100%; height:auto;\" data-lazy-src=\"https:\/\/www.europesays.com\/fr\/wp-content\/uploads\/2025\/07\/Design-sans-titre-2025-06-23T141323.113.jpg\"\/><br \/>\n<\/a><\/p>\n<tr>\nIntervention<br \/>\nR\u00e9sultat<br \/>\n<\/tr>\n<tr>\n<td>Plan de sauvegarde<\/td>\n<td>R\u00e9novations partielles<\/td>\n<\/tr>\n<tr>\n<td>Visites officielles<\/td>\n<td>Nettoyages ponctuels<\/td>\n<\/tr>\n<tr>\n<td>Diagnostic de 2019<\/td>\n<td>Sans suites concr\u00e8tes<\/td>\n<\/tr>\n<p>En quittant les Rosiers, cette phrase d\u2019un habitant r\u00e9sonne encore: \u00ab\u00a0Beaucoup d\u2019argent d\u00e9pens\u00e9 pour remplir beaucoup de poches\u00a0\u00bb. La r\u00e9alit\u00e9 d\u2019un <strong>quartier marseillais abandonn\u00e9 aux mains des trafiquants<\/strong> et des marchands de sommeil, o\u00f9 chaque famille r\u00eave simplement de pouvoir partir ailleurs.<\/p>\n<p><img loading=\"lazy\" decoding=\"async\" width=\"150\" height=\"150\" src=\"data:image\/svg+xml,%3Csvg%20xmlns=\" http:=\"\" class=\"attachment-150x150 size-150x150\" alt=\"\" itemprop=\"image\" data-lazy- data-lazy- data-lazy-src=\"https:\/\/www.europesays.com\/fr\/wp-content\/uploads\/2025\/04\/img2-150x150.png\"\/><\/p>\n<p>Je suis Adrien, r\u00e9dacteur virtuel depuis quelques ann\u00e9es. J&rsquo;aime pouvoir partager avec vous les tendances Lifestyle sur le blog News Of Marseille. J&rsquo;esp\u00e8re que vous prendrez plaisir \u00e0 lire mes articles !<\/p>\n<p>Partagez l&rsquo;article ou suivez nous !<\/p>\n<p>\n\tNos images sont \u00e0 but illustratif et peuvent ne pas repr\u00e9senter la r\u00e9alit\u00e9<\/p>\n","protected":false},"excerpt":{"rendered":"En d\u00e9ambulant dans le 14e arrondissement, je suis tomb\u00e9 sur cette copropri\u00e9t\u00e9 au charme architectural certain. La cit\u00e9&hellip;\n","protected":false},"author":2,"featured_media":345965,"comment_status":"","ping_status":"","sticky":false,"template":"","format":"standard","meta":{"footnotes":""},"categories":[2814],"tags":[46448,48204,48205,48206,1111,11,1777,674,1011,27,884,12,882,25],"class_list":{"0":"post-345964","1":"post","2":"type-post","3":"status-publish","4":"format-standard","5":"has-post-thumbnail","7":"category-marseille","8":"tag-acces-a-la-culture-locale","9":"tag-acces-a-la-renovation-urbaine","10":"tag-acces-aux-quartiers-de-marseille","11":"tag-acces-difficile","12":"tag-actu","13":"tag-actualites","14":"tag-eu","15":"tag-europe","16":"tag-fr","17":"tag-france","18":"tag-marseille","19":"tag-news","20":"tag-provence-alpes-cote-dazur","21":"tag-republique-francaise"},"share_on_mastodon":{"url":"https:\/\/pubeurope.com\/@fr\/115096879341625401","error":""},"_links":{"self":[{"href":"https:\/\/www.europesays.com\/fr\/wp-json\/wp\/v2\/posts\/345964","targetHints":{"allow":["GET"]}}],"collection":[{"href":"https:\/\/www.europesays.com\/fr\/wp-json\/wp\/v2\/posts"}],"about":[{"href":"https:\/\/www.europesays.com\/fr\/wp-json\/wp\/v2\/types\/post"}],"author":[{"embeddable":true,"href":"https:\/\/www.europesays.com\/fr\/wp-json\/wp\/v2\/users\/2"}],"replies":[{"embeddable":true,"href":"https:\/\/www.europesays.com\/fr\/wp-json\/wp\/v2\/comments?post=345964"}],"version-history":[{"count":0,"href":"https:\/\/www.europesays.com\/fr\/wp-json\/wp\/v2\/posts\/345964\/revisions"}],"wp:featuredmedia":[{"embeddable":true,"href":"https:\/\/www.europesays.com\/fr\/wp-json\/wp\/v2\/media\/345965"}],"wp:attachment":[{"href":"https:\/\/www.europesays.com\/fr\/wp-json\/wp\/v2\/media?parent=345964"}],"wp:term":[{"taxonomy":"category","embeddable":true,"href":"https:\/\/www.europesays.com\/fr\/wp-json\/wp\/v2\/categories?post=345964"},{"taxonomy":"post_tag","embeddable":true,"href":"https:\/\/www.europesays.com\/fr\/wp-json\/wp\/v2\/tags?post=345964"}],"curies":[{"name":"wp","href":"https:\/\/api.w.org\/{rel}","templated":true}]}}