{"id":345966,"date":"2025-08-26T20:09:16","date_gmt":"2025-08-26T20:09:16","guid":{"rendered":"https:\/\/www.europesays.com\/fr\/345966\/"},"modified":"2025-08-26T20:09:16","modified_gmt":"2025-08-26T20:09:16","slug":"90-euros-lamende-ca-fait-cher","status":"publish","type":"post","link":"https:\/\/www.europesays.com\/fr\/345966\/","title":{"rendered":"90 euros l&rsquo;amende, \u00e7a fait cher"},"content":{"rendered":"<p>            Par<br \/>\n        <strong><br \/>\n            <a href=\"https:\/\/actu.fr\/auteur\/anthony-soudani\" title=\"Consulter tous les articles de Anthony Soudani\" target=\"_blank\" rel=\"noopener\">Anthony Soudani<\/a><br \/>\n        <\/strong><\/p>\n<p>        Publi\u00e9 le<\/p>\n<p>            26 ao\u00fbt 2025 \u00e0 18h02        <\/p>\n<p>\u00ab\u00a0J\u2019ai grill\u00e9 un feu rouge, ils m\u2019ont interpell\u00e9\u2026 voil\u00e0 : <strong>90 euros, \u00e7a fait un peu cher<\/strong> l\u2019amende.\u00a0\u00bb Maxime est d\u00e9go\u00fbt\u00e9. Contr\u00f4l\u00e9 par la brigade cycliste de la police municipale de <a href=\"https:\/\/actu.fr\/lyon\/\" target=\"_blank\" rel=\"noopener\">Lyon<\/a> \u00e0 l\u2019angle du cours Lafayette et de l\u2019avenue Mar\u00e9chal-de-Saxe, le cycliste de 37 ans a \u00e9t\u00e9 <strong>pris en flagrant d\u00e9lit<\/strong> comme de nombreux usagers des v\u00e9los et des trottinettes mardi 26 ao\u00fbt.\u00a0<br \/>La matin\u00e9e a \u00e9t\u00e9 tr\u00e8s prolifique en termes de PV. Le maire \u00e9cologiste, <a href=\"https:\/\/actu.fr\/auvergne-rhone-alpes\/lyon_69123\/lyon-municipales-vers-une-union-des-gauches-sans-lfi-derriere-gregory-doucet-des-le-1er-tour_62973056.html\" target=\"_blank\" rel=\"noopener\">Gr\u00e9gory Doucet<\/a>, pr\u00e9sent sur les lieux, tenait \u00e0 rappeler avant la rentr\u00e9e que \u00ab\u00a0le code de la route s\u2019applique \u00e0 tout le monde\u00a0\u00bb.<\/p>\n<p>\u00ab\u00a0Je vois l\u2019amende comme un moyen de r\u00e9cup\u00e9rer de l\u2019argent\u00a0\u00bb<\/p>\n<p class=\" wall-content\">Un point sur lequel Maxime n\u2019est pas vraiment d\u2019accord. \u00ab\u00a0Ils nous avaient pr\u00e9venus, sans verbaliser. Pour l\u2019instant, je vois l\u2019amende comme un moyen de r\u00e9cup\u00e9rer de l\u2019argent, plus qu\u2019un moyen de nous prot\u00e9ger. \u00c7a ne justifie pas de prendre le v\u00e9lo. Autant prendre la voiture, hormis les soucis \u00e9colos.\u00a0\u00bb<\/p>\n<p class=\" wall-content\">En attendant, le contr\u00f4le a \u00e9t\u00e9 v\u00e9ritablement efficace. Force est de constater que les policiers municipaux ont encha\u00een\u00e9 les interpellations. Ports d\u2019\u00e9couteurs, transport d\u2019un passager sur une trottinette, feu rouge grill\u00e9\u2026 les infractions sont nombreuses.<\/p>\n<p>Un refus d\u2019obtemp\u00e9rer \u00e0 V\u00e9lo\u2019v<\/p>\n<p class=\" wall-content\">Une usag\u00e8re des V\u00e9lo\u2019v a m\u00eame commis un refus d\u2019obtemp\u00e9rer. Elle n\u2019est pas all\u00e9e bien loin sans l\u2019assistance \u00e9lectrique, rattrap\u00e9e par <strong>la brigade cycliste qui s\u2019est imm\u00e9diatement lanc\u00e9e \u00e0 sa poursuite. <\/strong><\/p>\n<p class=\" wall-content\">\u00ab\u00a0Oui, on peut faire des refus d\u2019obtemp\u00e9rer avec un V\u00e9lo\u2019v, sourit l\u2019agent qui doit g\u00e9rer le manque de coop\u00e9ration de la cycliste. Elle ne voulait pas nous donner ses papiers. On lui a propos\u00e9 de nous suivre au commissariat pour v\u00e9rifier son identit\u00e9. \u00c7a a fini par la convaincre.\u00a0\u00bb<\/p>\n<p>    <img   decoding=\"async\" loading=\"lazy\" src=\"https:\/\/www.europesays.com\/fr\/wp-content\/uploads\/2025\/08\/police-municipale-lyon-cycliste-960x640.jpg\" alt=\"La brigade cycliste de la police municipale de Lyon a distribu\u00e9 de nombreuses amendes sur le cours Lafayette, mardi matin.\" width=\"960\" height=\"640\"\/><br \/>\n    Que ce soit \u00e0 trottinette ou \u00e0 v\u00e9lo, les usagers en infractions ont \u00e9t\u00e9 verbalis\u00e9s. (\u00a9Anthony Soudani \/ actu Lyon)<\/p>\n<p class=\" wall-content\">Entre 8h et 10h, les agents n\u2019ont cess\u00e9 de distribuer des PV. Certains usagers comprenaient leur tort, d\u2019autres, comme Maxime, \u00e9tait plut\u00f4t sur les nerfs. \u00ab\u00a0Pour quatre contr\u00f4les, il n\u2019y a qu\u2019une sanction\u00a0\u00bb, rappelle Gr\u00e9gory Doucet.\u00a0<\/p>\n<p>Votre r\u00e9gion, votre actu !<\/p>\n<p>Recevez chaque jour les infos qui comptent pour vous.<\/p>\n<p>\t<a href=\"https:\/\/actu.fr\/newsletter\" class=\"ac-btn ac-btn--corner ac-btn--medium ac-btn--blue800\" target=\"_blank\" rel=\"noopener\">S&rsquo;incrire<\/a><br \/>\nPlus de 300 amendes en 2025<\/p>\n<p class=\" wall-content\">Le maire de Lyon a tenu \u00e0 marteler un message : sa brigade cycliste est pr\u00eate \u00e0 continuer de s\u00e9vir cette ann\u00e9e avec un nombre d\u2019interpellations record depuis sa cr\u00e9ation.<\/p>\n<blockquote class=\"ac-article-quote wall-content\">\n<p>En 2019, on comptabilisait quatre verbalisations de cyclistes. En moyenne, c&rsquo;est d\u00e9sormais 200 par an. Sur l&rsquo;ann\u00e9e 2025, nous intensifions nos efforts face \u00e0 l&rsquo;augmentation massive des flux v\u00e9los et trottinettes avec nos nouveaux am\u00e9nagements, dont les Voies lyonnaises. Nous comptons d\u00e9j\u00e0 236 verbalisations de cyclistes et 105 PV pour les trottinettes avec plusieurs op\u00e9rations chaque jour.<\/p>\n<p>    <strong>Gr\u00e9gory Doucet<\/strong><br \/>\n        Maire de Lyon    <\/p><\/blockquote>\n<p class=\" wall-content\">La municipalit\u00e9 \u00e9cologiste, souvent tacl\u00e9e par ses adversaires politiques qui mettent en avant l\u2019ins\u00e9curit\u00e9 \u00e0 Lyon, r\u00e9affirme que la s\u00e9curit\u00e9 routi\u00e8re est sa priorit\u00e9. Gr\u00e9gory Doucet ne manquant jamais l\u2019occasion de rappeler que <strong>les accidents graves ont \u00e9t\u00e9 divis\u00e9s par deux<\/strong> depuis mars 2023 et la mise en place de la <a href=\"https:\/\/actu.fr\/auvergne-rhone-alpes\/lyon_69123\/lyon-a-30-km-h-le-premier-bilan-devoile-par-gregory-doucet-de-nouveaux-radars-souhaites_62444396.html\" target=\"_blank\" rel=\"noopener\">limitation \u00e0 30 km\/h<\/a> dans la capitale des Gaules.<\/p>\n<p class=\" wall-content\">Personnalisez votre actualit\u00e9 en ajoutant vos villes et m\u00e9dias en favori avec <a href=\"https:\/\/moncompte.actu.fr\" title=\"D\u00e9couvez Mon Actu\" rel=\"nofollow noopener\" data-trk=\"{&quot;cta&quot;:{&quot;action&quot;:&quot;https:\\\/\\\/moncompte.actu.fr&quot;,&quot;category&quot;:&quot;mon compte&quot;,&quot;from&quot;:&quot;article footer&quot;,&quot;name&quot;:&quot;Mon actu&quot;,&quot;type&quot;:&quot;cta&quot;}}\" target=\"_blank\">Mon Actu<\/a>.<\/p>\n","protected":false},"excerpt":{"rendered":"Par Anthony Soudani Publi\u00e9 le 26 ao\u00fbt 2025 \u00e0 18h02 \u00ab\u00a0J\u2019ai grill\u00e9 un feu rouge, ils m\u2019ont interpell\u00e9\u2026&hellip;\n","protected":false},"author":2,"featured_media":345967,"comment_status":"","ping_status":"","sticky":false,"template":"","format":"standard","meta":{"footnotes":""},"categories":[1889],"tags":[1111,11,2430,1777,674,1011,27,5226,2428,12,1072,25,104,208],"class_list":{"0":"post-345966","1":"post","2":"type-post","3":"status-publish","4":"format-standard","5":"has-post-thumbnail","7":"category-lyon","8":"tag-actu","9":"tag-actualites","10":"tag-auvergne-rhone-alpes","11":"tag-eu","12":"tag-europe","13":"tag-fr","14":"tag-france","15":"tag-gregory-doucet","16":"tag-lyon","17":"tag-news","18":"tag-police","19":"tag-republique-francaise","20":"tag-societe","21":"tag-velo"},"share_on_mastodon":{"url":"https:\/\/pubeurope.com\/@fr\/115096883763288636","error":""},"_links":{"self":[{"href":"https:\/\/www.europesays.com\/fr\/wp-json\/wp\/v2\/posts\/345966","targetHints":{"allow":["GET"]}}],"collection":[{"href":"https:\/\/www.europesays.com\/fr\/wp-json\/wp\/v2\/posts"}],"about":[{"href":"https:\/\/www.europesays.com\/fr\/wp-json\/wp\/v2\/types\/post"}],"author":[{"embeddable":true,"href":"https:\/\/www.europesays.com\/fr\/wp-json\/wp\/v2\/users\/2"}],"replies":[{"embeddable":true,"href":"https:\/\/www.europesays.com\/fr\/wp-json\/wp\/v2\/comments?post=345966"}],"version-history":[{"count":0,"href":"https:\/\/www.europesays.com\/fr\/wp-json\/wp\/v2\/posts\/345966\/revisions"}],"wp:featuredmedia":[{"embeddable":true,"href":"https:\/\/www.europesays.com\/fr\/wp-json\/wp\/v2\/media\/345967"}],"wp:attachment":[{"href":"https:\/\/www.europesays.com\/fr\/wp-json\/wp\/v2\/media?parent=345966"}],"wp:term":[{"taxonomy":"category","embeddable":true,"href":"https:\/\/www.europesays.com\/fr\/wp-json\/wp\/v2\/categories?post=345966"},{"taxonomy":"post_tag","embeddable":true,"href":"https:\/\/www.europesays.com\/fr\/wp-json\/wp\/v2\/tags?post=345966"}],"curies":[{"name":"wp","href":"https:\/\/api.w.org\/{rel}","templated":true}]}}