{"id":345968,"date":"2025-08-26T20:10:16","date_gmt":"2025-08-26T20:10:16","guid":{"rendered":"https:\/\/www.europesays.com\/fr\/345968\/"},"modified":"2025-08-26T20:10:16","modified_gmt":"2025-08-26T20:10:16","slug":"lyon-velo-location-louer-un-velo-pour-tester-ou-voyager","status":"publish","type":"post","link":"https:\/\/www.europesays.com\/fr\/345968\/","title":{"rendered":"Lyon V\u00e9lo Location : louer un v\u00e9lo pour tester ou voyager"},"content":{"rendered":"<p>Vous cherchez un v\u00e9lo costaud pour traverser l\u2019Europe ? Trois v\u00e9los pour faire la ViaRh\u00f4na en famille\u2026 Ou un v\u00e9lo cargo pour tout simplement tester cet engin tr\u00e8s \u00e0 la mode\u2026 Lyon V\u00e9lo Location vous donne l\u2019opportunit\u00e9 de louer un v\u00e9lo dans le quartier Jean Mac\u00e9.<\/p>\n<p>Depuis une vingtaine d\u2019ann\u00e9es, le nombre de Fran\u00e7ais qui se d\u00e9placent \u00e0 v\u00e9lo a litt\u00e9ralement explos\u00e9. Selon un sondage d\u2019AG2R La Mondiale, ils \u00e9taient 22 millions \u00e0 avoir enfourch\u00e9 un v\u00e9lo au moins une fois en 2016, contre 31,7 millions en 2022. Lyon V\u00e9lo Location vient apporter sa pierre \u00e0 l\u2019\u00e9cosyst\u00e8me v\u00e9lo en proposant\u2026 des v\u00e9los en  location !<\/p>\n<p>\u00c0 Lyon, la tendance est bien visible. La <strong>M\u00e9tropole de Lyon<\/strong> a consid\u00e9rablement \u00e9largi son <strong>r\u00e9seau cyclable<\/strong> avec la construction des <strong><a href=\"https:\/\/avelo.grandlyon.com\/se-deplacer-a-velo\/les-voies-lyonnaises\" target=\"_blank\" rel=\"noreferrer noopener nofollow\">Voies Lyonnaises<\/a><\/strong>. Lyon se classe aujourd\u2019hui comme la 6\u1d49 ville la plus \u201c<strong>bike friendly<\/strong>\u201d de France.<\/p>\n<p>Cons\u00e9quence, l\u2019offre a suivi\u2026 <strong>Magasins de vente<\/strong>,<strong> ateliers de r\u00e9paration<\/strong> et <strong>prestataires de location de v\u00e9los<\/strong> se sont multipli\u00e9s dans la m\u00e9tropole. Nous sommes all\u00e9s \u00e0 la rencontre de l\u2019un de ces acteurs,<strong> Alexandre Karsenty<\/strong>. Afin qu\u2019il nous parle de son parcours\u2026 et de l\u2019\u00e9volution du rapport des Lyonnais au v\u00e9lo.<\/p>\n<p>Une interview de Th\u00e9ophile Eliot. Ecoutez le podcast<\/p>\n<p>Lyon V\u00e9lo Location<\/p>\n<p>Ancien collaborateur de <strong>D\u00e9cathlon<\/strong> et d\u2019un magazine professionnel sur le v\u00e9lo, il fonde en 2010 <strong><a href=\"https:\/\/www.lyoncyclechic.fr\/\" target=\"_blank\" rel=\"noreferrer noopener nofollow\">Lyon Cycle Chic<\/a><\/strong>. Une boutique orient\u00e9e vers l\u2019<strong>usage urbain du deux-roues<\/strong>, \u00e0 contre-courant d\u2019un march\u00e9 alors domin\u00e9 par le sport.<\/p>\n<p>Ecoutez aussi : <a href=\"https:\/\/www.lyondemain.fr\/step-stop-a-la-sclerose-en-plaques-2\/\" target=\"_blank\" rel=\"noreferrer noopener nofollow\">D\u00e9fi STEP : l\u2019id\u00e9e d\u2019un label \u00ab\u00a0Ville Handi-Accueillante\u00a0\u00bb\u2026<\/a><\/p>\n<p>Se d\u00e9placer \u00e0 v\u00e9lo n\u2019est plus un acte militant\u2026<\/p>\n<p>\u00ab \u00c0 l\u2019\u00e9poque, <strong>se d\u00e9placer \u00e0 v\u00e9lo<\/strong> relevait presque de l\u2019<strong>acte militant<\/strong> \u00bb, se souvient-il. \u00ab Mon public \u00e9tait ainsi constitu\u00e9 d\u2019aficionados, parfois consid\u00e9r\u00e9s comme des illumin\u00e9s \u00bb. Mais depuis, le regard a chang\u00e9. Pour <strong>Karsenty<\/strong>, l\u2019\u00e9largissement du public ne doit rien \u00e0 un pros\u00e9lytisme militant : c\u2019est avant tout la praticit\u00e9 qui a s\u00e9duit les citadins.<\/p>\n<p>\u00ab Faire dix minutes \u00e0 v\u00e9lo plut\u00f4t que quinze en voiture, sans compter la <strong>gal\u00e8re du stationnement<\/strong>, c\u2019est redoutablement efficace. \u00bb En 2018, Alexandre ouvre <strong>Lyon V\u00e9lo Location<\/strong>, une enseigne voisine, pour r\u00e9pondre \u00e0 une <strong>demande croissante de tourisme et de d\u00e9couverte<\/strong>.<\/p>\n<p>Les profils cibles sont vari\u00e9s\u2026 Habitants curieux de <strong>tester un v\u00e9lo cargo ou \u00e9lectrique<\/strong>, amateurs souhaitant <strong>essayer le gravel<\/strong> avant d\u2019acheter. Ou encore familles qui louent pour <strong>un week-end sur la ViaRh\u00f4na<\/strong>. Plus qu\u2019un simple <strong>moyen de transport<\/strong>, le v\u00e9lo devient un<strong> outil d\u2019exploration et d\u2019exp\u00e9rimentation<\/strong>.<\/p>\n<p>Ecoutez aussi : <a href=\"https:\/\/veloradio.fr\/ultima-mobility-velo-filiere\/\" target=\"_blank\" rel=\"noreferrer noopener nofollow\">V\u00e9lo : Ultima Mobility veut participer \u00e0 la relocalisation<\/a><\/p>\n<p>Arr\u00eatons d\u2019opposer cyclistes et automobilistes<\/p>\n<p>Pour autant, le g\u00e9rant regrette la <strong>polarisation du d\u00e9bat entre automobilistes et cyclistes<\/strong> : \u00ab On oublie que nous partageons tous le m\u00eame espace. Beaucoup de <strong>nouveaux cyclistes<\/strong> \u00e9taient hier encore au volant. Plut\u00f4t que de pointer la paille dans l\u2019\u0153il du voisin, profitons de ce que le v\u00e9lo apporte : <strong>praticit\u00e9, sant\u00e9, plaisir<\/strong>. \u00bb<\/p>\n<p>\u00c0 Lyon comme ailleurs, la <strong>bicyclette<\/strong> n\u2019est plus r\u00e9serv\u00e9e \u00e0 une minorit\u00e9 engag\u00e9e. Elle s\u2019affirme d\u00e9sormais comme une alternative concr\u00e8te et conviviale, \u00e0 la crois\u00e9e de la <strong>mobilit\u00e9 urbaine<\/strong> et du <strong>loisir<\/strong>.<\/p>\n<p>Ecoutez aussi : <a href=\"https:\/\/www.lyondemain.fr\/velos-publics-tour-de-france\/\" target=\"_blank\" rel=\"noreferrer noopener nofollow\">Tour 2026 : 2 Lyonnais veulent r\u00e9unir un peloton de v\u00e9los publics<\/a><\/p>\n<p>Pour d\u00e9coucrir Lyon V\u00e9lo Location, c\u2019est <a href=\"https:\/\/www.lyonvelolocation.fr\/\" target=\"_blank\" rel=\"noreferrer noopener nofollow\">ici<\/a><\/p>\n<blockquote class=\"instagram-media\" data-instgrm-captioned=\"\" data-instgrm-permalink=\"https:\/\/www.instagram.com\/reel\/DJvxBnJoHih\/?utm_source=ig_embed&amp;utm_campaign=loading\" data-instgrm-version=\"14\" style=\" background:#FFF; border:0; border-radius:3px; box-shadow:0 0 1px 0 rgba(0,0,0,0.5),0 1px 10px 0 rgba(0,0,0,0.15); margin: 1px; max-width:540px; min-width:326px; padding:0; width:99.375%; width:-webkit-calc(100% - 2px); width:calc(100% - 2px);\"\/>\n<p><img fetchpriority=\"high\" decoding=\"async\" width=\"1200\" height=\"675\" src=\"https:\/\/www.europesays.com\/fr\/wp-content\/uploads\/2025\/08\/Lyon-Velo-Location.jpg\" alt=\"Lyon V\u00e9lo Location\" class=\"wp-image-251257\"  \/><br \/>\nJ\u2019aime \u00e7a\u00a0:<\/p>\n<p>J\u2019aime chargement\u2026<\/p>\n<p><a class=\"sd-link-color\"\/><\/p>\n<p>\n\tArticles similaires\n<\/p>\n<p>\t\t\t\t<img decoding=\"async\" src=\"https:\/\/www.europesays.com\/fr\/wp-content\/uploads\/2025\/08\/1756239016_485_7866158698e17e8ed633c05e8f8e7fe5d9e057ad78661c4dc34e413abb6b9f19\" alt=\"G\u00e9rald Bouchon\"\/><\/p>\n<p>Pionnier des radios libres, passionn\u00e9 de radio, journaliste et dirigeant de m\u00e9dias \u00e9co-responsables..<\/p>\n<p>\t\t\t<script async src=\"\/\/www.instagram.com\/embed.js\"><\/script><\/p>\n","protected":false},"excerpt":{"rendered":"Vous cherchez un v\u00e9lo costaud pour traverser l\u2019Europe ? Trois v\u00e9los pour faire la ViaRh\u00f4na en famille\u2026 Ou&hellip;\n","protected":false},"author":2,"featured_media":345969,"comment_status":"","ping_status":"","sticky":false,"template":"","format":"standard","meta":{"footnotes":""},"categories":[1889],"tags":[1111,11,47850,2430,1777,674,1011,27,47851,2428,48207,47852,29161,28698,12,25,208,27605,48208],"class_list":{"0":"post-345968","1":"post","2":"type-post","3":"status-publish","4":"format-standard","5":"has-post-thumbnail","7":"category-lyon","8":"tag-actu","9":"tag-actualites","10":"tag-alexandre-karsenty","11":"tag-auvergne-rhone-alpes","12":"tag-eu","13":"tag-europe","14":"tag-fr","15":"tag-france","16":"tag-location-de-velos","17":"tag-lyon","18":"tag-lyon-cycle-chic","19":"tag-lyon-velo-location","20":"tag-mobilite-urbaine","21":"tag-mobilite-durable","22":"tag-news","23":"tag-republique-francaise","24":"tag-velo","25":"tag-velo-cargo","26":"tag-viarhona"},"share_on_mastodon":{"url":"https:\/\/pubeurope.com\/@fr\/115096887252748651","error":""},"_links":{"self":[{"href":"https:\/\/www.europesays.com\/fr\/wp-json\/wp\/v2\/posts\/345968","targetHints":{"allow":["GET"]}}],"collection":[{"href":"https:\/\/www.europesays.com\/fr\/wp-json\/wp\/v2\/posts"}],"about":[{"href":"https:\/\/www.europesays.com\/fr\/wp-json\/wp\/v2\/types\/post"}],"author":[{"embeddable":true,"href":"https:\/\/www.europesays.com\/fr\/wp-json\/wp\/v2\/users\/2"}],"replies":[{"embeddable":true,"href":"https:\/\/www.europesays.com\/fr\/wp-json\/wp\/v2\/comments?post=345968"}],"version-history":[{"count":0,"href":"https:\/\/www.europesays.com\/fr\/wp-json\/wp\/v2\/posts\/345968\/revisions"}],"wp:featuredmedia":[{"embeddable":true,"href":"https:\/\/www.europesays.com\/fr\/wp-json\/wp\/v2\/media\/345969"}],"wp:attachment":[{"href":"https:\/\/www.europesays.com\/fr\/wp-json\/wp\/v2\/media?parent=345968"}],"wp:term":[{"taxonomy":"category","embeddable":true,"href":"https:\/\/www.europesays.com\/fr\/wp-json\/wp\/v2\/categories?post=345968"},{"taxonomy":"post_tag","embeddable":true,"href":"https:\/\/www.europesays.com\/fr\/wp-json\/wp\/v2\/tags?post=345968"}],"curies":[{"name":"wp","href":"https:\/\/api.w.org\/{rel}","templated":true}]}}