{"id":345980,"date":"2025-08-26T20:17:11","date_gmt":"2025-08-26T20:17:11","guid":{"rendered":"https:\/\/www.europesays.com\/fr\/345980\/"},"modified":"2025-08-26T20:17:11","modified_gmt":"2025-08-26T20:17:11","slug":"donald-trump-se-dit-pret-a-imposer-des-sanctions-economiques-a-la-russie-le-figaro","status":"publish","type":"post","link":"https:\/\/www.europesays.com\/fr\/345980\/","title":{"rendered":"Donald Trump se dit pr\u00eat \u00e0 imposer des sanctions \u00e9conomiques \u00e0 la Russie &#8211; Le Figaro"},"content":{"rendered":"<ol>\n<li><a href=\"https:\/\/news.google.com\/rss\/articles\/CBMiuwFBVV95cUxOb2ZJUWVob3pHUkV2bGRBb1lBSlNwcUdicWp1U0c1bGVDSkZPZE02Z0dVLWI3MjdLdWpFY2lQWHpNQU12VGYtWjlHVHphMjVMSGVCWnFvcmJRcDdiU1NvSTFXOVphTHNPc1puRzVKZU0wZ0c5VDl3NVk3Mzd4cmNnbnRZOXFBUlUwczhBa2lIR3RTYjB1dUtXekNubDNuMXdMQ3RkMDl1RVJlVlpMZWtDYTRFN3BVM2VQeGVJ?oc=5\" target=\"_blank\" rel=\"nofollow noopener\">Donald Trump se dit pr\u00eat \u00e0 imposer des sanctions \u00e9conomiques \u00e0 la Russie<\/a>&nbsp;&nbsp;Le Figaro<\/li>\n<li><a href=\"https:\/\/news.google.com\/rss\/articles\/CBMi2wFBVV95cUxPUjhDQkxrYmJVOGpCTm5NT1R5ZVl6ZENzNzNpZlFfYmNKamdWTmRiSjNfdDlGSVowQ0ozdVpQeXNtQ2stN0RlWlpOU29ZbzdrYl9ITTFua3pzV3ktMUFOemNlN0VFWHhBTC1UTUlHTTFENGZOMkFOZWptVVpNUmc3SVBYZDlFcG44azh1QTBRcjlhZW9fRHlSWmdqSW1VYlJBNVJ0U0FiZ0dDdUhNckNILUlZY2Y2cjBqNVNhOFRLbVdYb0o3QkE1dE1QRjdrUkVZOXVkUmwteEVzV0k?oc=5\" target=\"_blank\" rel=\"nofollow noopener\">Le petit cadeau de Poutine que Trump exhibe fi\u00e8rement dans son bureau de la Maison-Blanche<\/a>&nbsp;&nbsp;parismatch.com<\/li>\n<li><a href=\"https:\/\/news.google.com\/rss\/articles\/CBMigAJBVV95cUxOdlNRUmlHZE1Ka2gzTXhxd3ZXZWVTSG83UU5UNl85YXpmcENYaTYxbW03UUZSdy1raGNMb2puMm9xc0FhZ3I2d0psSkxkakdnSk12ekdCU05xazdndnJyM3JydlA3c01kcmlSNjFGX1h0NHp3cXZMMnNEWC13MzRuWkprRTRia3RBRjRwZUkwV0hrT3RERkE0NHU0VUE1UkJmUGgzaE83QVpRSHlUNkprMFRzMlg0VG4zSVlma3Q1RFlKOUV2dG02X2h3N1hieG9RX1oySFo5eFBvX2FWbTFYbm9NVzNSUW9vZW9Ha3VhVU1IUFphUTBydlVwUzdTWlN1?oc=5\" target=\"_blank\" rel=\"nofollow noopener\">Ukraine: Donald Trump d\u00e9voile une photo prise lors du sommet en l&rsquo;Alaska avec Vladimir Poutine<\/a>&nbsp;&nbsp;BFMTV<\/li>\n<li><a href=\"https:\/\/news.google.com\/rss\/articles\/CBMiwwFBVV95cUxPNU5Xam5jb1JkZU9pbHFERTRvY2tXRFlab3RsQlhNYkoyMmlDZGJ2VEhxVzFSQWY1aFNGbkRnZEk4MHRhNjNGTE16NGFhenR6MUQ2TFllc01UQ2dyS01CdmJ6Tk1UWTR6dVAtbW9RaVhVWXRDeGpZbGh2ZUVOUHJGNVJNSE9UeTdkbVQ2ZGpPRTdIQlllazF0eW52RFRNQ19mMTRzakRFcDBOSzlfYkpzUTd0RlYxZVBSV2FkcGFSWFc3amc?oc=5\" target=\"_blank\" rel=\"nofollow noopener\">Trump menace Moscou de nouvelles sanctions mais n&rsquo;exclut pas d&rsquo;inviter Poutine au Mondial de foot<\/a>&nbsp;&nbsp;Euronews.com<\/li>\n<li><a href=\"https:\/\/news.google.com\/rss\/articles\/CBMi8gFBVV95cUxNR29kamRIS2htQkZVUkFoM3ZuZnVZb1RoaG5XQk5vdjRPWnFhNHNQa0luS2l1Y2JPa215Yzdfc3VIcW1vQ0VHcnpmOF9Bdl9DcmZ4LWhHYjEtZU9xbW55TW5xRFRIaHZZVVFLZ1FrOV9EQW9IYzJ3X1ViVVV1NUFMNEJVZFItQTV0QUZlVnN2LWdUUU5qbG5xOWFwTTQ0VkR3OWdxWDI2R1dpOFBtckJFNXJXV05ONS1Rc09VUDJvR2tsNG11SDdUbDlGRXUxNmN1RkFTQ0dzdEVrTFdrcmVKSTVPQTlERDM5N3RJTWpoblhFdw?oc=5\" target=\"_blank\" rel=\"nofollow noopener\">Cette s\u00e9quence lunaire dans le Bureau ovale montre la fascination de Trump pour Poutine<\/a>&nbsp;&nbsp;Le HuffPost<\/li>\n<\/ol>\n","protected":false},"excerpt":{"rendered":"Donald Trump se dit pr\u00eat \u00e0 imposer des sanctions \u00e9conomiques \u00e0 la Russie&nbsp;&nbsp;Le Figaro Le petit cadeau de&hellip;\n","protected":false},"author":2,"featured_media":345981,"comment_status":"","ping_status":"","sticky":false,"template":"","format":"standard","meta":{"footnotes":""},"categories":[1591],"tags":[11,75,33,1887,12,1885,1886,132],"class_list":{"0":"post-345980","1":"post","2":"type-post","3":"status-publish","4":"format-standard","5":"has-post-thumbnail","7":"category-russie","8":"tag-actualites","9":"tag-donald-trump","10":"tag-economie","11":"tag-federation-de-russie","12":"tag-news","13":"tag-russia","14":"tag-russian-federation","15":"tag-russie"},"share_on_mastodon":{"url":"https:\/\/pubeurope.com\/@fr\/115096914778791851","error":""},"_links":{"self":[{"href":"https:\/\/www.europesays.com\/fr\/wp-json\/wp\/v2\/posts\/345980","targetHints":{"allow":["GET"]}}],"collection":[{"href":"https:\/\/www.europesays.com\/fr\/wp-json\/wp\/v2\/posts"}],"about":[{"href":"https:\/\/www.europesays.com\/fr\/wp-json\/wp\/v2\/types\/post"}],"author":[{"embeddable":true,"href":"https:\/\/www.europesays.com\/fr\/wp-json\/wp\/v2\/users\/2"}],"replies":[{"embeddable":true,"href":"https:\/\/www.europesays.com\/fr\/wp-json\/wp\/v2\/comments?post=345980"}],"version-history":[{"count":0,"href":"https:\/\/www.europesays.com\/fr\/wp-json\/wp\/v2\/posts\/345980\/revisions"}],"wp:featuredmedia":[{"embeddable":true,"href":"https:\/\/www.europesays.com\/fr\/wp-json\/wp\/v2\/media\/345981"}],"wp:attachment":[{"href":"https:\/\/www.europesays.com\/fr\/wp-json\/wp\/v2\/media?parent=345980"}],"wp:term":[{"taxonomy":"category","embeddable":true,"href":"https:\/\/www.europesays.com\/fr\/wp-json\/wp\/v2\/categories?post=345980"},{"taxonomy":"post_tag","embeddable":true,"href":"https:\/\/www.europesays.com\/fr\/wp-json\/wp\/v2\/tags?post=345980"}],"curies":[{"name":"wp","href":"https:\/\/api.w.org\/{rel}","templated":true}]}}