{"id":345982,"date":"2025-08-26T20:18:12","date_gmt":"2025-08-26T20:18:12","guid":{"rendered":"https:\/\/www.europesays.com\/fr\/345982\/"},"modified":"2025-08-26T20:18:12","modified_gmt":"2025-08-26T20:18:12","slug":"ce-quil-faut-retenir-de-la-situation-du-mardi-26-aout","status":"publish","type":"post","link":"https:\/\/www.europesays.com\/fr\/345982\/","title":{"rendered":"ce qu\u2019il faut retenir de la situation du mardi 26\u00a0ao\u00fbt"},"content":{"rendered":"<p>L\u2019Ukraine reconna\u00eet l\u2019avanc\u00e9e des troupes russes<\/p>\n<p>L\u2019Ukraine a reconnu mardi 26\u00a0ao\u00fbt pour la premi\u00e8re fois que les troupes russes <a href=\"https:\/\/www.la-croix.com\/international\/guerre-en-ukraine-chaque-jour-qui-passe-nous-avons-moins-d-hommes-de-ressources-de-territoire-20250810\" data-tracking=\"inpage_click\" data-tracking-action=\"suivre un lien dans l&#039;article\" data-tracking-category=\"engagement\" rel=\"nofollow noopener\" target=\"_blank\">ont p\u00e9n\u00e9tr\u00e9 dans sa r\u00e9gion de Dnipropetrovsk<\/a> (centre-est), o\u00f9 Moscou avait revendiqu\u00e9 de son c\u00f4t\u00e9 des avanc\u00e9es d\u00e8s le mois de juillet.<\/p>\n<p>\u00ab\u00a0Oui, ils sont entr\u00e9s\u00a0\u00bb dans ce territoire, o\u00f9 \u00ab\u00a0les combats se poursuivent actuellement\u00a0\u00bb, a d\u00e9clar\u00e9 Viktor Tregoubov, porte-parole de l\u2019arm\u00e9e ukrainienne pour cette zone. Kiev d\u00e9mentait jusque-l\u00e0 toute avanc\u00e9e russe dans cette r\u00e9gion.<\/p>\n<p>La Finlande demande des mesures \u00e0 Trump<\/p>\n<p>Le pr\u00e9sident finlandais Alexander Stubb a exhort\u00e9 Donald Trump \u00e0 prendre des mesures qui forceraient la Russie \u00e0 s\u2019asseoir \u00e0 la table des n\u00e9gociations avec l\u2019Ukraine, esp\u00e9rant que la patience de Donald Trump \u00e0 l\u2019\u00e9gard de Moscou allait \u00ab\u00a0s\u2019\u00e9puiser\u00a0\u00bb.<\/p>\n<p>Alexander Stubb, qui s\u2019est <a href=\"https:\/\/www.la-croix.com\/international\/guerre-en-ukraine-pourquoi-la-finlande-s-impose-comme-un-acteur-cle-des-negociations-20250819\" data-tracking=\"inpage_click\" data-tracking-action=\"suivre un lien dans l&#039;article\" data-tracking-category=\"engagement\" rel=\"nofollow noopener\" target=\"_blank\">li\u00e9 d\u2019amiti\u00e9 avec Donald Trump<\/a> en jouant au golf et qui dirige un pays qui partage une longue fronti\u00e8re avec la Russie, s\u2019est r\u00e9cemment rendu avec d\u2019autres dirigeants europ\u00e9ens \u00e0 Washington pour tenter de r\u00e9soudre le conflit.<\/p>\n<p>\u00ab\u00a0J\u2019esp\u00e8re que la patience des pays occidentaux, en particulier des \u00c9tats-Unis, va s\u2019\u00e9puiser. Parce qu\u2019\u00e0 chaque fois que la patience du pr\u00e9sident Trump s\u2019est \u00e9puis\u00e9e, il a pris des mesures qui ont permis de trouver une solution\u00a0\u00bb, a d\u00e9clar\u00e9 Alexander Stubb lors d\u2019une conf\u00e9rence de presse.<\/p>\n<p>Un drone s\u2019\u00e9crase en Estonie<\/p>\n<p>Un drone de combat, vraisemblablement ukrainien, d\u00e9vi\u00e9 de sa trajectoire, s\u2019est \u00e9cras\u00e9 et a explos\u00e9 en Estonie, pays voisin de la Russie, sans faire de victimes, ont annonc\u00e9 les responsables de ce pays balte alli\u00e9 ferme de l\u2019Ukraine.<\/p>\n<p>Des morceaux de ce drone ont \u00e9t\u00e9 retrouv\u00e9s par un agriculteur \u00e0 Elva, pr\u00e8s de Tartu (sud-est), \u00e0 environ 75\u00a0km de la fronti\u00e8re russo-estonienne, et un crat\u00e8re d\u2019explosion a \u00e9galement \u00e9t\u00e9 identifi\u00e9 sur les lieux.<\/p>\n","protected":false},"excerpt":{"rendered":"L\u2019Ukraine reconna\u00eet l\u2019avanc\u00e9e des troupes russes L\u2019Ukraine a reconnu mardi 26\u00a0ao\u00fbt pour la premi\u00e8re fois que les troupes&hellip;\n","protected":false},"author":2,"featured_media":345983,"comment_status":"","ping_status":"","sticky":false,"template":"","format":"standard","meta":{"footnotes":""},"categories":[1590],"tags":[11,1777,674,12,220],"class_list":{"0":"post-345982","1":"post","2":"type-post","3":"status-publish","4":"format-standard","5":"has-post-thumbnail","7":"category-ukraine","8":"tag-actualites","9":"tag-eu","10":"tag-europe","11":"tag-news","12":"tag-ukraine"},"share_on_mastodon":{"url":"https:\/\/pubeurope.com\/@fr\/115096918664431718","error":""},"_links":{"self":[{"href":"https:\/\/www.europesays.com\/fr\/wp-json\/wp\/v2\/posts\/345982","targetHints":{"allow":["GET"]}}],"collection":[{"href":"https:\/\/www.europesays.com\/fr\/wp-json\/wp\/v2\/posts"}],"about":[{"href":"https:\/\/www.europesays.com\/fr\/wp-json\/wp\/v2\/types\/post"}],"author":[{"embeddable":true,"href":"https:\/\/www.europesays.com\/fr\/wp-json\/wp\/v2\/users\/2"}],"replies":[{"embeddable":true,"href":"https:\/\/www.europesays.com\/fr\/wp-json\/wp\/v2\/comments?post=345982"}],"version-history":[{"count":0,"href":"https:\/\/www.europesays.com\/fr\/wp-json\/wp\/v2\/posts\/345982\/revisions"}],"wp:featuredmedia":[{"embeddable":true,"href":"https:\/\/www.europesays.com\/fr\/wp-json\/wp\/v2\/media\/345983"}],"wp:attachment":[{"href":"https:\/\/www.europesays.com\/fr\/wp-json\/wp\/v2\/media?parent=345982"}],"wp:term":[{"taxonomy":"category","embeddable":true,"href":"https:\/\/www.europesays.com\/fr\/wp-json\/wp\/v2\/categories?post=345982"},{"taxonomy":"post_tag","embeddable":true,"href":"https:\/\/www.europesays.com\/fr\/wp-json\/wp\/v2\/tags?post=345982"}],"curies":[{"name":"wp","href":"https:\/\/api.w.org\/{rel}","templated":true}]}}