{"id":345984,"date":"2025-08-26T20:19:06","date_gmt":"2025-08-26T20:19:06","guid":{"rendered":"https:\/\/www.europesays.com\/fr\/345984\/"},"modified":"2025-08-26T20:19:06","modified_gmt":"2025-08-26T20:19:06","slug":"donald-trump-menace-leurope-de-sanctions-pour-defendre-ses-big-tech","status":"publish","type":"post","link":"https:\/\/www.europesays.com\/fr\/345984\/","title":{"rendered":"Donald Trump menace l\u2019Europe de sanctions pour d\u00e9fendre ses Big Tech"},"content":{"rendered":"<p><strong>D\u00c9CRYPTAGE<\/strong> &#8211; Les \u00c9tats-Unis ont dans leur viseur les deux grands r\u00e8glements europ\u00e9ens qui encadrent les pratiques des grandes soci\u00e9t\u00e9s technologiques.<\/p>\n<p class=\"fig-paragraph\">\u00c0 ceux qui imaginaient le diff\u00e9rend transatlantique sold\u00e9 par l\u2019accord commercial sign\u00e9 entre<a href=\"http:\/\/www.lefigaro.fr\/international\/ursula-von-der-leyen-face-a-donald-trump-le-comble-de-l-intolerable-contradiction-20250730\" data-fig-type=\"Article\" data-gtm-custom-categorie=\"navigation\" data-gtm-custom-action=\"crossclick\" data-gtm-custom-label=\"Contextuel\" data-gtm-event=\"customEventSPE\" data-fig-domain=\"LEFIGARO\" rel=\"nofollow noopener\" target=\"_blank\">\u00a0Donald Trump et Ursula von der Leyen fin juillet en \u00c9cosse<\/a>, le pr\u00e9sident am\u00e9ricain apporte un d\u00e9menti cinglant. Washington a toujours dans son viseur les deux grands textes europ\u00e9ens de r\u00e9gulation du num\u00e9rique, \u00e0 savoir le Digital Markets Act et le Digital Services Act. Entr\u00e9 en vigueur\u00a0<a href=\"http:\/\/www.lefigaro.fr\/flash-eco\/l-europe-degaine-vendredi-le-dsa-sa-super-arme-pour-reguler-internet-20230823\" data-fig-type=\"NewsFlash\" data-gtm-custom-categorie=\"navigation\" data-gtm-custom-action=\"crossclick\" data-gtm-custom-label=\"Contextuel\" data-gtm-event=\"customEventSPE\" data-fig-domain=\"LEFIGARO\" rel=\"nofollow noopener\" target=\"_blank\">il y a deux ans jour pour jour<\/a>, ce dernier impose aux grandes plateformes (Meta, Google,\u00a0X, Amazon) de mieux contr\u00f4ler les contenus publi\u00e9s en ligne et de lutter ainsi contre la propagation de la d\u00e9sinformation ou de la haine.<\/p>\n<p class=\"fig-paragraph\">Depuis son entr\u00e9e en fonction, Donald Trump n\u2019a eu de cesse de fustiger ce texte, jugeant qu\u2019il constitue une attaque contre ses g\u00e9ants de la tech et plus globalement contre la libert\u00e9 d\u2019expression. En f\u00e9vrier, son Administration avait publi\u00e9 un \u00ab\u00a0m\u00e9morandum\u00a0\u00bb promettant des sanctions contre les mesures discriminatoires ou taxes indues inflig\u00e9es aux entreprises am\u00e9ricaines. Lundi soir\u2026<\/p>\n<p class=\"fig-premium-paywall__infos\">\n        Cet article est r\u00e9serv\u00e9 aux abonn\u00e9s.        Il vous reste 85% \u00e0 d\u00e9couvrir.\n    <\/p>\n<p>                <img  data- alt=\"Le Figaro\" class=\"fig-img--complete fig-img\"\/><\/p>\n<p class=\"fig-premium-paywall__title\">Vente Flash<\/p>\n<p class=\"fig-premium-paywall__subtitle\">4,99\u20ac par mois pendant 12 mois. Sans engagement<\/p>\n<p class=\"fig-premium-paywall__connect\">\n                D\u00e9j\u00e0 abonn\u00e9\u00a0?                <a class=\"fig-premium-paywall__connect-link\" href=\"https:\/\/connect.lefigaro.fr\/login?client=horizon_web&amp;type=main&amp;redirect_uri=https%3A%2F%2Fwww.lefigaro.fr%2Fsecteur%2Fhigh-tech%2Fdonald-trump-menace-l-europe-de-sanctions-pour-defendre-ses-big-tech-20250826\" data-js-gtm=\"{&quot;customCategorie&quot;: &quot;conversion&quot;, &quot;customAction&quot;: &quot;before_Landing_Connexion_paywall_auto&quot;, &quot;customLabel&quot;: &quot;bGVmaWdhcm8uZnJfXzFmMDgyNWViLTU4YWMtNmI2Mi04M2FiLWRmMzcwODdmMzFlY19fQXJ0aWNsZQ==_Donald Trump menace l\u2019Europe de sanctions pour d\u00e9fendre ses Big Tech_392&quot;, &quot;customIDSPE&quot;: &quot;bGVmaWdhcm8uZnJfXzFmMDgyNWViLTU4YWMtNmI2Mi04M2FiLWRmMzcwODdmMzFlY19fQXJ0aWNsZQ==&quot;, &quot;event&quot;: &quot;customEventSPE&quot;}\" rel=\"nofollow noopener\" target=\"_blank\"><br \/>\n                    Connectez-vous<br \/>\n                <\/a>\n            <\/p>\n","protected":false},"excerpt":{"rendered":"D\u00c9CRYPTAGE &#8211; Les \u00c9tats-Unis ont dans leur viseur les deux grands r\u00e8glements europ\u00e9ens qui encadrent les pratiques des&hellip;\n","protected":false},"author":2,"featured_media":345985,"comment_status":"","ping_status":"","sticky":false,"template":"","format":"standard","meta":{"footnotes":""},"categories":[1589],"tags":[11,75,73,1866,12,16033,364,1864,1865,1863,308],"class_list":{"0":"post-345984","1":"post","2":"type-post","3":"status-publish","4":"format-standard","5":"has-post-thumbnail","7":"category-etats-unis","8":"tag-actualites","9":"tag-donald-trump","10":"tag-etats-unis","11":"tag-etats-unis-damerique","12":"tag-news","13":"tag-tech","14":"tag-union-europeenne","15":"tag-united-states","16":"tag-united-states-of-america","17":"tag-us","18":"tag-usa"},"share_on_mastodon":{"url":"https:\/\/pubeurope.com\/@fr\/115096922541536231","error":""},"_links":{"self":[{"href":"https:\/\/www.europesays.com\/fr\/wp-json\/wp\/v2\/posts\/345984","targetHints":{"allow":["GET"]}}],"collection":[{"href":"https:\/\/www.europesays.com\/fr\/wp-json\/wp\/v2\/posts"}],"about":[{"href":"https:\/\/www.europesays.com\/fr\/wp-json\/wp\/v2\/types\/post"}],"author":[{"embeddable":true,"href":"https:\/\/www.europesays.com\/fr\/wp-json\/wp\/v2\/users\/2"}],"replies":[{"embeddable":true,"href":"https:\/\/www.europesays.com\/fr\/wp-json\/wp\/v2\/comments?post=345984"}],"version-history":[{"count":0,"href":"https:\/\/www.europesays.com\/fr\/wp-json\/wp\/v2\/posts\/345984\/revisions"}],"wp:featuredmedia":[{"embeddable":true,"href":"https:\/\/www.europesays.com\/fr\/wp-json\/wp\/v2\/media\/345985"}],"wp:attachment":[{"href":"https:\/\/www.europesays.com\/fr\/wp-json\/wp\/v2\/media?parent=345984"}],"wp:term":[{"taxonomy":"category","embeddable":true,"href":"https:\/\/www.europesays.com\/fr\/wp-json\/wp\/v2\/categories?post=345984"},{"taxonomy":"post_tag","embeddable":true,"href":"https:\/\/www.europesays.com\/fr\/wp-json\/wp\/v2\/tags?post=345984"}],"curies":[{"name":"wp","href":"https:\/\/api.w.org\/{rel}","templated":true}]}}