{"id":345989,"date":"2025-08-26T20:22:05","date_gmt":"2025-08-26T20:22:05","guid":{"rendered":"https:\/\/www.europesays.com\/fr\/345989\/"},"modified":"2025-08-26T20:22:05","modified_gmt":"2025-08-26T20:22:05","slug":"the-ocean-race-europe-5-choses-a-savoir-avant-lescale-a-nice-de-vendredi-a-dimanche","status":"publish","type":"post","link":"https:\/\/www.europesays.com\/fr\/345989\/","title":{"rendered":"The Ocean Race Europe: 5 choses \u00e0 savoir avant l\u2019escale \u00e0 Nice de vendredi \u00e0 dimanche"},"content":{"rendered":"<p>Ils sont partis de Carthag\u00e8ne hier \u00e0 15h, direction la baie des Anges. Encore deux jours, et la flotte de The Ocean Race Europe viendra amarrer dans le port de Nice. Pour la premi\u00e8re fois, la capitale de la Riviera accueille cette grande course en \u00e9quipages, qui a d\u00e9but\u00e9 le 10 ao\u00fbt \u00e0 Kiel.<\/p>\n<p>1. Biotherm en t\u00eate avant Nice<\/p>\n<p>C\u00f4t\u00e9 course, un \u00e9quipage domine le d\u00e9bat: Biotherm, men\u00e9 par Paul Meilhat. Apr\u00e8s avoir d\u00e9j\u00e0 remport\u00e9 les deux premi\u00e8res \u00e9tapes, \u00e0 Portsmouth et Carthag\u00e8ne, le navigateur fran\u00e7ais a pris une avance confortable au classement g\u00e9n\u00e9ral, passant en t\u00eate encore hier en Espagne. Mais en M\u00e9diterran\u00e9e, rien n\u2019est jamais fig\u00e9. \u00ab\u00a0On peut arriver \u00e0 sept bateaux group\u00e9s et finir dernier\u00a0\u00bb, rappelle-t-il, conscient que ses poursuivants \u2013 Paprec Ark\u00e9a de Yoann Richomme et Holcim-PRB avec Franck Cammas \u2013 guettent la moindre opportunit\u00e9.<\/p>\n<p>2. Une forte pr\u00e9sence fran\u00e7aise<\/p>\n<p>Jamais les marins tricolores n\u2019avaient \u00e9t\u00e9 aussi nombreux dans l\u2019\u00e9preuve. Dix au total, r\u00e9partis sur six des sept \u00e9quipages. On y retrouve des figures incontournables du large: \u2018\u2018le petit Mozart de la voile\u2019\u2019 Franck Cammas, \u00e9lu marin de la d\u00e9cennie 2010-2020, Paul Meilhat, qui fait pour le moment course en t\u00eate, Yoann Richomme (originaire de Fr\u00e9jus), Nicolas Lunven, mais aussi des visages plus jeunes comme Manon Peyre ou Lo\u00efs Berrehar. Une g\u00e9n\u00e9ration qui illustre la vitalit\u00e9 de l\u2019\u00e9cole fran\u00e7aise de voile, aussi \u00e0 l\u2019aise en solitaire qu\u2019en \u00e9quipage.<\/p>\n<p>3. Un laboratoire europ\u00e9en<\/p>\n<p>The Ocean Race Europe n\u2019est pas qu\u2019une histoire de r\u00e9gates. Chaque \u00e9quipage embarque des instruments scientifiques qui collectent en mer des donn\u00e9es sur le climat et la pollution: salinit\u00e9, taux d\u2019oxyg\u00e8ne, pr\u00e9sence de microplastiques\u2026 Ces relev\u00e9s compl\u00e8tent ceux des r\u00e9seaux oc\u00e9anographiques mondiaux. C\u2019est aussi ce qui donne \u00e0 la course une dimension europ\u00e9enne, au croisement du sport, de la recherche et de la coop\u00e9ration. \u00c0 l\u2019image de l\u2019Europe que d\u00e9fendait Jacques Delors, o\u00f9 l\u2019action collective d\u00e9passe les fronti\u00e8res.<\/p>\n<p>4. Nice, le rendez-vous du public<\/p>\n<p>De vendredi \u00e0 dimanche, l\u2019escale ni\u00e7oise proposera une immersion unique dans l\u2019univers de la course au large. Les bateaux seront visibles au port Lympia, le public pourra rencontrer les \u00e9quipages et participer aux animations du village de la course. L\u2019Ocean Dome, espace immersif consacr\u00e9 \u00e0 la pr\u00e9servation des oc\u00e9ans, sera l\u2019une des attractions phares. Le 30 ao\u00fbt, un \u2018\u2019speed run\u2019\u2019 se disputera face \u00e0 la Promenade des Anglais, avant le d\u00e9part vers G\u00eanes le lendemain.<\/p>\n<p>5. La M\u00e9diterran\u00e9e, arbitre impr\u00e9visible<\/p>\n<p>Apr\u00e8s Nice, il restera encore trois \u00e9tapes jusqu\u2019au Mont\u00e9n\u00e9gro. Autant dire que tout peut basculer dans cette M\u00e9diterran\u00e9e r\u00e9put\u00e9e pour ses caprices. Les marins eux-m\u00eames en sourient: \u00ab\u00a0le ventilateur peut s\u2019\u00e9teindre \u00e0 tout moment\u00a0\u00bb, glissait r\u00e9cemment Yoann Richomme apr\u00e8s une nuit sans vent au large d\u2019Almeria. Pour Franck Cammas, c\u2019est le jeu de la M\u00e9diterran\u00e9e: \u00ab\u00a0un jour on est attaquant, l\u2019autre on est attaqu\u00e9\u2026 C\u2019est tr\u00e8s ouvert et \u00e7a n\u2019est jamais fini!\u00a0\u00bb Une incertitude qui promet des arriv\u00e9es serr\u00e9es, et un spectacle garanti. Les Ni\u00e7ois auront, l\u2019espace de quelques jours, l\u2019Europe de la voile \u00e0 port\u00e9e de main.<\/p>\n","protected":false},"excerpt":{"rendered":"Ils sont partis de Carthag\u00e8ne hier \u00e0 15h, direction la baie des Anges. Encore deux jours, et la&hellip;\n","protected":false},"author":2,"featured_media":345990,"comment_status":"","ping_status":"","sticky":false,"template":"","format":"standard","meta":{"footnotes":""},"categories":[1586],"tags":[11,1777,674,1011,27,12,25,60,10887],"class_list":{"0":"post-345989","1":"post","2":"type-post","3":"status-publish","4":"format-standard","5":"has-post-thumbnail","7":"category-europe","8":"tag-actualites","9":"tag-eu","10":"tag-europe","11":"tag-fr","12":"tag-france","13":"tag-news","14":"tag-republique-francaise","15":"tag-sports","16":"tag-voile"},"share_on_mastodon":{"url":"https:\/\/pubeurope.com\/@fr\/115096934756278904","error":""},"_links":{"self":[{"href":"https:\/\/www.europesays.com\/fr\/wp-json\/wp\/v2\/posts\/345989","targetHints":{"allow":["GET"]}}],"collection":[{"href":"https:\/\/www.europesays.com\/fr\/wp-json\/wp\/v2\/posts"}],"about":[{"href":"https:\/\/www.europesays.com\/fr\/wp-json\/wp\/v2\/types\/post"}],"author":[{"embeddable":true,"href":"https:\/\/www.europesays.com\/fr\/wp-json\/wp\/v2\/users\/2"}],"replies":[{"embeddable":true,"href":"https:\/\/www.europesays.com\/fr\/wp-json\/wp\/v2\/comments?post=345989"}],"version-history":[{"count":0,"href":"https:\/\/www.europesays.com\/fr\/wp-json\/wp\/v2\/posts\/345989\/revisions"}],"wp:featuredmedia":[{"embeddable":true,"href":"https:\/\/www.europesays.com\/fr\/wp-json\/wp\/v2\/media\/345990"}],"wp:attachment":[{"href":"https:\/\/www.europesays.com\/fr\/wp-json\/wp\/v2\/media?parent=345989"}],"wp:term":[{"taxonomy":"category","embeddable":true,"href":"https:\/\/www.europesays.com\/fr\/wp-json\/wp\/v2\/categories?post=345989"},{"taxonomy":"post_tag","embeddable":true,"href":"https:\/\/www.europesays.com\/fr\/wp-json\/wp\/v2\/tags?post=345989"}],"curies":[{"name":"wp","href":"https:\/\/api.w.org\/{rel}","templated":true}]}}