{"id":345991,"date":"2025-08-26T20:23:11","date_gmt":"2025-08-26T20:23:11","guid":{"rendered":"https:\/\/www.europesays.com\/fr\/345991\/"},"modified":"2025-08-26T20:23:11","modified_gmt":"2025-08-26T20:23:11","slug":"entreprises-non-europeennes-peuvent-egalement-beneficier-dun-pret-europeen-de-150-milliards-deuros-pour-les-depenses-de-defense-business-am","status":"publish","type":"post","link":"https:\/\/www.europesays.com\/fr\/345991\/","title":{"rendered":"Entreprises non europ\u00e9ennes peuvent \u00e9galement b\u00e9n\u00e9ficier d&rsquo;un pr\u00eat europ\u00e9en de 150 milliards d&rsquo;euros pour les d\u00e9penses de d\u00e9fense &#8211; Business AM"},"content":{"rendered":"<p>                    <img decoding=\"async\" style=\"aspect-ratio:16\/9\" src=\"https:\/\/www.europesays.com\/fr\/wp-content\/uploads\/2025\/08\/Leopard-2-tank-Duitsland.jpg\" width=\"100%\" loading=\"eager\"\/><\/p>\n<p>                            <a href=\"https:\/\/fr.businessam.be\/author\/redactie\/\" class=\"author-thumbnail\" style=\"border: 2px inset #00000099;\" target=\"_blank\" rel=\"noopener\"><img loading=\"lazy\" decoding=\"async\" src=\"https:\/\/www.europesays.com\/fr\/wp-content\/uploads\/2025\/08\/1756239791_276_cropped-favicon-192x192.png\" width=\"80\" height=\"80\" alt=\"Business AM\"\/><\/a>\ue05bpar <a href=\"https:\/\/fr.businessam.be\/author\/redactie\/\" target=\"_blank\" rel=\"noopener\">Business AM<\/a><br \/>\ue010publi\u00e9 le mardi 26 ao\u00fbt 2025 \u00e0 20:02 \u2022 <br \/>\ue00c3 min de lecture<\/p>\n<p>Principaux renseignements<\/p>\n<ul class=\"wp-block-list\">\n<li><strong>Les entreprises non europ\u00e9ennes peuvent b\u00e9n\u00e9ficier indirectement du plan d\u2019acquisition de mat\u00e9riel de d\u00e9fense (SAFE) de l\u2019UE, d\u2019une valeur de 150 milliards d\u2019euros, en devenant les sous-traitants d\u2019entreprises europ\u00e9ennes.<\/strong><\/li>\n<li><strong>Le SAFE permet \u00e0 des sous-traitants non europ\u00e9ens de repr\u00e9senter jusqu\u2019\u00e0 35 pour cent de la valeur d\u2019un contrat, \u00e0 condition qu\u2019ils aient conclu des contrats avec des entreprises de l\u2019UE avant la mise en \u0153uvre du SAFE.<\/strong><\/li>\n<\/ul>\n<p>Le <a href=\"https:\/\/fr.businessam.be\/lindustrie-europeenne-de-la-defense-reclame-100-milliards-deuros-supplementaires-dans-le-prochain-budget-de-lue\/\" target=\"_blank\" rel=\"noopener\">plan d\u2019acquisition de mat\u00e9riel de d\u00e9fense<\/a> de 150 milliards d\u2019euros de l\u2019Union europ\u00e9enne, connu sous le nom de SAFE, offre des opportunit\u00e9s aux entreprises non europ\u00e9ennes, bien que l\u2019acc\u00e8s ne soit pas aussi direct que pour les entreprises de l\u2019UE. Les \u00c9tats membres de l\u2019UE, la Norv\u00e8ge et l\u2019Ukraine peuvent b\u00e9n\u00e9ficier directement des pr\u00eats SAFE pour les achats dont 65 % du co\u00fbt du produit final provient de leur territoire. Les pays non membres de l\u2019UE doivent conclure des accords bilat\u00e9raux avec l\u2019UE pour avoir acc\u00e8s \u00e0 ces fonds. Le Royaume-Uni est actuellement en t\u00eate de file pour la conclusion d\u2019un tel accord.<\/p>\n<p>Sous-traitances<\/p>\n<p>Pour les entreprises non europ\u00e9ennes qui n\u2019ont pas conclu d\u2019accords bilat\u00e9raux, la participation au programme SAFE est indirecte. Les \u00c9tats membres de l\u2019UE demandent des pr\u00eats SAFE et g\u00e8rent les relations avec les fournisseurs pour financer les achats. Le SAFE permet \u00e0 des sous-traitants \u00e9tablis en dehors de l\u2019UE, de la Norv\u00e8ge et de l\u2019Ukraine de repr\u00e9senter jusqu\u2019\u00e0 35 pour cent de la valeur d\u2019un contrat. C\u2019est ce que rapporte <a href=\"https:\/\/www.euractiv.com\/section\/defence\/news\/how-non-eu-firms-can-tap-into-brussels-e150-billion-defence-plan\/\" target=\"_blank\" rel=\"noreferrer noopener\">Euractiv<\/a>.<\/p>\n<p>Cela signifie qu\u2019un pays de l\u2019UE pourrait utiliser des pr\u00eats SAFE pour acheter, par exemple, des missiles a\u00e9riens produits dans l\u2019UE ou dans un pays tiers ayant conclu un accord bilat\u00e9ral. Ces missiles pourraient inclure des composants fabriqu\u00e9s par un sous-traitant sud-cor\u00e9en sans aucune pr\u00e9sence europ\u00e9enne.  Toutefois, ces sous-traitants non europ\u00e9ens doivent avoir conclu des contrats avec des entreprises europ\u00e9ennes avant la mise en \u0153uvre du programme SAFE. Dans le cas contraire, le contractant doit s\u2019engager \u00e0 \u00e9liminer progressivement le composant non europ\u00e9en dans un d\u00e9lai de deux ans.<\/p>\n<p>Beaucoup de doutes<\/p>\n<p>Les experts avertissent que la nature illimit\u00e9e de cet engagement pourrait permettre de le contourner. En outre, la m\u00e9thode pr\u00e9cise de contr\u00f4le des sous-traitants dans les march\u00e9s publics reste floue. Les \u00e9tats membres de l\u2019UE d\u00e9termineront les \u00ab\u00a0preuves documentaires\u00a0\u00bb n\u00e9cessaires pour d\u00e9montrer la conformit\u00e9 avec les r\u00e8gles d\u2019\u00e9ligibilit\u00e9 du programme SAFE, qu\u2019elles fourniront \u00e0 l\u2019ex\u00e9cutif de l\u2019UE dans le cadre d\u2019accords op\u00e9rationnels d\u00e9crivant la mani\u00e8re dont les pays utilisent les fonds du programme.<\/p>\n","protected":false},"excerpt":{"rendered":"\ue05bpar Business AM\ue010publi\u00e9 le mardi 26 ao\u00fbt 2025 \u00e0 20:02 \u2022 \ue00c3 min de lecture Principaux renseignements Les&hellip;\n","protected":false},"author":2,"featured_media":345992,"comment_status":"","ping_status":"","sticky":false,"template":"","format":"standard","meta":{"footnotes":""},"categories":[1586],"tags":[11,1777,674,1779,1011,27,12,25,48209,1778,364],"class_list":{"0":"post-345991","1":"post","2":"type-post","3":"status-publish","4":"format-standard","5":"has-post-thumbnail","7":"category-europe","8":"tag-actualites","9":"tag-eu","10":"tag-europe","11":"tag-european-union","12":"tag-fr","13":"tag-france","14":"tag-news","15":"tag-republique-francaise","16":"tag-safe","17":"tag-ue","18":"tag-union-europeenne"},"share_on_mastodon":{"url":"https:\/\/pubeurope.com\/@fr\/115096938636286563","error":""},"_links":{"self":[{"href":"https:\/\/www.europesays.com\/fr\/wp-json\/wp\/v2\/posts\/345991","targetHints":{"allow":["GET"]}}],"collection":[{"href":"https:\/\/www.europesays.com\/fr\/wp-json\/wp\/v2\/posts"}],"about":[{"href":"https:\/\/www.europesays.com\/fr\/wp-json\/wp\/v2\/types\/post"}],"author":[{"embeddable":true,"href":"https:\/\/www.europesays.com\/fr\/wp-json\/wp\/v2\/users\/2"}],"replies":[{"embeddable":true,"href":"https:\/\/www.europesays.com\/fr\/wp-json\/wp\/v2\/comments?post=345991"}],"version-history":[{"count":0,"href":"https:\/\/www.europesays.com\/fr\/wp-json\/wp\/v2\/posts\/345991\/revisions"}],"wp:featuredmedia":[{"embeddable":true,"href":"https:\/\/www.europesays.com\/fr\/wp-json\/wp\/v2\/media\/345992"}],"wp:attachment":[{"href":"https:\/\/www.europesays.com\/fr\/wp-json\/wp\/v2\/media?parent=345991"}],"wp:term":[{"taxonomy":"category","embeddable":true,"href":"https:\/\/www.europesays.com\/fr\/wp-json\/wp\/v2\/categories?post=345991"},{"taxonomy":"post_tag","embeddable":true,"href":"https:\/\/www.europesays.com\/fr\/wp-json\/wp\/v2\/tags?post=345991"}],"curies":[{"name":"wp","href":"https:\/\/api.w.org\/{rel}","templated":true}]}}