{"id":34600,"date":"2025-04-18T17:50:18","date_gmt":"2025-04-18T17:50:18","guid":{"rendered":"https:\/\/www.europesays.com\/fr\/34600\/"},"modified":"2025-04-18T17:50:18","modified_gmt":"2025-04-18T17:50:18","slug":"contre-le-airbnb-sauvage-des-progres-mais-la-lutte-sera-longue","status":"publish","type":"post","link":"https:\/\/www.europesays.com\/fr\/34600\/","title":{"rendered":"contre le Airbnb sauvage, des progr\u00e8s mais la lutte sera longue"},"content":{"rendered":"<p>Nous avons re\u00e7u tout r\u00e9cemment, dans nos locaux de Maritima \u00e0 Marseille, Anthony Krehmeier, maire des 2e et 3e arrondissements. Parmi les nombreux dossiers \u00e9voqu\u00e9s, celui du Airbnb qui fait des ravages au Panier (2e), l&rsquo;occasion d&rsquo;y retourner faire un tour.<\/p>\n<p>\u00c0 l&rsquo;origine, Airbnb \u00e9tait un dispositif de courts s\u00e9jours touristiques qui favorisait les relations humaines. Il s&rsquo;est peu \u00e0 peu d\u00e9voy\u00e9 pour devenir un business ultra-rentable, cela au d\u00e9triment des habitants les plus vuln\u00e9rables qui peinent d\u00e9sormais \u00e0 se loger.<br \/>Anthony Krehmeier \u00e9voquait ainsi l&rsquo;exemple \u00e9difiant d&rsquo;un investisseur mexicain (!) qui avait acquis des appartements dans le Panier pour les louer exclusivement en Airbnb\u00a0<a href=\"https:\/\/maritima.fr\/actualites\/politique\/marseille\/6508\/anthony-krehmeier-on-ne-peut-pas-developper-un-quartier-sans-securite\" rel=\"nofollow noopener\" target=\"_blank\">(extrait de l&rsquo;interview \u00e0 ce sujet \u00e0 retrouver \u00e0 14&rsquo;45\u00a0\u00bb)<\/a><\/p>\n<p>Pour lutter contre ce fl\u00e9au, la ville a notamment limit\u00e9 cette ann\u00e9e la dur\u00e9e de ces locations \u00e0 90 jours par an au lieu de 120 initialement.\u00a0Elle a entrepris \u00e9galement <a href=\"https:\/\/www.maritima.fr\/actualites\/economie\/marseille\/3741\/airbnb-marseille-fait-retirer-les-boites-a-cles-de-lespace-public\" rel=\"nofollow noopener\" target=\"_blank\">d&rsquo;extirper de l&rsquo;espace public les bo\u00eetes \u00e0 cl\u00e9s qui y pullulaient<\/a>.\u00a0Nous sommes donc all\u00e9s mardi, sous une petite pluie, constater sur place les effets des mesures prises par la municipalit\u00e9.<\/p>\n<p>Si les bo\u00eetes \u00e0 cl\u00e9s se sont rar\u00e9fi\u00e9es, elles n&rsquo;ont pas disparu, loin de l\u00e0. Les quelques habitants qui se sont exprim\u00e9s, hors micro, t\u00e9moignaient encore de leur col\u00e8re contre ce Airbnb perverti.<br \/>L&rsquo;un d&rsquo;entre eux nous confiait qu&rsquo;\u00e0 Noailles, le ph\u00e9nom\u00e8ne s&rsquo;amplifiait et que de plus en plus d&rsquo;appartements \u00e9taient r\u00e9nov\u00e9s en vue d&rsquo;\u00eatre affect\u00e9s exclusivement \u00e0 ces courts s\u00e9jours. Comment le savait-il ? Il nous l&rsquo;a prouv\u00e9 photos \u00e0 l&rsquo;appui puisqu&rsquo;il faisait tout simplement partie des ouvriers qui travaillent sur ces chantiers, d&rsquo;o\u00f9 sa volont\u00e9 bien compr\u00e9hensible de conserver l&rsquo;anonymat.<\/p>\n<p>Nous avons crois\u00e9 quelques touristes, comme Justine, adeptes d&rsquo;Airbnb mais conscients des d\u00e9rives de ce syst\u00e8me. Ainsi que Pierre, un propri\u00e9taire marseillais vertueux dans le sens o\u00f9 il loue dans le strict respect des r\u00e8gles en vigueur mais aussi de l&rsquo;esprit d&rsquo;origine du dispositif. En mettant notamment un point d&rsquo;honneur \u00e0 rencontrer en personne les touristes qui louent son bien, sans l&rsquo;interm\u00e9diaire des bo\u00eetes \u00e0 cl\u00e9s, afin de cr\u00e9er un lien humain et non pas une relation d\u00e9sincarn\u00e9e \u00e0 but uniquement p\u00e9cuniaire <strong>(vid\u00e9o)\u00a0<\/strong><\/p><\/p>\n","protected":false},"excerpt":{"rendered":"Nous avons re\u00e7u tout r\u00e9cemment, dans nos locaux de Maritima \u00e0 Marseille, Anthony Krehmeier, maire des 2e et&hellip;\n","protected":false},"author":2,"featured_media":34601,"comment_status":"","ping_status":"","sticky":false,"template":"","format":"standard","meta":{"footnotes":""},"categories":[2814],"tags":[1111,11,7345,11307,1777,674,1011,27,1116,11306,884,12,882,25,602,6381],"class_list":{"0":"post-34600","1":"post","2":"type-post","3":"status-publish","4":"format-standard","5":"has-post-thumbnail","7":"category-marseille","8":"tag-actu","9":"tag-actualites","10":"tag-airbnb","11":"tag-anthony-krehmeier","12":"tag-eu","13":"tag-europe","14":"tag-fr","15":"tag-france","16":"tag-immobilier","17":"tag-le-panier","18":"tag-marseille","19":"tag-news","20":"tag-provence-alpes-cote-dazur","21":"tag-republique-francaise","22":"tag-tourisme","23":"tag-ville-de-marseille"},"share_on_mastodon":{"url":"https:\/\/pubeurope.com\/@fr\/114360237341562791","error":""},"_links":{"self":[{"href":"https:\/\/www.europesays.com\/fr\/wp-json\/wp\/v2\/posts\/34600","targetHints":{"allow":["GET"]}}],"collection":[{"href":"https:\/\/www.europesays.com\/fr\/wp-json\/wp\/v2\/posts"}],"about":[{"href":"https:\/\/www.europesays.com\/fr\/wp-json\/wp\/v2\/types\/post"}],"author":[{"embeddable":true,"href":"https:\/\/www.europesays.com\/fr\/wp-json\/wp\/v2\/users\/2"}],"replies":[{"embeddable":true,"href":"https:\/\/www.europesays.com\/fr\/wp-json\/wp\/v2\/comments?post=34600"}],"version-history":[{"count":0,"href":"https:\/\/www.europesays.com\/fr\/wp-json\/wp\/v2\/posts\/34600\/revisions"}],"wp:featuredmedia":[{"embeddable":true,"href":"https:\/\/www.europesays.com\/fr\/wp-json\/wp\/v2\/media\/34601"}],"wp:attachment":[{"href":"https:\/\/www.europesays.com\/fr\/wp-json\/wp\/v2\/media?parent=34600"}],"wp:term":[{"taxonomy":"category","embeddable":true,"href":"https:\/\/www.europesays.com\/fr\/wp-json\/wp\/v2\/categories?post=34600"},{"taxonomy":"post_tag","embeddable":true,"href":"https:\/\/www.europesays.com\/fr\/wp-json\/wp\/v2\/tags?post=34600"}],"curies":[{"name":"wp","href":"https:\/\/api.w.org\/{rel}","templated":true}]}}