{"id":346001,"date":"2025-08-26T20:29:17","date_gmt":"2025-08-26T20:29:17","guid":{"rendered":"https:\/\/www.europesays.com\/fr\/346001\/"},"modified":"2025-08-26T20:29:17","modified_gmt":"2025-08-26T20:29:17","slug":"vos-matchs-de-rugby-france-bresil-et-brive-vannes-a-quelle-heure-et-sur-quelle-chaine","status":"publish","type":"post","link":"https:\/\/www.europesays.com\/fr\/346001\/","title":{"rendered":"Vos matchs de rugby France\/Br\u00e9sil et Brive\/Vannes \u00e0 quelle heure et sur quelle cha\u00eene ?"},"content":{"rendered":"<p>C&rsquo;est donc parti ? <strong>La saison 2025-2026 s&rsquo;appr\u00eate (enfin) \u00e0 reprendre<\/strong>. Si la <a href=\"https:\/\/www.lerugbynistere.fr\/international\/coupe-du-monde-rugby\/\" ui-sref=\"app.competition({competitionId: 9})\" alt=\"Coupe du monde\" data-route=\"app.competition\" data-param=\"competitionId\" data-id=\"9\" rel=\"nofollow noopener\" target=\"_blank\">Coupe du monde<\/a> de rugby f\u00e9minine continue de son c\u00f4t\u00e9, avec la 2e journ\u00e9e des phases de poule, <strong>c&rsquo;est la <a href=\"https:\/\/www.lerugbynistere.fr\/championnats\/pro-d2\" ui-sref=\"app.competition({competitionId: 2})\" alt=\"Pro D2\" data-route=\"app.competition\" data-param=\"competitionId\" data-id=\"2\" rel=\"nofollow noopener\" target=\"_blank\">Pro D2<\/a> qui reprend ses droits<\/strong>.<\/p>\n<p><a class=\"inserer_lien_article\" href=\"https:\/\/www.lerugbynistere.fr\/news\/comme-la-france-avec-dupont-laustralie-a-sans-doute-perdu-son-meilleur-joueur-pour-de-tres-longs-mois-2408251507.php\" data-id=\"45914\" data-route=\"app.article\" data-param=\"articleId\" ui-sref=\"app.article({articleId: 45914})\" alt=\"Comme la France avec Dupont, l&#039;Australie a sans doute perdu son meilleur joueur pour de tr\u00e8s longs mois\" title=\"Comme la France avec Dupont, l&#039;Australie a sans doute perdu son meilleur joueur pour de tr\u00e8s longs mois\" rel=\"nofollow noopener\" target=\"_blank\"><img decoding=\"async\" src=\"https:\/\/www.europesays.com\/fr\/wp-content\/uploads\/2025\/08\/1756240154_455_tom-wright-considere-comme-lun-des-meilleurs-arrieres-du-monde-a-quitte-le-terrain-en-grimacant-face.jpeg\" alt=\"Comme la France avec Dupont, l'Australie a sans doute perdu son meilleur joueur pour de tr\u00e8s longs mois\"\/>Comme la France avec Dupont, l&rsquo;Australie a sans doute perdu son meilleur joueur pour de tr\u00e8s longs mois<\/a><\/p>\n<p>Les Bleues pour se rassurer contre le <a href=\"https:\/\/www.lerugbynistere.fr\/equipes-nationales\/bresil.php\" ui-sref=\"app.team({teamId: 2648})\" alt=\"Br\u00e9sil\" data-route=\"app.team\" data-param=\"teamId\" data-id=\"2648\" rel=\"nofollow noopener\" target=\"_blank\">Br\u00e9sil<\/a><\/p>\n<p>Alors qu&rsquo;elles ont battu l&rsquo;<a href=\"https:\/\/www.lerugbynistere.fr\/equipes-nationales\/italie.php\" ui-sref=\"app.team({teamId: 66})\" alt=\"Italie\" data-route=\"app.team\" data-param=\"teamId\" data-id=\"66\" rel=\"nofollow noopener\" target=\"_blank\">Italie<\/a> lors de la 1\u00e8re journ\u00e9e, l&rsquo;adversaire le plus coriace de la poule, <strong>les Bleues se sont donc (normalement) assurr\u00e9es la premi\u00e8re place de la poule<\/strong>. Cependant, apr\u00e8s une prestation pas franchement aboutie,\u00a0elles\u00a0devront se rassurer.<\/p>\n<p>Et qui de mieux que le Br\u00e9sil (dimanche apr\u00e8s-midi) pour cela, 25e au classement World Rugby, <strong>contre qui les Tricolores pourront d\u00e9ployer leur jeu offensif, ce qui manque \u00e0 cette \u00e9quipe<\/strong>. Ce ne sont cependant pas les seules \u00e0 jouer puisque l&rsquo;<a href=\"https:\/\/www.lerugbynistere.fr\/equipes-nationales\/angleterre.php\" ui-sref=\"app.team({teamId: 58})\" alt=\"Angleterre\" data-route=\"app.team\" data-param=\"teamId\" data-id=\"58\" rel=\"nofollow noopener\" target=\"_blank\">Angleterre<\/a> sera oppos\u00e9 au <a href=\"https:\/\/www.lerugbynistere.fr\/equipes-nationales\/samoa.php\" ui-sref=\"app.team({teamId: 67})\" alt=\"Samoa\" data-route=\"app.team\" data-param=\"teamId\" data-id=\"67\" rel=\"nofollow noopener\" target=\"_blank\">Samoa<\/a> et, entre autres, le <a href=\"https:\/\/www.lerugbynistere.fr\/equipes-nationales\/canada.php\" ui-sref=\"app.team({teamId: 63})\" alt=\"Canada\" data-route=\"app.team\" data-param=\"teamId\" data-id=\"63\" rel=\"nofollow noopener\" target=\"_blank\">Canada<\/a> au <a href=\"https:\/\/www.lerugbynistere.fr\/equipes-nationales\/pays-de-galles.php\" ui-sref=\"app.team({teamId: 69})\" alt=\"Pays de Galles\" data-route=\"app.team\" data-param=\"teamId\" data-id=\"69\" rel=\"nofollow noopener\" target=\"_blank\">Pays de Galles<\/a>. Il y aura aussi <strong>un beau duel entre l&rsquo;Australie et les\u00a0<a href=\"https:\/\/www.lerugbynistere.fr\/equipes-nationales\/etats-unis.php\" ui-sref=\"app.team({teamId: 68})\" alt=\"\u00c9tats-Unis\" data-route=\"app.team\" data-param=\"teamId\" data-id=\"68\" rel=\"nofollow noopener\" target=\"_blank\">\u00c9tats-Unis<\/a> qui devrait d\u00e9terminer la 2e place de cette poule A.<\/strong><br \/><a class=\"inserer_lien_article\" href=\"https:\/\/www.lerugbynistere.fr\/news\/xv-de-france-face-a-langleterre-les-bleues-payent-dix-ans-de-retard-et-pourquoi-elles-ny-arrivent-pas-2508251309.php\" data-id=\"45918\" data-route=\"app.article\" data-param=\"articleId\" ui-sref=\"app.article({articleId: 45918})\" alt=\"XV DE FRANCE. Face \u00e0 l&#039;Angleterre, les Bleues payent &#039;&#039;dix ans de retard&#039;&#039; (et pourquoi elles n&#039;y arrivent pas)\" title=\"XV DE FRANCE. Face \u00e0 l&#039;Angleterre, les Bleues payent &#039;&#039;dix ans de retard&#039;&#039; (et pourquoi elles n&#039;y arrivent pas)\" rel=\"nofollow noopener\" target=\"_blank\"><img decoding=\"async\" src=\"https:\/\/www.europesays.com\/fr\/wp-content\/uploads\/2025\/08\/1756240155_13_france-galere-face-a-langleterre-25-08-25-9712.jpg\" alt=\"XV DE FRANCE. Face \u00e0 l'Angleterre, les Bleues payent ''dix ans de retard'' (et pourquoi elles n'y arrivent pas)\"\/>XV DE FRANCE. Face \u00e0 l&rsquo;Angleterre, les Bleues payent \u00a0\u00bbdix ans de retard\u00a0\u00bb (et pourquoi elles n&rsquo;y arrivent pas)<\/a><\/p>\n<p><strong>Coupe du monde &#8211; J2<\/strong><\/p>\n<p>Samedi 30 ao\u00fbt 2025\u00a0<\/p>\n<ul>&#13;<\/p>\n<li><strong>13h00<\/strong>\u00a0<strong>(poule B)\u00a0<\/strong>&#8211; Canada &#8211; Pays de Galles (France 3)<\/li>\n<p>&#13;<\/p>\n<li><strong>15h45 (poule B)<\/strong>\u00a0&#8211;\u00a0\u00c9cosse &#8211; <a href=\"https:\/\/www.lerugbynistere.fr\/equipes-nationales\/fidji.php\" ui-sref=\"app.team({teamId: 59})\" alt=\"Fidji\" data-route=\"app.team\" data-param=\"teamId\" data-id=\"59\" rel=\"nofollow noopener\" target=\"_blank\">Fidji<\/a> (TFX)<\/li>\n<p>&#13;<\/p>\n<li><strong>18h00 (poule A)<\/strong>\u00a0&#8211; Angleterre &#8211; Samoa (TFX)<\/li>\n<p>&#13;<\/p>\n<li><strong>20h30<\/strong><strong>\u00a0(poule A)\u00a0<\/strong>&#8211;\u00a0\u00c9tats-Unis &#8211; Australie\u00a0(TFX)<\/li>\n<p>&#13;\n<\/ul>\n<p>Dimanche 31 ao\u00fbt<\/p>\n<p>La Pro D2 est de retour !<\/p>\n<p>Une premi\u00e8re journ\u00e9e excitante avec un affrontement (peut-\u00eatre) \u00e0 risque entre <a href=\"https:\/\/www.lerugbynistere.fr\/clubs\/stade-aurillacois.php\" ui-sref=\"app.team({teamId: 57})\" alt=\"Aurillac\" data-route=\"app.team\" data-param=\"teamId\" data-id=\"57\" rel=\"nofollow noopener\" target=\"_blank\">Aurillac<\/a> (15e barragiste la saison derni\u00e8re) et <a href=\"https:\/\/www.lerugbynistere.fr\/clubs\/us-carcassonne.php\" ui-sref=\"app.team({teamId: 55})\" alt=\"Carcassonne\" data-route=\"app.team\" data-param=\"teamId\" data-id=\"55\" rel=\"nofollow noopener\" target=\"_blank\">Carcassonne<\/a> (le promu), <strong>mais aussi la premi\u00e8re de Philippe Saint-Andr\u00e9 \u00e0 <a href=\"https:\/\/www.lerugbynistere.fr\/amateur\/provence\/\" ui-sref=\"app.committee\" alt=\"Provence\" data-route=\"app.committee\" data-param=\"committeeId\" data-id=\"33\" rel=\"nofollow noopener\" target=\"_blank\">Provence<\/a> Rugby<\/strong>.\u00a0<\/p>\n<p>Il y aura aussi d&rsquo;autres rencontres \u00e0 suivre avec <strong>des joueurs int\u00e9ressants comme <a href=\"https:\/\/www.lerugbynistere.fr\/news\/amateur-tyrosse-cetait-deja-le-graal-pour-moi-qui-est-ce-10-au-pied-dor-qui-va-decouvrir-la-prod2-2606251853.php\" rel=\"nofollow noopener\" target=\"_blank\">le champion de F\u00e9d\u00e9rale 1 et meilleure buteur du championnat<\/a>, <a href=\"https:\/\/www.lerugbynistere.fr\/fiches-joueurs\/iban-laclau.php\" ui-sref=\"app.player({playerId: 16441})\" alt=\"Iban Laclau\" data-route=\"app.player\" data-param=\"playerId\" data-id=\"16441\" rel=\"nofollow noopener\" target=\"_blank\">Iban Laclau<\/a>, avec <a href=\"https:\/\/www.lerugbynistere.fr\/clubs\/stade-montois-rugby.php\" ui-sref=\"app.team({teamId: 47})\" alt=\"Mont-de-Marsan\" data-route=\"app.team\" data-param=\"teamId\" data-id=\"47\" rel=\"nofollow noopener\" target=\"_blank\">Mont-de-Marsan<\/a>, oppos\u00e9 au talentueux <a href=\"https:\/\/www.lerugbynistere.fr\/fiches-joueurs\/valentin-delpy.php\" ui-sref=\"app.player({playerId: 15441})\" alt=\"Valentin Delpy\" data-route=\"app.player\" data-param=\"playerId\" data-id=\"15441\" rel=\"nofollow noopener\" target=\"_blank\">Valentin Delpy<\/a>, <a href=\"https:\/\/www.lerugbynistere.fr\/news\/pro-d2-revenir-a-colomiers-cest-franchement-bien-apres-lusap-delpy-se-rapproche-de-chez-lui-1808251621.php\" rel=\"nofollow noopener\" target=\"_blank\">pr\u00eat\u00e9 \u00e0 Colomiers<\/a><\/strong>. Enfin, pour cl\u00f4turer cette premi\u00e8re journ\u00e9e, le choc entre <a href=\"https:\/\/www.lerugbynistere.fr\/clubs\/cabcl-brive.php\" ui-sref=\"app.team({teamId: 35})\" alt=\"Brive\" data-route=\"app.team\" data-param=\"teamId\" data-id=\"35\" rel=\"nofollow noopener\" target=\"_blank\">Brive<\/a> et <a href=\"https:\/\/www.lerugbynistere.fr\/clubs\/rc-vannes.php\" ui-sref=\"app.team({teamId: 126})\" alt=\"Vannes\" data-route=\"app.team\" data-param=\"teamId\" data-id=\"126\" rel=\"nofollow noopener\" target=\"_blank\">Vannes<\/a> promet de proposer de (tr\u00e8s) beau rugby.<\/p>\n<p><a class=\"inserer_lien_article\" href=\"https:\/\/www.lerugbynistere.fr\/news\/amateur-tyrosse-cetait-deja-le-graal-pour-moi-qui-est-ce-10-au-pied-dor-qui-va-decouvrir-la-prod2-2606251853.php\" data-id=\"45398\" data-route=\"app.article\" data-param=\"articleId\" ui-sref=\"app.article({articleId: 45398})\" alt=\"AMATEUR. &#039;&#039;Tyrosse c\u2019\u00e9tait (d\u00e9j\u00e0) le Graal pour moi&#039;&#039; : qui est ce 10 au pied d&#039;or qui va d\u00e9couvrir la PRO D2 ?\" title=\"AMATEUR. &#039;&#039;Tyrosse c\u2019\u00e9tait (d\u00e9j\u00e0) le Graal pour moi&#039;&#039; : qui est ce 10 au pied d&#039;or qui va d\u00e9couvrir la PRO D2 ?\" rel=\"nofollow noopener\" target=\"_blank\"><img decoding=\"async\" src=\"https:\/\/www.europesays.com\/fr\/wp-content\/uploads\/2025\/06\/yt-16-06-25-3848.jpg\" alt=\"AMATEUR. ''Tyrosse c\u2019\u00e9tait (d\u00e9j\u00e0) le Graal pour moi'' : qui est ce 10 au pied d'or qui va d\u00e9couvrir la PRO D2 ?\"\/>AMATEUR. \u00a0\u00bbTyrosse c\u2019\u00e9tait (d\u00e9j\u00e0) le Graal pour moi\u00a0\u00bb : qui est ce 10 au pied d&rsquo;or qui va d\u00e9couvrir la PRO D2 ?<\/a><\/p>\n<p><strong>Pro D2 2025\/2026 &#8211; J1<\/strong><\/p>\n<p>Vendredi 29 ao\u00fbt 2025<\/p>\n<p>Samedi 30 ao\u00fbt 2025<\/p>\n<ul>&#13;<\/p>\n<li><strong>21h00<\/strong>\u00a0&#8211; Brive &#8211; Vannes (Canal+)<\/li>\n<p>&#13;\n<\/ul>\n","protected":false},"excerpt":{"rendered":"C&rsquo;est donc parti ? La saison 2025-2026 s&rsquo;appr\u00eate (enfin) \u00e0 reprendre. Si la Coupe du monde de rugby&hellip;\n","protected":false},"author":2,"featured_media":346002,"comment_status":"","ping_status":"","sticky":false,"template":"","format":"standard","meta":{"footnotes":""},"categories":[1416],"tags":[1011,27,479,1468,60],"class_list":{"0":"post-346001","1":"post","2":"type-post","3":"status-publish","4":"format-standard","5":"has-post-thumbnail","7":"category-rugby","8":"tag-fr","9":"tag-france","10":"tag-rugby","11":"tag-rugby-football","12":"tag-sports"},"share_on_mastodon":{"url":"https:\/\/pubeurope.com\/@fr\/115096962059835926","error":""},"_links":{"self":[{"href":"https:\/\/www.europesays.com\/fr\/wp-json\/wp\/v2\/posts\/346001","targetHints":{"allow":["GET"]}}],"collection":[{"href":"https:\/\/www.europesays.com\/fr\/wp-json\/wp\/v2\/posts"}],"about":[{"href":"https:\/\/www.europesays.com\/fr\/wp-json\/wp\/v2\/types\/post"}],"author":[{"embeddable":true,"href":"https:\/\/www.europesays.com\/fr\/wp-json\/wp\/v2\/users\/2"}],"replies":[{"embeddable":true,"href":"https:\/\/www.europesays.com\/fr\/wp-json\/wp\/v2\/comments?post=346001"}],"version-history":[{"count":0,"href":"https:\/\/www.europesays.com\/fr\/wp-json\/wp\/v2\/posts\/346001\/revisions"}],"wp:featuredmedia":[{"embeddable":true,"href":"https:\/\/www.europesays.com\/fr\/wp-json\/wp\/v2\/media\/346002"}],"wp:attachment":[{"href":"https:\/\/www.europesays.com\/fr\/wp-json\/wp\/v2\/media?parent=346001"}],"wp:term":[{"taxonomy":"category","embeddable":true,"href":"https:\/\/www.europesays.com\/fr\/wp-json\/wp\/v2\/categories?post=346001"},{"taxonomy":"post_tag","embeddable":true,"href":"https:\/\/www.europesays.com\/fr\/wp-json\/wp\/v2\/tags?post=346001"}],"curies":[{"name":"wp","href":"https:\/\/api.w.org\/{rel}","templated":true}]}}