{"id":346005,"date":"2025-08-26T20:32:21","date_gmt":"2025-08-26T20:32:21","guid":{"rendered":"https:\/\/www.europesays.com\/fr\/346005\/"},"modified":"2025-08-26T20:32:21","modified_gmt":"2025-08-26T20:32:21","slug":"marc-marquez-gagne-le-sprint-du-grand-prix-des-ameriques","status":"publish","type":"post","link":"https:\/\/www.europesays.com\/fr\/346005\/","title":{"rendered":"Marc Marquez gagne le sprint du Grand Prix des Am\u00e9riques"},"content":{"rendered":"<p>Le leader au championnat du monde de MotoGP Marc Marquez a remport\u00e9 la course sprint du Grand Prix des Am\u00e9riques, devant son fr\u00e8re cadet Alex (Ducati-Gresini) et son co\u00e9quipier chez Ducati Francesco Bagnaia, samedi aux Etats-Unis.<\/p>\n<p>\u00ab\u00a0C\u2019\u00e9tait une belle bagarre contre Pecco (le surnom de Bagnaia, NDLR) et Alex\u00a0\u00bb, a r\u00e9agi l\u2019Espagnol pour sa troisi\u00e8me victoire dans un sprint en autant de rendez-vous cette saison.<\/p>\n<p>Parti en pole, Marquez s\u2019est fait surprendre \u00e0 l\u2019extinction des feux par Francesco Bagnaia, qui partait d\u2019une lointaine 6e place.<\/p>\n<p>Le double champion du monde italien, pass\u00e9 en t\u00eate dans les premiers hectom\u00e8tres de la course, n\u2019aura pas tenu un tour avant que Marc Marquez &#8211; qui s\u2019est fait une sacr\u00e9e frayeur au passage &#8211; ne reprenne d\u00e9finitivement sa position, \u00e0 l\u2019issue d\u2019une courte bataille \u00e0 trois avec l\u2019autre Marquez de la grille, Alex.<\/p>\n<p>\u00ab\u00a0Les premiers tours \u00e9taient plut\u00f4t sympas\u00a0\u00bb a savour\u00e9 Bagnaia, tout sourire \u00e0 l\u2019arriv\u00e9e. \u00ab\u00a0J\u2019ai beaucoup appr\u00e9ci\u00e9 la bataille, nous essaierons de faire le m\u00eame d\u00e9part demain (dimanche pour le GP, NDLR)\u00a0\u00bb.<\/p>\n<p>A l\u2019arriv\u00e9e de cette course de dix tours seulement (contre 20 pour le GP dominical) &#8211; qui permet d\u2019engranger des points suppl\u00e9mentaires au championnat &#8211; la star catalane a devanc\u00e9 son fr\u00e8re Alex et Bagnaia, rel\u00e9gu\u00e9 \u00e0 pr\u00e8s de deux secondes du vainqueur.<\/p>\n<p>Chez les Fran\u00e7ais, Fabio Quartararo a termin\u00e9 6e apr\u00e8s \u00eatre parti de la 11e place.<\/p>\n<p>Son compatriote Johann Zarco, 15e au d\u00e9part, a termin\u00e9 16e. Ce r\u00e9sultat est un coup dur pour le Ni\u00e7ois qui, jusqu\u2019\u00e0 pr\u00e9sent, signait un solide d\u00e9but de saison au guidon d\u2019une Honda-LCR que l\u2019on n\u2019attendait pas aussi performante.<\/p>\n<p>Au g\u00e9n\u00e9ral, Marquez compte d\u00e9sormais 86 points &#8211; soit le maximum possible gr\u00e2ce \u00e0 ses victoires sur les sprints et les GP des deux premi\u00e8res manches de l\u2019ann\u00e9e. <\/p>\n","protected":false},"excerpt":{"rendered":"Le leader au championnat du monde de MotoGP Marc Marquez a remport\u00e9 la course sprint du Grand Prix&hellip;\n","protected":false},"author":2,"featured_media":346006,"comment_status":"","ping_status":"","sticky":false,"template":"","format":"standard","meta":{"footnotes":""},"categories":[1413],"tags":[1011,27,1457,1456,60],"class_list":{"0":"post-346005","1":"post","2":"type-post","3":"status-publish","4":"format-standard","5":"has-post-thumbnail","7":"category-moto","8":"tag-fr","9":"tag-france","10":"tag-moto","11":"tag-motocycle","12":"tag-sports"},"share_on_mastodon":{"url":"https:\/\/pubeurope.com\/@fr\/115096973704117239","error":""},"_links":{"self":[{"href":"https:\/\/www.europesays.com\/fr\/wp-json\/wp\/v2\/posts\/346005","targetHints":{"allow":["GET"]}}],"collection":[{"href":"https:\/\/www.europesays.com\/fr\/wp-json\/wp\/v2\/posts"}],"about":[{"href":"https:\/\/www.europesays.com\/fr\/wp-json\/wp\/v2\/types\/post"}],"author":[{"embeddable":true,"href":"https:\/\/www.europesays.com\/fr\/wp-json\/wp\/v2\/users\/2"}],"replies":[{"embeddable":true,"href":"https:\/\/www.europesays.com\/fr\/wp-json\/wp\/v2\/comments?post=346005"}],"version-history":[{"count":0,"href":"https:\/\/www.europesays.com\/fr\/wp-json\/wp\/v2\/posts\/346005\/revisions"}],"wp:featuredmedia":[{"embeddable":true,"href":"https:\/\/www.europesays.com\/fr\/wp-json\/wp\/v2\/media\/346006"}],"wp:attachment":[{"href":"https:\/\/www.europesays.com\/fr\/wp-json\/wp\/v2\/media?parent=346005"}],"wp:term":[{"taxonomy":"category","embeddable":true,"href":"https:\/\/www.europesays.com\/fr\/wp-json\/wp\/v2\/categories?post=346005"},{"taxonomy":"post_tag","embeddable":true,"href":"https:\/\/www.europesays.com\/fr\/wp-json\/wp\/v2\/tags?post=346005"}],"curies":[{"name":"wp","href":"https:\/\/api.w.org\/{rel}","templated":true}]}}