{"id":346007,"date":"2025-08-26T20:33:08","date_gmt":"2025-08-26T20:33:08","guid":{"rendered":"https:\/\/www.europesays.com\/fr\/346007\/"},"modified":"2025-08-26T20:33:08","modified_gmt":"2025-08-26T20:33:08","slug":"rugby-linfluenceuse-charline-pradeau-victime-doutrage-sexiste-porte-plainte-contre-lex-international-richard-dourthe-le-figaro","status":"publish","type":"post","link":"https:\/\/www.europesays.com\/fr\/346007\/","title":{"rendered":"Rugby : l&#039;influenceuse Charline Pradeau, victime d&#039;outrage sexiste, porte plainte contre l&#039;ex-international Richard Dourthe &#8211; Le Figaro"},"content":{"rendered":"<ol>\n<li><a href=\"https:\/\/news.google.com\/rss\/articles\/CBMi-AFBVV95cUxNRlF0ek9QbHNOaGlwT1FvN3JOT3p2VFNUVi1jRFBfRlFOQktMeUtpLU9qdnNoR0ttN1Z2eWx2SlZKclZYXzFsSkhwNGJrSG80eFlrOFdKdHZhck10TU91dzhrWFpkMjY3MWxNdUhTSXFBazJEaWNYTHN2eXUwVWYwbXpVTDJzMzg3MHBCVGtJMHI5NUkwQmxnOTN0TV9ndENlTmgzWWVYNFdWWkNqZmdXOG5oT2NydUlPRXdETXA0S0ZqWGhLYThUVDhfc3JZSnZiR1YwOU8tWG1hY2NTS0J3ajNMcUJ4TmY5N1AyWDJnNGtrWDFsZTR2Ug?oc=5\" target=\"_blank\" rel=\"nofollow noopener\">Rugby : l&rsquo;influenceuse Charline Pradeau, victime d&rsquo;outrage sexiste, porte plainte contre l&rsquo;ex-international Richard Dourthe<\/a>&nbsp;&nbsp;Le Figaro<\/li>\n<li><a href=\"https:\/\/news.google.com\/rss\/articles\/CBMingJBVV95cUxPbDFqaG1jZHFzRURiQ25SOFIzTVRDRU15ZmlxSG4xMnpxWVVTTHM5TkNoT0luQ2o4eTg2d1lqRHBSQmhRanF4WTctcndmXzhVS3FjNjFQTVQ1M0p6T1JERzFIc2Y5dXdCZkx1NTFBVWF3YVEzS0dwMlpCR3p4N0ZzdXlNTGxjZlktQ210MU56NHNWYTVGRWs0WkZMU2t0ckl5VVRaY2VobHRMSTlURmtQcEFwVi1WeVd2SzI4SmRsWWJUanNjdDByMUhFNWdVbDF5V0NXcmxKSDN4QlppOU9oeXpzWThWOHJxT2k3SE5GLUx0RjNWLXdicEVlVG93b0FPdGdieTBRQTdSQmpENjFvdm8zRi0yOFRhVndYR3Zn?oc=5\" target=\"_blank\" rel=\"nofollow noopener\">Il soul\u00e8ve la jupe d\u2019une influenceuse lors de la Feria de Dax : une plainte contre Richard Dourthe, consultant de Canal + et ex-rugbyman professionnel<\/a>&nbsp;&nbsp;Sud Ouest<\/li>\n<li><a href=\"https:\/\/news.google.com\/rss\/articles\/CBMimgJBVV95cUxPQVpaM3pMS3paWjdlWlBZYWUzVndIS0pJWklBUjBNSEI5VEJjVFlZaFJkWnVmS2ozS3F2MEZtWDFkMmQ2S2VlTEhleE1vendEWEh3VkN1cVVLMElfUWNMeFVTcHVtZ1dzLTU4Z3B0U1M5d1d3RW9LQXpjdHRnZEc1eUVpR1BLaFFFb0tEVm1oNUo5clJvZGZ2ak4yZFJrdHlvdkJIN0VMRUxzSG81Q2lTcXc0ZVBLaXBpbkhQMHR3MkNXMnh4WEU2eFZOOTlpTFVHNTZSZzVIUzFQZllweE55Mi1HNUsxX3lnNmhNelQ1a19OWFBBN0MyY21GTzRRU09sQ0dVNlBsZkVDT1I2MHg5VklzaUo3X3Y3QlE?oc=5\" target=\"_blank\" rel=\"nofollow noopener\">Victime d&rsquo;outrage sexiste lors de la feria de Dax, l&rsquo;influenceuse Charline Pradeau a port\u00e9 plainte contre l&rsquo;ancien rugbyman Richard Dourthe<\/a>&nbsp;&nbsp;France Info<\/li>\n<li><a href=\"https:\/\/news.google.com\/rss\/articles\/CBMi4AFBVV95cUxPN1ZtZ1lmbUxabjgyb2tzUTkxUHdRYm4zNUw2QkdSbFp0c3NzYk1MLUFHZTRBZ2tPX1Z5dlRiY1R6ZzR1Q1RkNmlJM21keGM5dFFWVEZqWGVVREk0M0R4eVBjU2VuTXNsdFlleXlBeVRGbGlSUnJRNEdTc0NTZDFDRFVTMUhLY2pXTEJoQVQ1OXRabGdkRFh3N2x6cnVhc1lhLXlEQkNiUENLcGY5WGVsckxTVHM2dE9nc19jTXVhdkFqYnpZTjk2X0tLWndKbzlXaGNLX08xVVlTZkN4LWJRbA?oc=5\" target=\"_blank\" rel=\"nofollow noopener\">Vid\u00e9o de l&rsquo;agression d&rsquo;une influenceuse \u00e0 la feria de Dax : le parquet ouvre une enqu\u00eate<\/a>&nbsp;&nbsp;francebleu.fr<\/li>\n<li><a href=\"https:\/\/news.google.com\/rss\/articles\/CBMiogJBVV95cUxQSzBRUU5wbUlFZ0RrMTRfX3pDYWh4NXA0cXp3cjBPMktKMlJEdzZiTVdraTB5Vm1FeW83VURLSHlWQlVXT2p5U0pJRm5UVWJVdjkxV1pPRmd2OV9mdWo3WmkxV2hVbkQ0MkhoNjRpX0ZFQVBYSFpvSWtWcGZXX1MzbGlha3ktZnhtNGZER0VzbHA0OTBEVXpqaHJoMzlTX0hDYy1FSV9qbXgxUlh6bHM1b0lTSHBidHlkMlEtYUVKNWh2dkdxUVByam1SQnB4dGFPRUpIOVBYWThZSW91d2VseFpXZnM3cVBhdWZBY0tlaTJSV2NfRHdJTWppQU9Xel80X0JOWk91UkE4WVBUWXhwZjNCQXZBemJTaDFJUkpPTmFhdw?oc=5\" target=\"_blank\" rel=\"nofollow noopener\">Victime d\u2019outrage sexiste lors de la feria de Dax, une influenceuse porte plainte contre l\u2019ex-rugbyman Richard Dourthe<\/a>&nbsp;&nbsp;Le Parisien<\/li>\n<\/ol>\n","protected":false},"excerpt":{"rendered":"Rugby : l&rsquo;influenceuse Charline Pradeau, victime d&rsquo;outrage sexiste, porte plainte contre l&rsquo;ex-international Richard Dourthe&nbsp;&nbsp;Le Figaro Il soul\u00e8ve la&hellip;\n","protected":false},"author":2,"featured_media":1445,"comment_status":"","ping_status":"","sticky":false,"template":"","format":"standard","meta":{"footnotes":""},"categories":[1412],"tags":[1451,1452,1453,1454,1455,1011,27,60],"class_list":{"0":"post-346007","1":"post","2":"type-post","3":"status-publish","4":"format-standard","5":"has-post-thumbnail","7":"category-f1","8":"tag-f1","9":"tag-formula-1","10":"tag-formula1","11":"tag-formule-1","12":"tag-formule1","13":"tag-fr","14":"tag-france","15":"tag-sports"},"share_on_mastodon":{"url":"https:\/\/pubeurope.com\/@fr\/115096977605849018","error":""},"_links":{"self":[{"href":"https:\/\/www.europesays.com\/fr\/wp-json\/wp\/v2\/posts\/346007","targetHints":{"allow":["GET"]}}],"collection":[{"href":"https:\/\/www.europesays.com\/fr\/wp-json\/wp\/v2\/posts"}],"about":[{"href":"https:\/\/www.europesays.com\/fr\/wp-json\/wp\/v2\/types\/post"}],"author":[{"embeddable":true,"href":"https:\/\/www.europesays.com\/fr\/wp-json\/wp\/v2\/users\/2"}],"replies":[{"embeddable":true,"href":"https:\/\/www.europesays.com\/fr\/wp-json\/wp\/v2\/comments?post=346007"}],"version-history":[{"count":0,"href":"https:\/\/www.europesays.com\/fr\/wp-json\/wp\/v2\/posts\/346007\/revisions"}],"wp:featuredmedia":[{"embeddable":true,"href":"https:\/\/www.europesays.com\/fr\/wp-json\/wp\/v2\/media\/1445"}],"wp:attachment":[{"href":"https:\/\/www.europesays.com\/fr\/wp-json\/wp\/v2\/media?parent=346007"}],"wp:term":[{"taxonomy":"category","embeddable":true,"href":"https:\/\/www.europesays.com\/fr\/wp-json\/wp\/v2\/categories?post=346007"},{"taxonomy":"post_tag","embeddable":true,"href":"https:\/\/www.europesays.com\/fr\/wp-json\/wp\/v2\/tags?post=346007"}],"curies":[{"name":"wp","href":"https:\/\/api.w.org\/{rel}","templated":true}]}}