{"id":346018,"date":"2025-08-26T20:39:20","date_gmt":"2025-08-26T20:39:20","guid":{"rendered":"https:\/\/www.europesays.com\/fr\/346018\/"},"modified":"2025-08-26T20:39:20","modified_gmt":"2025-08-26T20:39:20","slug":"frederic-bouraly-scenes-de-menages-fait-de-rares-et-tendres-confidences-sur-ses-fils-lucien-29-ans-et-felix-23-ans","status":"publish","type":"post","link":"https:\/\/www.europesays.com\/fr\/346018\/","title":{"rendered":"Fr\u00e9d\u00e9ric Bouraly (Sc\u00e8nes de m\u00e9nages) fait de rares et tendres confidences sur ses fils Lucien (29 ans) et F\u00e9lix (23 ans)"},"content":{"rendered":"<p>Fr\u00e9d\u00e9ric Bouraly, l\u2019incontournable interpr\u00e8te de Jos\u00e9 dans la s\u00e9rie Sc\u00e8nes de m\u00e9nages de M6, s\u2019est r\u00e9cemment pr\u00eat\u00e9 au jeu des confidences et a fait de rares r\u00e9v\u00e9lations sur la relation qu\u2019il entretient avec ses deux grands fils.<\/p>\n<p>Raymond (<a href=\"https:\/\/www.programme-tv.net\/biographie\/5613-hernandez-gerard\/\" data-link-people=\"6fcad5f1-ce29-4a26-a068-f674d1054371\" target=\"_blank\" rel=\"noopener\">G\u00e9rard Hernandez<\/a>), Emma (<a href=\"https:\/\/www.programme-tv.net\/biographie\/87256-blateau-anne-elisabeth\/\" data-link-people=\"d838b60e-a536-4553-b89f-d4de08971d34\" target=\"_blank\" rel=\"noopener\">Anne-\u00c9lisabeth Blateau<\/a>) et Fabien (<a href=\"https:\/\/www.programme-tv.net\/biographie\/204367-mora-david\/\" data-link-people=\"8a8dc464-e70e-4b62-a5e5-607aaaa3a9f7\" target=\"_blank\" rel=\"noopener\">David Mora<\/a>), Jos\u00e9 (Fr\u00e9d\u00e9ric Boulary) et Liliane (<a href=\"https:\/\/www.programme-tv.net\/biographie\/12825-karsenti-valerie\/\" data-link-people=\"21d418fe-09c3-4cef-a68b-a5d9cf409118\" target=\"_blank\" rel=\"noopener\">Val\u00e9rie Karsenti<\/a>) ont officiellement fait leur rentr\u00e9e sur M6 ce lundi 25 aout 2025. En effet, les acteurs de Sc\u00e8nes de m\u00e9nages ont donn\u00e9 le coup d&rsquo;envoi de <a href=\"https:\/\/www.programme-tv.net\/news\/series-tv\/385411-scenes-de-menages-un-mariage-une-enquete-un-sosie-ce-qui-vous-attend-dans-la-saison-17-inedite-diffusee-a-partir-de-ce-lundi\/\" data-api-deeplink=\"teleloisirs:\/\/news\/385411\" target=\"_blank\" rel=\"noopener\">la 17e saison de la s\u00e9rie<\/a> ! Pour ce retour tr\u00e8s attendu par les fid\u00e8les du programme, Fr\u00e9d\u00e9ric Bouraly a accord\u00e9 une interview \u00e0 nos confr\u00e8res de <a href=\"https:\/\/www.gala.fr\/l_actu\/news_de_stars\/exclu-frederic-bouraly-fait-de-rares-confidences-sur-ses-enfants-ils-me-regardent-parfois-a-la-television-20250825\" target=\"_blank\" rel=\"noopener\">Gala<\/a> au cours de laquelle il a \u00e9voqu\u00e9 <a href=\"https:\/\/www.programme-tv.net\/news\/tv\/385903-frederic-bouraly-va-t-il-quitter-scenes-de-menages-parfois-il-y-a-des-doutes\/\" data-api-deeplink=\"teleloisirs:\/\/news\/385903\" target=\"_blank\" rel=\"noopener\">son avenir dans la s\u00e9rie<\/a>, mais \u00e9galement des sujets plus personnels comme ses enfants.<\/p>\n<p>\u00ab\u00a0Mes enfants me regardent parfois \u00e0 la t\u00e9l\u00e9vision&#8230;\u00a0\u00bb : Fr\u00e9d\u00e9ric Bouraly (Sc\u00e8nes de M\u00e9nages) fait de rares confidences sur la relation qu&rsquo;il entretient avec ses deux fils<\/p>\n<p>Ainsi, l&rsquo;acteur, bient\u00f4t \u00e0 l&rsquo;affiche de la suite de la fiction <a href=\"https:\/\/www.programme-tv.net\/news\/series-tv\/353269-les-secrets-du-finistere-y-aura-t-il-une-suite-a-la-fiction-avec-jeremy-banster-et-evelyne-bouix\/\" data-api-deeplink=\"teleloisirs:\/\/news\/353269\" target=\"_blank\" rel=\"noopener\">Les Secrets du Finist\u00e8re<\/a>, s\u2019est pr\u00eat\u00e9 au jeu des confidences et a livr\u00e9 de rares r\u00e9v\u00e9lations sur sa vie de p\u00e8re de <a href=\"https:\/\/www.programme-tv.net\/news\/people\/364021-avoir-des-enfants-ma-repare-frederic-bouraly-scenes-de-menages-se-confie-sur-ses-deux-fils\/\" data-api-deeplink=\"teleloisirs:\/\/news\/364021\" target=\"_blank\" rel=\"noopener\">deux gar\u00e7ons Lucien (29 ans) et F\u00e9lix (23 ans)<\/a> : \u00ab\u00a0Mes enfants me regardent parfois \u00e0 la t\u00e9l\u00e9vision, mais ils ont leur vie maintenant. Ils sont grands\u00a0\u00bb. Et de d\u00e9tailler : \u00ab\u00a0Celui qui est infirmier aux urgences a autre chose \u00e0 faire que de regarder son p\u00e8re en train de faire l\u2019andouille \u00e0 la t\u00e9l\u00e9vision, car il fait un m\u00e9tier extraordinaire, mais qui lui prend beaucoup de temps.\u00a0\u00bb Des mots emplis de fiert\u00e9 qui ne manqueront pas de faire plaisir aux deux enfants du com\u00e9dien&#8230;<\/p>\n<p>                        \u00ab\u00a0Je ne suis pas fou \u00e0 l\u2019id\u00e9e de me regarder\u00a0\u00bb : Fr\u00e9d\u00e9ric Bouraly (Sc\u00e8nes de m\u00e9nages) r\u00e9v\u00e8le qu&rsquo;il n&rsquo;aime pas se voir \u00e0 l&rsquo;\u00e9cran&#8230;<\/p>\n<p>L&rsquo;acteur d\u00e9sormais \u00e2g\u00e9 de 65 ans a \u00e9galement confi\u00e9 avec amusement : \u00ab\u00a0Les amis de mes enfants regardent\u00a0! Ils ont 29 et 23 ans et je suis agr\u00e9ablement surpris de voir que leurs copains sont fans de la s\u00e9rie, donc c\u2019est chouette\u00a0!\u00a0\u00bb De son c\u00f4t\u00e9, <a href=\"https:\/\/www.programme-tv.net\/news\/people\/379653-mort-d-eric-legrand-dragon-ball-bouleverse-frederic-bouraly-scenes-de-menages-rend-hommage-a-celui-qui-l-a-aide-a-un-moment-crucial-de-sa-vie\/\" data-api-deeplink=\"teleloisirs:\/\/news\/379653\" target=\"_blank\" rel=\"noopener\">celui qui fut doubleur dans la s\u00e9rie d&rsquo;animation japonaise Dragon Ball<\/a>, a ensuite pr\u00e9cis\u00e9 qu&rsquo;il n&rsquo;aimait pas se voir \u00e0 l&rsquo;\u00e9cran : \u00ab\u00a0Il m\u2019arrive de suivre Sc\u00e8nes de m\u00e9nages en replay, m\u00eame si en tant que com\u00e9dien, je ne suis pas fou \u00e0 l\u2019id\u00e9e de me regarder.\u00a0\u00bb <\/p>\n","protected":false},"excerpt":{"rendered":"Fr\u00e9d\u00e9ric Bouraly, l\u2019incontournable interpr\u00e8te de Jos\u00e9 dans la s\u00e9rie Sc\u00e8nes de m\u00e9nages de M6, s\u2019est r\u00e9cemment pr\u00eat\u00e9 au&hellip;\n","protected":false},"author":2,"featured_media":346019,"comment_status":"","ping_status":"","sticky":false,"template":"","format":"standard","meta":{"footnotes":""},"categories":[1356],"tags":[244,58,59,1011,27,31607,494,13929,252,1364],"class_list":{"0":"post-346018","1":"post","2":"type-post","3":"status-publish","4":"format-standard","5":"has-post-thumbnail","7":"category-television","8":"tag-commentaire","9":"tag-divertissement","10":"tag-entertainment","11":"tag-fr","12":"tag-france","13":"tag-fru00e9du00e9ric-bouraly","14":"tag-m6","15":"tag-scu00e8nes-de-mu00e9nages","16":"tag-television","17":"tag-tv"},"share_on_mastodon":{"url":"https:\/\/pubeurope.com\/@fr\/115097001273119502","error":""},"_links":{"self":[{"href":"https:\/\/www.europesays.com\/fr\/wp-json\/wp\/v2\/posts\/346018","targetHints":{"allow":["GET"]}}],"collection":[{"href":"https:\/\/www.europesays.com\/fr\/wp-json\/wp\/v2\/posts"}],"about":[{"href":"https:\/\/www.europesays.com\/fr\/wp-json\/wp\/v2\/types\/post"}],"author":[{"embeddable":true,"href":"https:\/\/www.europesays.com\/fr\/wp-json\/wp\/v2\/users\/2"}],"replies":[{"embeddable":true,"href":"https:\/\/www.europesays.com\/fr\/wp-json\/wp\/v2\/comments?post=346018"}],"version-history":[{"count":0,"href":"https:\/\/www.europesays.com\/fr\/wp-json\/wp\/v2\/posts\/346018\/revisions"}],"wp:featuredmedia":[{"embeddable":true,"href":"https:\/\/www.europesays.com\/fr\/wp-json\/wp\/v2\/media\/346019"}],"wp:attachment":[{"href":"https:\/\/www.europesays.com\/fr\/wp-json\/wp\/v2\/media?parent=346018"}],"wp:term":[{"taxonomy":"category","embeddable":true,"href":"https:\/\/www.europesays.com\/fr\/wp-json\/wp\/v2\/categories?post=346018"},{"taxonomy":"post_tag","embeddable":true,"href":"https:\/\/www.europesays.com\/fr\/wp-json\/wp\/v2\/tags?post=346018"}],"curies":[{"name":"wp","href":"https:\/\/api.w.org\/{rel}","templated":true}]}}