{"id":346020,"date":"2025-08-26T20:40:13","date_gmt":"2025-08-26T20:40:13","guid":{"rendered":"https:\/\/www.europesays.com\/fr\/346020\/"},"modified":"2025-08-26T20:40:13","modified_gmt":"2025-08-26T20:40:13","slug":"duel-musical-sur-les-ambiguites-de-genre","status":"publish","type":"post","link":"https:\/\/www.europesays.com\/fr\/346020\/","title":{"rendered":"duel musical sur les ambigu\u00eft\u00e9s de genre"},"content":{"rendered":"<p>LE MATCH DES TUBES (37 \/ 40) &#8211; Dans \u00ab\u00a0Comme un gar\u00e7on\u00a0\u00bb et \u00ab\u00a0Sans contrefa\u00e7on\u00a0\u00bb, les deux artistes jouent sur les codes et l\u2019ambigu\u00eft\u00e9 entre f\u00e9minin et masculin.<\/p>\n<p>La question du genre est devenue d\u2019actualit\u00e9. <a href=\"https:\/\/www.parismatch.com\/culture\/musique\/indochine-electrice-aix-en-provence-246589\" rel=\"nofollow noopener\" target=\"_blank\">En 1985, Indochine, groupe adul\u00e9 des jeunes<\/a>, lance une ode au \u00ab\u00a03e sexe\u00a0\u00bb, ces \u00ab\u00a0filles au masculin\u00a0\u00bb et ces \u00ab\u00a0gar\u00e7ons au f\u00e9minin\u00a0\u00bb. <a href=\"https:\/\/www.parismatch.com\/People\/sylvie-vartan-il-est-temps-que-je-me-calme-246368\" rel=\"nofollow noopener\" target=\"_blank\">Mais la grande Sylvie Vartan<\/a> avait tout anticip\u00e9 d\u00e8s 1967 avec \u00ab\u00a0Comme un gar\u00e7on\u00a0\u00bb. Vingt ans plus tard, <a href=\"https:\/\/www.parismatch.com\/culture\/musique\/mylene-farmer-reenchantee-jai-appris-que-les-choses-faciles-nexistent-pas-242668\" rel=\"nofollow noopener\" target=\"_blank\">Myl\u00e8ne Farmer continue de forger sa l\u00e9gende avec \u00ab\u00a0Sans contrefa\u00e7on\u00a0\u00bb<\/a>. Voici donc un duel tout d\u00e9sign\u00e9.<\/p>\n<p>Reine des y\u00e9-y\u00e9 aux c\u00f4t\u00e9s de Sheila, Sylvie Vartan a souvent adapt\u00e9 des titres \u00e9trangers pour b\u00e2tir sa notori\u00e9t\u00e9. En 1967, Jean-Jacques Debout et Roger Dumas lui composent un tr\u00e8s beau titre \u00e0 la fois dr\u00f4le, impertinent et romantique. Tout commence par des sifflements avant que Vartan ne se lance. \u00ab\u00a0Comme un gar\u00e7on j\u2019ai les cheveux longs. Comme un gar\u00e7on je porte un blouson. Un m\u00e9daillon, un gros ceinturon. Comme un gar\u00e7on.\u00a0\u00bb Dans cette soci\u00e9t\u00e9 pr\u00e9-68, cette insolence annonce ce qui va se passer\u00a0: libert\u00e9 sexuelle, vestimentaire et \u00e9mancipation f\u00e9minine. C\u2019est une affirmation, presque un manifeste. \u00ab\u00a0Comme un gar\u00e7on moi j\u2019ai ma moto. Comme un gar\u00e7on je fais du rod\u00e9o. C\u2019est la terreur \u00e0 200 \u00e0 l\u2019heure.\u00a0\u00bb Avant de redevenir une amoureuse tendre et vuln\u00e9rable quand elle est dans les bras de son prince charmant. \u00ab\u00a0Oh tu fais ce que tu veux de moi.\u00a0\u00bb Pas tr\u00e8s f\u00e9ministe. Le morceau, bien orchestr\u00e9, est festif et intemporel.<\/p>\n<p>    La suite apr\u00e8s cette publicit\u00e9<\/p>\n<p>Chanson ind\u00e9modable<\/p>\n<p>Myl\u00e8ne Farmer est un ph\u00e9nom\u00e8ne. Contrairement \u00e0 Indochine, elle ne suit pas les modes, elle les d\u00e9clenche puis les accompagne. Apr\u00e8s un premier album explosif (\u00ab\u00a0Libertine\u00a0\u00bb, \u00ab\u00a0Maman a tort\u00a0\u00bb), l\u2019artiste revient en 1987 avec un single qui va tout bouleverser\u00a0: \u00ab\u00a0Sans contrefa\u00e7on\u00a0\u00bb. Le rythme est effr\u00e9n\u00e9, le refrain ent\u00eatant, le texte ambigu et intrigant. Souvent prise pour un gar\u00e7on, et intrigu\u00e9e par \u00ab\u00a0Comme un gar\u00e7on\u00a0\u00bb, l\u2019artiste \u00e9voque, avant l\u2019heure, sa non-binarit\u00e9. \u00ab\u00a0Tout seul dans mon placard les yeux cern\u00e9s de noir \u00e0 l\u2019abri des regards, je d\u00e9fie le hasard.\u00a0\u00bb Elle d\u00e9crit les interrogations, les remarques, les moqueries. \u00ab\u00a0Tour \u00e0 tour on me chasse de vos fr\u00e9quentations [\u2026] Je me fous bien des qu\u2019en dira-t-on, je suis cam\u00e9l\u00e9on.\u00a0\u00bb La m\u00e9lodie est \u00e0 la fois mystique, euphorique et inqui\u00e9tante. Du grand Laurent Boutonnat. Le morceau, accompagn\u00e9 d\u2019un clip g\u00e9nial, est un triomphe. Il conna\u00eetra un second souffle en 1994 avec le film \u00ab\u00a0P\u00e9dale Douce\u00a0\u00bb o\u00f9 le titre est diffus\u00e9 en d\u00e9but de long m\u00e9trage avec un Patrick Timsit au sommet de sa forme.<\/p>\n<p>    La suite apr\u00e8s cette publicit\u00e9<\/p>\n<p>Deux fa\u00e7ons d\u2019\u00e9voquer le genre et les ambigu\u00eft\u00e9s f\u00e9minines et masculines, mais un seul vainqueur. Nous aimons beaucoup Sylvie Vartan et son \u00ab\u00a0Comme un gar\u00e7on\u00a0\u00bb, mais il est un peu d\u00e9suet aujourd\u2019hui. Tandis que l\u2019affirmation farouche de Myl\u00e8ne Farmer et sa m\u00e9lodie entra\u00eenante n\u2019ont pas pris une ride. Sans contrefa\u00e7on, c\u2019est vraiment canon\u00a0!<\/p>\n","protected":false},"excerpt":{"rendered":"LE MATCH DES TUBES (37 \/ 40) &#8211; Dans \u00ab\u00a0Comme un gar\u00e7on\u00a0\u00bb et \u00ab\u00a0Sans contrefa\u00e7on\u00a0\u00bb, les deux artistes&hellip;\n","protected":false},"author":2,"featured_media":346021,"comment_status":"","ping_status":"","sticky":false,"template":"","format":"standard","meta":{"footnotes":""},"categories":[1355],"tags":[58,59,1011,27,1361,873],"class_list":{"0":"post-346020","1":"post","2":"type-post","3":"status-publish","4":"format-standard","5":"has-post-thumbnail","7":"category-musique","8":"tag-divertissement","9":"tag-entertainment","10":"tag-fr","11":"tag-france","12":"tag-music","13":"tag-musique"},"share_on_mastodon":{"url":"https:\/\/pubeurope.com\/@fr\/115097005148642285","error":""},"_links":{"self":[{"href":"https:\/\/www.europesays.com\/fr\/wp-json\/wp\/v2\/posts\/346020","targetHints":{"allow":["GET"]}}],"collection":[{"href":"https:\/\/www.europesays.com\/fr\/wp-json\/wp\/v2\/posts"}],"about":[{"href":"https:\/\/www.europesays.com\/fr\/wp-json\/wp\/v2\/types\/post"}],"author":[{"embeddable":true,"href":"https:\/\/www.europesays.com\/fr\/wp-json\/wp\/v2\/users\/2"}],"replies":[{"embeddable":true,"href":"https:\/\/www.europesays.com\/fr\/wp-json\/wp\/v2\/comments?post=346020"}],"version-history":[{"count":0,"href":"https:\/\/www.europesays.com\/fr\/wp-json\/wp\/v2\/posts\/346020\/revisions"}],"wp:featuredmedia":[{"embeddable":true,"href":"https:\/\/www.europesays.com\/fr\/wp-json\/wp\/v2\/media\/346021"}],"wp:attachment":[{"href":"https:\/\/www.europesays.com\/fr\/wp-json\/wp\/v2\/media?parent=346020"}],"wp:term":[{"taxonomy":"category","embeddable":true,"href":"https:\/\/www.europesays.com\/fr\/wp-json\/wp\/v2\/categories?post=346020"},{"taxonomy":"post_tag","embeddable":true,"href":"https:\/\/www.europesays.com\/fr\/wp-json\/wp\/v2\/tags?post=346020"}],"curies":[{"name":"wp","href":"https:\/\/api.w.org\/{rel}","templated":true}]}}