{"id":346022,"date":"2025-08-26T20:41:10","date_gmt":"2025-08-26T20:41:10","guid":{"rendered":"https:\/\/www.europesays.com\/fr\/346022\/"},"modified":"2025-08-26T20:41:10","modified_gmt":"2025-08-26T20:41:10","slug":"letranger-de-francois-ozon-la-nouvelle-adaptation-du-roman-dalbert-camus","status":"publish","type":"post","link":"https:\/\/www.europesays.com\/fr\/346022\/","title":{"rendered":"\u00ab L&rsquo;\u00c9tranger \u00bb de Fran\u00e7ois Ozon, la nouvelle adaptation du roman d&rsquo;Albert Camus"},"content":{"rendered":"<p class=\"intro\">La bande-annonce du jour : \u00ab L&rsquo;\u00c9tranger \u00bb de Fran\u00e7ois Ozon, avec Benjamin Voisin, Rebecca Marder, <br \/>&#13;<br \/>\nPierre Lottin, Denis Lavant ou encore Swann Arlaud.<\/p>\n<p>Le synopsis :\u00a0Alger, 1938. Meursault, un jeune homme d\u2019une trentaine d\u2019ann\u00e9es, modeste employ\u00e9, enterre sa m\u00e8re sans manifester la moindre \u00e9motion. Le lendemain, il entame une liaison avec Marie, une coll\u00e8gue de bureau. Puis il reprend sa vie de tous les jours. Mais son voisin, Raymond Sint\u00e8s vient perturber son quotidien en l\u2019entra\u00eenant dans des histoires louches jusqu\u2019\u00e0 un drame sur une plage, sous un soleil de plomb\u2026<\/p>\n","protected":false},"excerpt":{"rendered":"La bande-annonce du jour : \u00ab L&rsquo;\u00c9tranger \u00bb de Fran\u00e7ois Ozon, avec Benjamin Voisin, Rebecca Marder, &#13; Pierre&hellip;\n","protected":false},"author":2,"featured_media":346023,"comment_status":"","ping_status":"","sticky":false,"template":"","format":"standard","meta":{"footnotes":""},"categories":[1354],"tags":[58,59,1346,1011,27,1360],"class_list":{"0":"post-346022","1":"post","2":"type-post","3":"status-publish","4":"format-standard","5":"has-post-thumbnail","7":"category-films","8":"tag-divertissement","9":"tag-entertainment","10":"tag-films","11":"tag-fr","12":"tag-france","13":"tag-movies"},"share_on_mastodon":{"url":"https:\/\/pubeurope.com\/@fr\/115097009127599758","error":""},"_links":{"self":[{"href":"https:\/\/www.europesays.com\/fr\/wp-json\/wp\/v2\/posts\/346022","targetHints":{"allow":["GET"]}}],"collection":[{"href":"https:\/\/www.europesays.com\/fr\/wp-json\/wp\/v2\/posts"}],"about":[{"href":"https:\/\/www.europesays.com\/fr\/wp-json\/wp\/v2\/types\/post"}],"author":[{"embeddable":true,"href":"https:\/\/www.europesays.com\/fr\/wp-json\/wp\/v2\/users\/2"}],"replies":[{"embeddable":true,"href":"https:\/\/www.europesays.com\/fr\/wp-json\/wp\/v2\/comments?post=346022"}],"version-history":[{"count":0,"href":"https:\/\/www.europesays.com\/fr\/wp-json\/wp\/v2\/posts\/346022\/revisions"}],"wp:featuredmedia":[{"embeddable":true,"href":"https:\/\/www.europesays.com\/fr\/wp-json\/wp\/v2\/media\/346023"}],"wp:attachment":[{"href":"https:\/\/www.europesays.com\/fr\/wp-json\/wp\/v2\/media?parent=346022"}],"wp:term":[{"taxonomy":"category","embeddable":true,"href":"https:\/\/www.europesays.com\/fr\/wp-json\/wp\/v2\/categories?post=346022"},{"taxonomy":"post_tag","embeddable":true,"href":"https:\/\/www.europesays.com\/fr\/wp-json\/wp\/v2\/tags?post=346022"}],"curies":[{"name":"wp","href":"https:\/\/api.w.org\/{rel}","templated":true}]}}