{"id":346030,"date":"2025-08-26T20:45:11","date_gmt":"2025-08-26T20:45:11","guid":{"rendered":"https:\/\/www.europesays.com\/fr\/346030\/"},"modified":"2025-08-26T20:45:11","modified_gmt":"2025-08-26T20:45:11","slug":"pour-retrouver-une-lamborghini-miura-sv-cachee-depuis-40-ans-ils-abattent-un-mur","status":"publish","type":"post","link":"https:\/\/www.europesays.com\/fr\/346030\/","title":{"rendered":"Pour retrouver une Lamborghini Miura SV cach\u00e9e depuis 40 ans, ils abattent un mur"},"content":{"rendered":"<p>Son propri\u00e9taire de l\u2019\u00e9poque, passionn\u00e9 mais m\u00e9fiant, avait pr\u00e9f\u00e9r\u00e9 la dissimuler dans une pi\u00e8ce de sa maison de la banlieue new-yorkaise, pour la prot\u00e9ger des voleurs. Pour lib\u00e9rer cette Lamborghini Miura SV, il a m\u00eame fallu abattre le mur s\u00e9parant le garage de la salle de s\u00e9jour. Lorsqu\u2019elle a \u00e9t\u00e9 d\u00e9couverte, elle portait toujours sa robe Bruno Metallizzato, son habitacle d\u2019origine et m\u00eame ses pneus, vestiges d\u2019une technologie r\u00e9volue. Une sc\u00e8ne presque irr\u00e9elle pour les collectionneurs.<\/p>\n<\/p>\n<p>La Miura SV n\u2019est d\u00e9j\u00e0 pas une <a href=\"https:\/\/www.20minutes.fr\/dossier\/lamborghini\" class=\"c-link c-link--is-underlined\" target=\"_blank\" rel=\"noopener\">Lamborghini<\/a> comme les autres\u00a0: avec seulement 150 exemplaires produits, chaque unit\u00e9 est un joyau. Mais cette \u00ab\u00a0survivante\u00a0\u00bb, rest\u00e9e coup\u00e9e du monde pendant quarante ans, atteint une aura particuli\u00e8re. On retrouve souvent des vieilles photos ou des bibelots derri\u00e8re des murs oubli\u00e9s\u2026 ici, c\u2019est une pi\u00e8ce d\u2019exception estim\u00e9e \u00e0 plus d\u2019un <a href=\"https:\/\/www.20minutes.fr\/dossier\/millionnaire\" class=\"c-link c-link--is-underlined\" target=\"_blank\" rel=\"noopener\">million<\/a> d\u2019euros qui a ressurgi.<\/p>\n<p>On lui souhaite de retrouver tr\u00e8s vite le contact avec le bitume, comme elle le m\u00e9rite.<\/p>\n","protected":false},"excerpt":{"rendered":"Son propri\u00e9taire de l\u2019\u00e9poque, passionn\u00e9 mais m\u00e9fiant, avait pr\u00e9f\u00e9r\u00e9 la dissimuler dans une pi\u00e8ce de sa maison de&hellip;\n","protected":false},"author":2,"featured_media":346031,"comment_status":"","ping_status":"","sticky":false,"template":"","format":"standard","meta":{"footnotes":""},"categories":[7],"tags":[47,646,1011,27,452,26894,43,40,41,39,42,44,25881,25880],"class_list":{"0":"post-346030","1":"post","2":"type-post","3":"status-publish","4":"format-standard","5":"has-post-thumbnail","7":"category-sciences-et-technologies","8":"tag-actualite","9":"tag-automobile","10":"tag-fr","11":"tag-france","12":"tag-italie","13":"tag-lamborghini","14":"tag-science","15":"tag-science-and-technology","16":"tag-sciences","17":"tag-sciences-et-technologies","18":"tag-technologies","19":"tag-technology","20":"tag-voitures-de-luxe","21":"tag-voitures-de-sport"},"share_on_mastodon":{"url":"https:\/\/pubeurope.com\/@fr\/115097024832374091","error":""},"_links":{"self":[{"href":"https:\/\/www.europesays.com\/fr\/wp-json\/wp\/v2\/posts\/346030","targetHints":{"allow":["GET"]}}],"collection":[{"href":"https:\/\/www.europesays.com\/fr\/wp-json\/wp\/v2\/posts"}],"about":[{"href":"https:\/\/www.europesays.com\/fr\/wp-json\/wp\/v2\/types\/post"}],"author":[{"embeddable":true,"href":"https:\/\/www.europesays.com\/fr\/wp-json\/wp\/v2\/users\/2"}],"replies":[{"embeddable":true,"href":"https:\/\/www.europesays.com\/fr\/wp-json\/wp\/v2\/comments?post=346030"}],"version-history":[{"count":0,"href":"https:\/\/www.europesays.com\/fr\/wp-json\/wp\/v2\/posts\/346030\/revisions"}],"wp:featuredmedia":[{"embeddable":true,"href":"https:\/\/www.europesays.com\/fr\/wp-json\/wp\/v2\/media\/346031"}],"wp:attachment":[{"href":"https:\/\/www.europesays.com\/fr\/wp-json\/wp\/v2\/media?parent=346030"}],"wp:term":[{"taxonomy":"category","embeddable":true,"href":"https:\/\/www.europesays.com\/fr\/wp-json\/wp\/v2\/categories?post=346030"},{"taxonomy":"post_tag","embeddable":true,"href":"https:\/\/www.europesays.com\/fr\/wp-json\/wp\/v2\/tags?post=346030"}],"curies":[{"name":"wp","href":"https:\/\/api.w.org\/{rel}","templated":true}]}}