{"id":346034,"date":"2025-08-26T20:47:11","date_gmt":"2025-08-26T20:47:11","guid":{"rendered":"https:\/\/www.europesays.com\/fr\/346034\/"},"modified":"2025-08-26T20:47:11","modified_gmt":"2025-08-26T20:47:11","slug":"la-guerre-a-gaza-aggrave-la-crise-politique-aux-pays-bas","status":"publish","type":"post","link":"https:\/\/www.europesays.com\/fr\/346034\/","title":{"rendered":"La guerre \u00e0 Gaza aggrave la crise politique aux Pays-Bas"},"content":{"rendered":"<p><strong>R\u00c9CIT<\/strong> &#8211; Le ministre des Affaires \u00e9trang\u00e8res a claqu\u00e9 la porte de la coalition gouvernementale, d\u00e9non\u00e7ant l\u2019insuffisance des sanctions contre Isra\u00ebl.<\/p>\n<p class=\"fig-paragraph\">Si la coalition au pouvoir aux Pays-Bas ne s\u2019\u00e9tait pas\u00a0d\u00e9j\u00e0 fracass\u00e9e\u00a0&#8211; des \u00e9lections anticip\u00e9es devant se tenir fin octobre -, la crise de ce week-end aurait pu la faire vaciller. Le ministre des Affaires \u00e9trang\u00e8res,\u00a0<a href=\"http:\/\/www.lefigaro.fr\/international\/pays-bas-le-chef-de-la-diplomatie-demissionne-apres-un-debat-sur-de-possibles-sanctions-contre-israel-20250822\" data-fig-type=\"NewsFlash\" data-gtm-custom-categorie=\"navigation\" data-gtm-custom-action=\"crossclick\" data-gtm-custom-label=\"Contextuel\" data-gtm-event=\"customEventSPE\" data-fig-domain=\"LEFIGARO\" target=\"_blank\" rel=\"noopener\">Caspar Veldkamp, a d\u00e9missionn\u00e9<\/a>\u00a0vendredi soir du gouvernement, entra\u00eenant avec lui ses coll\u00e8gues du Nouveau Contrat social (NSC, centre droite) \u00e0 quitter le gouvernement. En cause\u00a0: l\u2019incapacit\u00e9 du gouvernement \u00e0 accro\u00eetre la pression sur Isra\u00ebl face \u00e0 la situation humanitaire \u00e0 Gaza. Ce coup d\u2019\u00e9clat fragilise encore un peu plus une coalition r\u00e9duite d\u00e9sormais \u00e0 deux partis minoritaires. Le premier ministre,\u00a0<a href=\"http:\/\/www.lefigaro.fr\/flash-actu\/pays-bas-le-nouveau-premier-ministre-vise-pour-les-propos-racistes-de-deux-de-ses-ministres-20240705\" data-fig-type=\"NewsFlash\" data-gtm-custom-categorie=\"navigation\" data-gtm-custom-action=\"crossclick\" data-gtm-custom-label=\"Contextuel\" data-gtm-event=\"customEventSPE\" data-fig-domain=\"LEFIGARO\" target=\"_blank\" rel=\"noopener\">Dick Schoof,<\/a>\u00a0doit organiser mercredi un d\u00e9bat parlementaire pour tenter de trouver une sortie de crise, alors que la formation d\u2019un nouvel ex\u00e9cutif pourrait prendre des mois apr\u00e8s les \u00e9lections du 29\u00a0octobre.<\/p>\n<p class=\"fig-paragraph\">Lors d\u2019un d\u00e9bat, samedi, les d\u00e9put\u00e9s n\u00e9erlandais ont rejet\u00e9 une motion appelant \u00e0 la reconnaissance de l\u2019\u00c9tat de Palestine et refus\u00e9 de prendre de nouvelles sanctions\u2026<\/p>\n<p class=\"fig-premium-paywall__infos\">\n        Cet article est r\u00e9serv\u00e9 aux abonn\u00e9s.        Il vous reste 76% \u00e0 d\u00e9couvrir.\n    <\/p>\n<p>                <img  data- alt=\"Le Figaro\" class=\"fig-img--complete fig-img\"\/><\/p>\n<p class=\"fig-premium-paywall__title\">Vente Flash<\/p>\n<p class=\"fig-premium-paywall__subtitle\">4,99\u20ac par mois pendant 12 mois. Sans engagement<\/p>\n<p class=\"fig-premium-paywall__connect\">\n                D\u00e9j\u00e0 abonn\u00e9\u00a0?                <a class=\"fig-premium-paywall__connect-link\" href=\"https:\/\/connect.lefigaro.fr\/login?client=horizon_web&amp;type=main&amp;redirect_uri=https%3A%2F%2Fwww.lefigaro.fr%2Finternational%2Fla-guerre-a-gaza-aggrave-la-crise-politique-aux-pays-bas-20250826\" data-js-gtm=\"{&quot;customCategorie&quot;: &quot;conversion&quot;, &quot;customAction&quot;: &quot;before_Landing_Connexion_paywall_auto&quot;, &quot;customLabel&quot;: &quot;bGVmaWdhcm8uZnJfXzFmMDgyODQ3LWJlMjMtNjBiNC1hM2RmLTczMmM2NmQ0NzBhOV9fQXJ0aWNsZQ==_La guerre \u00e0 Gaza aggrave la crise politique aux Pays-Bas_158&quot;, &quot;customIDSPE&quot;: &quot;bGVmaWdhcm8uZnJfXzFmMDgyODQ3LWJlMjMtNjBiNC1hM2RmLTczMmM2NmQ0NzBhOV9fQXJ0aWNsZQ==&quot;, &quot;event&quot;: &quot;customEventSPE&quot;}\" target=\"_blank\" rel=\"noopener\"><br \/>\n                    Connectez-vous<br \/>\n                <\/a>\n            <\/p>\n","protected":false},"excerpt":{"rendered":"R\u00c9CIT &#8211; Le ministre des Affaires \u00e9trang\u00e8res a claqu\u00e9 la porte de la coalition gouvernementale, d\u00e9non\u00e7ant l\u2019insuffisance des&hellip;\n","protected":false},"author":2,"featured_media":346035,"comment_status":"","ping_status":"","sticky":false,"template":"","format":"standard","meta":{"footnotes":""},"categories":[5],"tags":[11,3259,1011,27,665,14,664,12,934,28],"class_list":{"0":"post-346034","1":"post","2":"type-post","3":"status-publish","4":"format-standard","5":"has-post-thumbnail","7":"category-international","8":"tag-actualites","9":"tag-conflit-israelo-palestinien","10":"tag-fr","11":"tag-france","12":"tag-gaza","13":"tag-international","14":"tag-israel","15":"tag-news","16":"tag-pays-bas","17":"tag-world"},"share_on_mastodon":{"url":"https:\/\/pubeurope.com\/@fr\/115097032756961914","error":""},"_links":{"self":[{"href":"https:\/\/www.europesays.com\/fr\/wp-json\/wp\/v2\/posts\/346034","targetHints":{"allow":["GET"]}}],"collection":[{"href":"https:\/\/www.europesays.com\/fr\/wp-json\/wp\/v2\/posts"}],"about":[{"href":"https:\/\/www.europesays.com\/fr\/wp-json\/wp\/v2\/types\/post"}],"author":[{"embeddable":true,"href":"https:\/\/www.europesays.com\/fr\/wp-json\/wp\/v2\/users\/2"}],"replies":[{"embeddable":true,"href":"https:\/\/www.europesays.com\/fr\/wp-json\/wp\/v2\/comments?post=346034"}],"version-history":[{"count":0,"href":"https:\/\/www.europesays.com\/fr\/wp-json\/wp\/v2\/posts\/346034\/revisions"}],"wp:featuredmedia":[{"embeddable":true,"href":"https:\/\/www.europesays.com\/fr\/wp-json\/wp\/v2\/media\/346035"}],"wp:attachment":[{"href":"https:\/\/www.europesays.com\/fr\/wp-json\/wp\/v2\/media?parent=346034"}],"wp:term":[{"taxonomy":"category","embeddable":true,"href":"https:\/\/www.europesays.com\/fr\/wp-json\/wp\/v2\/categories?post=346034"},{"taxonomy":"post_tag","embeddable":true,"href":"https:\/\/www.europesays.com\/fr\/wp-json\/wp\/v2\/tags?post=346034"}],"curies":[{"name":"wp","href":"https:\/\/api.w.org\/{rel}","templated":true}]}}