{"id":346036,"date":"2025-08-26T20:48:09","date_gmt":"2025-08-26T20:48:09","guid":{"rendered":"https:\/\/www.europesays.com\/fr\/346036\/"},"modified":"2025-08-26T20:48:09","modified_gmt":"2025-08-26T20:48:09","slug":"pres-de-toulouse-le-feu-se-propage-a-plusieurs-appartements-les-habitants-evacues","status":"publish","type":"post","link":"https:\/\/www.europesays.com\/fr\/346036\/","title":{"rendered":"Pr\u00e8s de Toulouse, le feu se propage \u00e0 plusieurs appartements, les habitants \u00e9vacu\u00e9s"},"content":{"rendered":"<p>            Par<br \/>\n        <strong><br \/>\n            <a href=\"https:\/\/actu.fr\/auteur\/lucie-2\" title=\"Consulter tous les articles de Lucie Fraisse\" rel=\"nofollow noopener\" target=\"_blank\">Lucie Fraisse<\/a><br \/>\n        <\/strong><\/p>\n<p>        Publi\u00e9 le<\/p>\n<p>            26 ao\u00fbt 2025 \u00e0 20h47        <\/p>\n<p>L\u2019alerte a \u00e9t\u00e9 donn\u00e9e peu apr\u00e8s 19h15 apr\u00e8s qu\u2019un feu s\u2019est d\u00e9clar\u00e9 dans un appartement situ\u00e9 dans la commune de <strong>Castelnau-d\u2019Estr\u00e9tefonds<\/strong>, <a href=\"https:\/\/actu.fr\/toulouse\/\" rel=\"nofollow noopener\" target=\"_blank\">pr\u00e8s de Toulous<\/a>e, ce mardi 26 ao\u00fbt 2025.<\/p>\n<p>    <a href=\"https:\/\/www.google.com\/maps\/embed?pb=!1m18!1m12!1m3!1d33058.857572624045!2d1.3103824751717552!3d43.79567810554805!2m3!1f0!2f0!3f0!3m2!1i1024!2i768!4f13.1!3m3!1m2!1s0x12ac02bc76f09529%3A0x406f69c2f412b40!2s31620%20Castelnau-d%27Estr%C3%A9tefonds!5e1!3m2!1sfr!2sfr!4v1756233867518!5m2!1sfr!2sfr\" title=\"Ouvrie le lien\" rel=\"nofollow noopener\" target=\"_blank\">Cliquez ici pour visualiser le contenu<\/a><\/p>\n<p>Les flammes se propagent dans d\u2019autres logements<\/p>\n<p class=\" wall-content\">Les flammes ont pris dans un appartement situ\u00e9 au premier \u00e9tage du b\u00e2timent avant de se propager \u00e0 cinq autres appartements.\u00a0<\/p>\n<p class=\" wall-content\">Une<strong> douzaine de personnes a d\u00fb \u00eatre \u00e9vacu\u00e9e<\/strong> du b\u00e2timent. Seize sapeurs-pompiers ont \u00e9t\u00e9 mobilis\u00e9s sur le sinistre, ils \u00e9taient toujours sur place \u00e0 20h45.<\/p>\n<p class=\" wall-content\">Personnalisez votre actualit\u00e9 en ajoutant vos villes et m\u00e9dias en favori avec <a href=\"https:\/\/moncompte.actu.fr\" title=\"D\u00e9couvez Mon Actu\" rel=\"nofollow noopener\" data-trk=\"{&quot;cta&quot;:{&quot;action&quot;:&quot;https:\\\/\\\/moncompte.actu.fr&quot;,&quot;category&quot;:&quot;mon compte&quot;,&quot;from&quot;:&quot;article footer&quot;,&quot;name&quot;:&quot;Mon actu&quot;,&quot;type&quot;:&quot;cta&quot;}}\" target=\"_blank\">Mon Actu<\/a>.<\/p>\n","protected":false},"excerpt":{"rendered":"Par Lucie Fraisse Publi\u00e9 le 26 ao\u00fbt 2025 \u00e0 20h47 L\u2019alerte a \u00e9t\u00e9 donn\u00e9e peu apr\u00e8s 19h15 apr\u00e8s&hellip;\n","protected":false},"author":2,"featured_media":346037,"comment_status":"","ping_status":"","sticky":false,"template":"","format":"standard","meta":{"footnotes":""},"categories":[4],"tags":[11,1011,27,1652,12,1311,25],"class_list":{"0":"post-346036","1":"post","2":"type-post","3":"status-publish","4":"format-standard","5":"has-post-thumbnail","7":"category-france","8":"tag-actualites","9":"tag-fr","10":"tag-france","11":"tag-loisirs-culture","12":"tag-news","13":"tag-pompiers","14":"tag-republique-francaise"},"share_on_mastodon":{"url":"https:\/\/pubeurope.com\/@fr\/115097036946658077","error":""},"_links":{"self":[{"href":"https:\/\/www.europesays.com\/fr\/wp-json\/wp\/v2\/posts\/346036","targetHints":{"allow":["GET"]}}],"collection":[{"href":"https:\/\/www.europesays.com\/fr\/wp-json\/wp\/v2\/posts"}],"about":[{"href":"https:\/\/www.europesays.com\/fr\/wp-json\/wp\/v2\/types\/post"}],"author":[{"embeddable":true,"href":"https:\/\/www.europesays.com\/fr\/wp-json\/wp\/v2\/users\/2"}],"replies":[{"embeddable":true,"href":"https:\/\/www.europesays.com\/fr\/wp-json\/wp\/v2\/comments?post=346036"}],"version-history":[{"count":0,"href":"https:\/\/www.europesays.com\/fr\/wp-json\/wp\/v2\/posts\/346036\/revisions"}],"wp:featuredmedia":[{"embeddable":true,"href":"https:\/\/www.europesays.com\/fr\/wp-json\/wp\/v2\/media\/346037"}],"wp:attachment":[{"href":"https:\/\/www.europesays.com\/fr\/wp-json\/wp\/v2\/media?parent=346036"}],"wp:term":[{"taxonomy":"category","embeddable":true,"href":"https:\/\/www.europesays.com\/fr\/wp-json\/wp\/v2\/categories?post=346036"},{"taxonomy":"post_tag","embeddable":true,"href":"https:\/\/www.europesays.com\/fr\/wp-json\/wp\/v2\/tags?post=346036"}],"curies":[{"name":"wp","href":"https:\/\/api.w.org\/{rel}","templated":true}]}}