{"id":346040,"date":"2025-08-26T20:50:22","date_gmt":"2025-08-26T20:50:22","guid":{"rendered":"https:\/\/www.europesays.com\/fr\/346040\/"},"modified":"2025-08-26T20:50:22","modified_gmt":"2025-08-26T20:50:22","slug":"saint-chamond-une-nouvelle-place-prend-forme-a-fonsala","status":"publish","type":"post","link":"https:\/\/www.europesays.com\/fr\/346040\/","title":{"rendered":"Saint-Chamond : une nouvelle place prend forme \u00e0 Fonsala"},"content":{"rendered":"<p>\u00c0 Saint-Chamond, le quartier de Fonsala poursuit sa transformation avec la cr\u00e9ation d\u2019une nouvelle place sur l\u2019\u00cele-de-France. Un chantier d\u2019ampleur qui vise \u00e0 am\u00e9liorer le cadre de vie des habitants.<\/p>\n<p>Lanc\u00e9 il y a un an, le projet de r\u00e9am\u00e9nagement de la place \u00cele-de-France a d\u2019abord commenc\u00e9 par la d\u00e9molition d\u2019anciennes structures. Objectif : offrir aux riverains un espace plus ouvert et plus agr\u00e9able \u00e0 vivre.<\/p>\n<p>Au total, pr\u00e8s de 3,8 millions d\u2019euros sont investis pour donner vie \u00e0 cette nouvelle place, qui comptera 2 250 m\u00b2 de v\u00e9g\u00e9tation. Les travaux devraient s\u2019achever en avril 2026.<\/p>\n<p>Un projet qui s\u2019inscrit dans une volont\u00e9 plus large de transformer le quartier de Fonsala et d\u2019y renforcer la qualit\u00e9 de vie.<\/p>\n<p>\u00a0<\/p>\n<p>B. Maestracci<\/p>\n<p>\u00a0<\/p><\/p>\n","protected":false},"excerpt":{"rendered":"\u00c0 Saint-Chamond, le quartier de Fonsala poursuit sa transformation avec la cr\u00e9ation d\u2019une nouvelle place sur l\u2019\u00cele-de-France. Un&hellip;\n","protected":false},"author":2,"featured_media":346041,"comment_status":"","ping_status":"","sticky":false,"template":"","format":"standard","meta":{"footnotes":""},"categories":[9653],"tags":[1111,11,2430,1777,674,1011,27,12,25,4001],"class_list":{"0":"post-346040","1":"post","2":"type-post","3":"status-publish","4":"format-standard","5":"has-post-thumbnail","7":"category-saint-etienne","8":"tag-actu","9":"tag-actualites","10":"tag-auvergne-rhone-alpes","11":"tag-eu","12":"tag-europe","13":"tag-fr","14":"tag-france","15":"tag-news","16":"tag-republique-francaise","17":"tag-saint-etienne"},"share_on_mastodon":{"url":"https:\/\/pubeurope.com\/@fr\/115097044494511195","error":""},"_links":{"self":[{"href":"https:\/\/www.europesays.com\/fr\/wp-json\/wp\/v2\/posts\/346040","targetHints":{"allow":["GET"]}}],"collection":[{"href":"https:\/\/www.europesays.com\/fr\/wp-json\/wp\/v2\/posts"}],"about":[{"href":"https:\/\/www.europesays.com\/fr\/wp-json\/wp\/v2\/types\/post"}],"author":[{"embeddable":true,"href":"https:\/\/www.europesays.com\/fr\/wp-json\/wp\/v2\/users\/2"}],"replies":[{"embeddable":true,"href":"https:\/\/www.europesays.com\/fr\/wp-json\/wp\/v2\/comments?post=346040"}],"version-history":[{"count":0,"href":"https:\/\/www.europesays.com\/fr\/wp-json\/wp\/v2\/posts\/346040\/revisions"}],"wp:featuredmedia":[{"embeddable":true,"href":"https:\/\/www.europesays.com\/fr\/wp-json\/wp\/v2\/media\/346041"}],"wp:attachment":[{"href":"https:\/\/www.europesays.com\/fr\/wp-json\/wp\/v2\/media?parent=346040"}],"wp:term":[{"taxonomy":"category","embeddable":true,"href":"https:\/\/www.europesays.com\/fr\/wp-json\/wp\/v2\/categories?post=346040"},{"taxonomy":"post_tag","embeddable":true,"href":"https:\/\/www.europesays.com\/fr\/wp-json\/wp\/v2\/tags?post=346040"}],"curies":[{"name":"wp","href":"https:\/\/api.w.org\/{rel}","templated":true}]}}