{"id":346042,"date":"2025-08-26T20:51:41","date_gmt":"2025-08-26T20:51:41","guid":{"rendered":"https:\/\/www.europesays.com\/fr\/346042\/"},"modified":"2025-08-26T20:51:41","modified_gmt":"2025-08-26T20:51:41","slug":"une-colocation-dartisans-ou-creation-rime-avec-collaboration","status":"publish","type":"post","link":"https:\/\/www.europesays.com\/fr\/346042\/","title":{"rendered":"Une colocation d\u2019artisans o\u00f9 cr\u00e9ation rime avec collaboration"},"content":{"rendered":"<p>Alors que le t\u00e9l\u00e9travail prend une place importante dans nos soci\u00e9t\u00e9s, des artisans st\u00e9phanois, empruntent le chemin inverse. Ils se trouvent aux Ateliers Singuliers, un espace partag\u00e9 o\u00f9 \u00e9b\u00e9nistes, maroquiniers, couturi\u00e8res, lithographes et autres travaillent sous le m\u00eame toit. Ces m\u00e9tiers sont solitaire mais ici, on s\u2019entraide, on \u00e9change, dans une ambiance conviviale et stimulante.<\/p>\n<p>Dans un hangar de 300 m\u00b2, huit ateliers coexistent, chacun d\u00e9di\u00e9 \u00e0 un savoir-faire diff\u00e9rent. Marion Zelnik, \u00e9b\u00e9niste et propri\u00e9taire des lieux depuis 2016, a imagin\u00e9 ce concept pour r\u00e9duire ses charges tout en cr\u00e9ant un lieu de vie collective. \u00ab\u00a0\u00c0 la base, je cherchais un espace pour mon activit\u00e9 d\u2019\u00e9b\u00e9niste, mais ce local \u00e9tait trop grand pour moi seule. J\u2019ai d\u00e9cid\u00e9 d\u2019en faire un lieu partag\u00e9, o\u00f9 chacun pourrait b\u00e9n\u00e9ficier d\u2019un espace \u00e0 moindre co\u00fbt\u00a0\u00bb, explique-t-elle.<\/p>\n<p>Les loyers, compris entre 150 et 250 euros, permettent aux artisans de travailler dans un cadre professionnel sans se ruiner. Marion, qui enseigne aussi la menuiserie au BTP CFA Loire, a elle-m\u00eame am\u00e9nag\u00e9 les bureaux pour optimiser l\u2019espace et favoriser les \u00e9changes.<\/p>\n<p><strong>L\u2019entraide, moteur de la cr\u00e9ativit\u00e9<\/strong><\/p>\n<p>Dans cet atelier partag\u00e9, la collaboration est reine. Entre deux portes, on entend les discussions techniques et les conseils mutuels. Jean Goizauskas, maroquinier, et Marion Jouve, cr\u00e9atrice de sacoches pour v\u00e9los, \u00e9changent r\u00e9guli\u00e8rement des astuces. \u00ab\u00a0Justement, cet \u00e9tui\u2026 C\u2019\u00e9tait \u00e7a que je voulais te montrer. La mousse, s\u2019il est d\u00e9j\u00e0 cousu comme \u00e7a, je ne peux pas le retourner, \u00e7a serait trop tendu\u00a0\u00bb, explique Jean. \u00ab\u00a0Au lieu d\u2019avoir des parties compl\u00e8tement diff\u00e9rentes, tu entailles un peu en biseau\u00a0\u00bb, sugg\u00e8re Marion.<\/p>\n<p>Ces \u00e9changes ne se limitent pas aux conseils pratiques : \u00ab\u00a0On partage des tips sur l\u2019assemblage, on se donne des tutos Instagram, on s\u2019aide sur les r\u00e9seaux sociaux\u2026\u00a0\u00bb souligne Jean. Pour Marion Jouve, ce cadre offre aussi un \u00e9quilibre entre vie professionnelle et personnelle : \u00ab\u00a0\u00c7a permet de faire la coupure entre son espace perso et son espace pro, ce qu\u2019on n\u2019a pas quand on travaille chez soi.\u00a0\u00bb<\/p>\n<p>Pour se faire conna\u00eetre, les artisans misent aussi sur une communication commune : un site internet et des r\u00e9seaux sociaux partag\u00e9s, ainsi qu\u2019une journ\u00e9e portes ouvertes annuelle pour exposer leurs cr\u00e9ations. Une fa\u00e7on de mettre en lumi\u00e8re leur travail tout en cr\u00e9ant du lien avec le public.<\/p>\n<p><strong>Briser l\u2019isolement des m\u00e9tiers artisanaux<\/strong><\/p>\n<p>Ariane Crozet, lithographe fra\u00eechement arriv\u00e9e, a choisi les Ateliers Singuliers pour rompre avec la solitude souvent associ\u00e9e aux m\u00e9tiers manuels. \u00ab\u00a0Ce sont des m\u00e9tiers solitaires. Le fait d\u2019\u00eatre entour\u00e9e de gens qui ne font pas forc\u00e9ment la m\u00eame chose, mais qui partagent une passion pour la cr\u00e9ation, \u00e7a change tout\u00a0\u00bb, confie-t-elle. \u00ab\u00a0On peut \u00e9changer sur nos probl\u00e9matiques, faire une pause, montrer nos projets en cours\u2026 C\u2019est vraiment enrichissant.\u00a0\u00bb<\/p>\n<\/p>\n<p style=\"text-align: right;\">T.RIVIERE<\/p>\n","protected":false},"excerpt":{"rendered":"Alors que le t\u00e9l\u00e9travail prend une place importante dans nos soci\u00e9t\u00e9s, des artisans st\u00e9phanois, empruntent le chemin inverse.&hellip;\n","protected":false},"author":2,"featured_media":346043,"comment_status":"","ping_status":"","sticky":false,"template":"","format":"standard","meta":{"footnotes":""},"categories":[9653],"tags":[1111,11,2430,1777,674,1011,27,12,25,4001],"class_list":{"0":"post-346042","1":"post","2":"type-post","3":"status-publish","4":"format-standard","5":"has-post-thumbnail","7":"category-saint-etienne","8":"tag-actu","9":"tag-actualites","10":"tag-auvergne-rhone-alpes","11":"tag-eu","12":"tag-europe","13":"tag-fr","14":"tag-france","15":"tag-news","16":"tag-republique-francaise","17":"tag-saint-etienne"},"share_on_mastodon":{"url":"https:\/\/pubeurope.com\/@fr\/115097048450765528","error":""},"_links":{"self":[{"href":"https:\/\/www.europesays.com\/fr\/wp-json\/wp\/v2\/posts\/346042","targetHints":{"allow":["GET"]}}],"collection":[{"href":"https:\/\/www.europesays.com\/fr\/wp-json\/wp\/v2\/posts"}],"about":[{"href":"https:\/\/www.europesays.com\/fr\/wp-json\/wp\/v2\/types\/post"}],"author":[{"embeddable":true,"href":"https:\/\/www.europesays.com\/fr\/wp-json\/wp\/v2\/users\/2"}],"replies":[{"embeddable":true,"href":"https:\/\/www.europesays.com\/fr\/wp-json\/wp\/v2\/comments?post=346042"}],"version-history":[{"count":0,"href":"https:\/\/www.europesays.com\/fr\/wp-json\/wp\/v2\/posts\/346042\/revisions"}],"wp:featuredmedia":[{"embeddable":true,"href":"https:\/\/www.europesays.com\/fr\/wp-json\/wp\/v2\/media\/346043"}],"wp:attachment":[{"href":"https:\/\/www.europesays.com\/fr\/wp-json\/wp\/v2\/media?parent=346042"}],"wp:term":[{"taxonomy":"category","embeddable":true,"href":"https:\/\/www.europesays.com\/fr\/wp-json\/wp\/v2\/categories?post=346042"},{"taxonomy":"post_tag","embeddable":true,"href":"https:\/\/www.europesays.com\/fr\/wp-json\/wp\/v2\/tags?post=346042"}],"curies":[{"name":"wp","href":"https:\/\/api.w.org\/{rel}","templated":true}]}}