{"id":346045,"date":"2025-08-26T20:53:09","date_gmt":"2025-08-26T20:53:09","guid":{"rendered":"https:\/\/www.europesays.com\/fr\/346045\/"},"modified":"2025-08-26T20:53:09","modified_gmt":"2025-08-26T20:53:09","slug":"permis-de-la-fde-projet-storgrhyn-lhydrogene-au-coeur-de-la-transition-energetique-du-grand-est","status":"publish","type":"post","link":"https:\/\/www.europesays.com\/fr\/346045\/","title":{"rendered":"Permis de la FDE, projet StorgrHyn : l&rsquo;hydrog\u00e8ne au coeur de la transition \u00e9nerg\u00e9tique du Grand Est"},"content":{"rendered":"<p>\t\t\t\t\t\t\tLaurent Meillaud\n\t\t\t\t\t<\/p>\n<p>\n\t\t\t\t\t\tJournaliste automobile depuis plus de 30 ans, suivant les \u00e9volutions technologiques, je m&rsquo;int\u00e9resse aussi aux \u00e9nergies alternatives, dont l&rsquo;hydrog\u00e8ne que je suis depuis 20 ans. J&rsquo;ai co-\u00e9crit un ouvrage \u00e0 ce sujet en 2007 avec Pierre Beuzit, ancien patron de la R&amp;D chez Renault. Je collabore \u00e9galement depuis 2016 \u00e0 la newsletter de France Hydrog\u00e8ne.\t\t\t\t\t<\/p>\n","protected":false},"excerpt":{"rendered":"Laurent Meillaud Journaliste automobile depuis plus de 30 ans, suivant les \u00e9volutions technologiques, je m&rsquo;int\u00e9resse aussi aux \u00e9nergies&hellip;\n","protected":false},"author":2,"featured_media":346046,"comment_status":"","ping_status":"","sticky":false,"template":"","format":"standard","meta":{"footnotes":""},"categories":[9635],"tags":[1111,11,1777,674,1011,27,775,1702,12,12276,25],"class_list":{"0":"post-346045","1":"post","2":"type-post","3":"status-publish","4":"format-standard","5":"has-post-thumbnail","7":"category-nancy","8":"tag-actu","9":"tag-actualites","10":"tag-eu","11":"tag-europe","12":"tag-fr","13":"tag-france","14":"tag-grand-est","15":"tag-nancy","16":"tag-news","17":"tag-region-grand-est","18":"tag-republique-francaise"},"share_on_mastodon":{"url":"https:\/\/pubeurope.com\/@fr\/115097056206764695","error":""},"_links":{"self":[{"href":"https:\/\/www.europesays.com\/fr\/wp-json\/wp\/v2\/posts\/346045","targetHints":{"allow":["GET"]}}],"collection":[{"href":"https:\/\/www.europesays.com\/fr\/wp-json\/wp\/v2\/posts"}],"about":[{"href":"https:\/\/www.europesays.com\/fr\/wp-json\/wp\/v2\/types\/post"}],"author":[{"embeddable":true,"href":"https:\/\/www.europesays.com\/fr\/wp-json\/wp\/v2\/users\/2"}],"replies":[{"embeddable":true,"href":"https:\/\/www.europesays.com\/fr\/wp-json\/wp\/v2\/comments?post=346045"}],"version-history":[{"count":0,"href":"https:\/\/www.europesays.com\/fr\/wp-json\/wp\/v2\/posts\/346045\/revisions"}],"wp:featuredmedia":[{"embeddable":true,"href":"https:\/\/www.europesays.com\/fr\/wp-json\/wp\/v2\/media\/346046"}],"wp:attachment":[{"href":"https:\/\/www.europesays.com\/fr\/wp-json\/wp\/v2\/media?parent=346045"}],"wp:term":[{"taxonomy":"category","embeddable":true,"href":"https:\/\/www.europesays.com\/fr\/wp-json\/wp\/v2\/categories?post=346045"},{"taxonomy":"post_tag","embeddable":true,"href":"https:\/\/www.europesays.com\/fr\/wp-json\/wp\/v2\/tags?post=346045"}],"curies":[{"name":"wp","href":"https:\/\/api.w.org\/{rel}","templated":true}]}}