{"id":346051,"date":"2025-08-26T20:57:17","date_gmt":"2025-08-26T20:57:17","guid":{"rendered":"https:\/\/www.europesays.com\/fr\/346051\/"},"modified":"2025-08-26T20:57:17","modified_gmt":"2025-08-26T20:57:17","slug":"un-jeune-homme-victime-dun-vol-de-bijou-a-larrache-a-montpellier-lauteur-condamne-a-six-mois-de-prison-ferme","status":"publish","type":"post","link":"https:\/\/www.europesays.com\/fr\/346051\/","title":{"rendered":"Un jeune homme victime d\u2019un vol de bijou \u00e0 l\u2019arrach\u00e9 \u00e0 Montpellier\u00a0: l\u2019auteur condamn\u00e9 \u00e0 six mois de prison ferme"},"content":{"rendered":"<p>\n                                                                La victime a \u00e9t\u00e9 agress\u00e9e alors qu\u2019elle sortait d\u2019un bar de l\u2019\u00c9cusson, dans la nuit de 22 au 23\u00a0ao\u00fbt. L\u2019auteur des faits, un \u00e9tranger en situation irr\u00e9guli\u00e8re a \u00e9t\u00e9 rapidement interpell\u00e9 et jug\u00e9 en comparution imm\u00e9diate.\n                            <\/p>\n<p>Des vols de cha\u00eenes \u00e0 l\u2019arrach\u00e9 surviennent r\u00e9guli\u00e8rement, depuis quelque temps, dans les rues de Montpellier. <a href=\"https:\/\/www.midilibre.fr\/2025\/08\/14\/vol-a-larrache-dune-gourmette-en-argent-la-nuit-a-montpellier-lun-des-auteurs-part-en-prison-12875916.php\" target=\"_blank\" rel=\"nofollow noopener\">Un touriste \u00e0 Rondelet \u00e0 la mi-ao\u00fbt<\/a>, <a href=\"https:\/\/www.midilibre.fr\/2025\/08\/20\/un-acteur-du-feuilleton-demain-nous-appartient-se-fait-arracher-son-collier-en-or-en-sortant-du-tramway-a-montpellier-12884664.php\" target=\"_blank\" rel=\"nofollow noopener\">un acteur d\u2019une s\u00e9rie t\u00e9l\u00e9vis\u00e9e il y a quelques jours<\/a>, dans le quartier des Pr\u00e9s-d\u2019Ar\u00e8nes\u2026<\/p>\n<p>En plein c\u0153ur de l\u2019\u00c9cusson<\/p>\n<p>Dans la nuit de vendredi \u00e0 samedi 23\u00a0ao\u00fbt, vers 3\u00a0h\u00a030, c\u2019est un jeune homme de 23 ans qui a \u00e9t\u00e9 agress\u00e9 pour le m\u00eame motif alors qu\u2019il sortait d\u2019un bar, en plein c\u0153ur de l\u2019\u00c9cusson, rue Cauzit.<\/p>\n<p>Le mode op\u00e9ratoire est bien connu\u00a0: l\u2019auteur effectue une sorte de danse autour de la victime avant de lui arracher brusquement sa cha\u00eene. Cette fois, le jeune homme qui avait d\u00e9j\u00e0 subi ce\u00a0type de vol, a eu le r\u00e9flexe de retenir son collier. Le malfaiteur est cependant reparti avec le pendentif.<\/p>\n<p>D\u00e9j\u00e0 connu pour des faits similaires<\/p>\n<p>Rapidement interpell\u00e9 par la police nationale et plac\u00e9 en garde \u00e0 vue, le mis en cause est un sans domicile fixe de nationalit\u00e9 \u00e9trang\u00e8re, sous OQTF. Il a \u00e9t\u00e9 d\u00e9f\u00e9r\u00e9 lundi 25\u00a0ao\u00fbt et jug\u00e9 d\u00e8s l\u2019apr\u00e8s-midi en comparution imm\u00e9diate.<\/p>\n<p>\u00c0 l\u2019audience, le pr\u00e9venu a d\u00e9clar\u00e9\u00a0avoir \u00e9t\u00e9 encourag\u00e9 par d\u2019autres personnes\u00a0pour voler. Celles-ci lui auraient\u00a0promis de l\u2019argent afin d\u2019obtenir un\u00a0billet pour quitter la France. \u00ab\u00a0Vous auriez pu trouver d\u2019autres moyens que de voler pour avoir de l\u2019argent\u00a0\u00bb, r\u00e9torque le pr\u00e9sident.<\/p>\n<p>Interdiction du territoire fran\u00e7ais<\/p>\n<p>Le jeune homme de 18 ans \u00e9tait d\u00e9j\u00e0 connu de la justice.\u00a0Il avait comparu\u00a0pour les m\u00eames faits le 20\u00a0ao\u00fbt dernier. Il avait alors \u00e9t\u00e9 condamn\u00e9 \u00e0 six\u00a0mois de prison avec sursis. Cette fois-ci, la justice a d\u00e9cid\u00e9 de le condamner \u00e0 six mois de prison ferme avec ex\u00e9cution imm\u00e9diate ainsi qu\u2019\u00e0 une interdiction de territoire fran\u00e7ais pendant trois ans, \u00e0 l\u2019issue de son incarc\u00e9ration. Il devra en outre verser la somme de 39\u00a0\u20ac (pr\u00e9judice mat\u00e9riel) \u00e0 la partie civile.<\/p>\n","protected":false},"excerpt":{"rendered":"La victime a \u00e9t\u00e9 agress\u00e9e alors qu\u2019elle sortait d\u2019un bar de l\u2019\u00c9cusson, dans la nuit de 22 au&hellip;\n","protected":false},"author":2,"featured_media":346052,"comment_status":"","ping_status":"","sticky":false,"template":"","format":"standard","meta":{"footnotes":""},"categories":[9599],"tags":[1111,11,1777,674,1011,27,2208,12,2680,25],"class_list":{"0":"post-346051","1":"post","2":"type-post","3":"status-publish","4":"format-standard","5":"has-post-thumbnail","7":"category-montpellier","8":"tag-actu","9":"tag-actualites","10":"tag-eu","11":"tag-europe","12":"tag-fr","13":"tag-france","14":"tag-montpellier","15":"tag-news","16":"tag-occitanie","17":"tag-republique-francaise"},"share_on_mastodon":{"url":"https:\/\/pubeurope.com\/@fr\/115097072133356345","error":""},"_links":{"self":[{"href":"https:\/\/www.europesays.com\/fr\/wp-json\/wp\/v2\/posts\/346051","targetHints":{"allow":["GET"]}}],"collection":[{"href":"https:\/\/www.europesays.com\/fr\/wp-json\/wp\/v2\/posts"}],"about":[{"href":"https:\/\/www.europesays.com\/fr\/wp-json\/wp\/v2\/types\/post"}],"author":[{"embeddable":true,"href":"https:\/\/www.europesays.com\/fr\/wp-json\/wp\/v2\/users\/2"}],"replies":[{"embeddable":true,"href":"https:\/\/www.europesays.com\/fr\/wp-json\/wp\/v2\/comments?post=346051"}],"version-history":[{"count":0,"href":"https:\/\/www.europesays.com\/fr\/wp-json\/wp\/v2\/posts\/346051\/revisions"}],"wp:featuredmedia":[{"embeddable":true,"href":"https:\/\/www.europesays.com\/fr\/wp-json\/wp\/v2\/media\/346052"}],"wp:attachment":[{"href":"https:\/\/www.europesays.com\/fr\/wp-json\/wp\/v2\/media?parent=346051"}],"wp:term":[{"taxonomy":"category","embeddable":true,"href":"https:\/\/www.europesays.com\/fr\/wp-json\/wp\/v2\/categories?post=346051"},{"taxonomy":"post_tag","embeddable":true,"href":"https:\/\/www.europesays.com\/fr\/wp-json\/wp\/v2\/tags?post=346051"}],"curies":[{"name":"wp","href":"https:\/\/api.w.org\/{rel}","templated":true}]}}