{"id":346053,"date":"2025-08-26T20:58:09","date_gmt":"2025-08-26T20:58:09","guid":{"rendered":"https:\/\/www.europesays.com\/fr\/346053\/"},"modified":"2025-08-26T20:58:09","modified_gmt":"2025-08-26T20:58:09","slug":"en-voulant-recuperer-son-telephone-il-se-retrouve-bloque-dans-le-donjon-de-rouen","status":"publish","type":"post","link":"https:\/\/www.europesays.com\/fr\/346053\/","title":{"rendered":"En voulant r\u00e9cup\u00e9rer son t\u00e9l\u00e9phone, il se retrouve bloqu\u00e9 dans le Donjon de Rouen"},"content":{"rendered":"<p>            Par<br \/>\n        <strong><br \/>\n            <a href=\"https:\/\/actu.fr\/auteur\/adrien-filoche\" title=\"Consulter tous les articles de Adrien Filoche\" rel=\"nofollow noopener\" target=\"_blank\">Adrien Filoche<\/a><br \/>\n        <\/strong><\/p>\n<p>        Publi\u00e9 le<\/p>\n<p>            26 ao\u00fbt 2025 \u00e0 20h44        <\/p>\n<p><strong>Il faut dire que c\u2019\u00e9tait une tr\u00e8s mauvaise id\u00e9e\u2026<\/strong> Le mardi 26\u00a0ao\u00fbt 2025, vers 1h50 du matin, un homme s\u2019est retrouv\u00e9 bloqu\u00e9 de l\u2019autre c\u00f4t\u00e9 de la grille du <a href=\"https:\/\/actu.fr\/publi-communique\/seine-maritime-partez-a-l-assaut-du-donjon-de-rouen_54629859.html\" rel=\"nofollow noopener\" target=\"_blank\">Donjon de Rouen<\/a>. Alors qu\u2019il voulait r\u00e9cup\u00e9rer son t\u00e9l\u00e9phone, il a escalad\u00e9 la grille et s\u2019est bless\u00e9. Policiers et pompiers sont intervenus sur place.<\/p>\n<p>Une chute de trois m\u00e8tres<\/p>\n<p class=\" wall-content\">C\u2019est son amie qui pr\u00e9vient les policiers dans la nuit. La jeune femme de 20\u00a0ans explique aux forces de l\u2019ordre qu\u2019elle \u00ab\u2009chahutait\u2009\u00bb avec son ami lorsque son t\u00e9l\u00e9phone est malencontreusement tomb\u00e9 de l\u2019autre c\u00f4t\u00e9 de la grille.<\/p>\n<p class=\" wall-content\">Ce dernier d\u00e9cide donc d\u2019escalader la grille d\u2019environ trois m\u00e8tres. Mais dans sa man\u0153uvre, il s\u2019enfonce <strong>une pointe de la grille dans la cuisse<\/strong> et chute de l\u2019autre c\u00f4t\u00e9. L\u2019escaladeur en herbe se blesse lourdement \u00e0 la jambe avec une suspicion de fracture.<\/p>\n<p class=\" wall-content\">Les pompiers se rendent sur place, forcent la grille et prennent en charge le bless\u00e9. Il est conduit \u00e0 l\u2019h\u00f4pital.<\/p>\n<p>Suivez l\u2019actualit\u00e9 de Rouen sur notre <a href=\"https:\/\/www.whatsapp.com\/channel\/0029VaKfnf99hXF2ddApFB1D\" rel=\"nofollow noopener\" target=\"_blank\">cha\u00eene WhatsApp<\/a> et sur <a href=\"https:\/\/www.tiktok.com\/@76actu.fr?lang=fr\" rel=\"nofollow noopener\" target=\"_blank\">notre compte TikTok<\/a><\/p>\n<p class=\" wall-content\">Personnalisez votre actualit\u00e9 en ajoutant vos villes et m\u00e9dias en favori avec <a href=\"https:\/\/moncompte.actu.fr\" title=\"D\u00e9couvez Mon Actu\" rel=\"nofollow noopener\" data-trk=\"{&quot;cta&quot;:{&quot;action&quot;:&quot;https:\\\/\\\/moncompte.actu.fr&quot;,&quot;category&quot;:&quot;mon compte&quot;,&quot;from&quot;:&quot;article footer&quot;,&quot;name&quot;:&quot;Mon actu&quot;,&quot;type&quot;:&quot;cta&quot;}}\" target=\"_blank\">Mon Actu<\/a>.<\/p>\n<p>                    <script async src=\"\/\/www.tiktok.com\/embed.js\"><\/script><\/p>\n","protected":false},"excerpt":{"rendered":"Par Adrien Filoche Publi\u00e9 le 26 ao\u00fbt 2025 \u00e0 20h44 Il faut dire que c\u2019\u00e9tait une tr\u00e8s mauvaise&hellip;\n","protected":false},"author":2,"featured_media":346054,"comment_status":"","ping_status":"","sticky":false,"template":"","format":"standard","meta":{"footnotes":""},"categories":[9587],"tags":[1111,11,1777,674,118,1011,27,1757,12,5161,1311,25,9590],"class_list":{"0":"post-346053","1":"post","2":"type-post","3":"status-publish","4":"format-standard","5":"has-post-thumbnail","7":"category-rouen","8":"tag-actu","9":"tag-actualites","10":"tag-eu","11":"tag-europe","12":"tag-faits-divers","13":"tag-fr","14":"tag-france","15":"tag-insolite","16":"tag-news","17":"tag-normandie","18":"tag-pompiers","19":"tag-republique-francaise","20":"tag-rouen"},"share_on_mastodon":{"url":"https:\/\/pubeurope.com\/@fr\/115097075862977576","error":""},"_links":{"self":[{"href":"https:\/\/www.europesays.com\/fr\/wp-json\/wp\/v2\/posts\/346053","targetHints":{"allow":["GET"]}}],"collection":[{"href":"https:\/\/www.europesays.com\/fr\/wp-json\/wp\/v2\/posts"}],"about":[{"href":"https:\/\/www.europesays.com\/fr\/wp-json\/wp\/v2\/types\/post"}],"author":[{"embeddable":true,"href":"https:\/\/www.europesays.com\/fr\/wp-json\/wp\/v2\/users\/2"}],"replies":[{"embeddable":true,"href":"https:\/\/www.europesays.com\/fr\/wp-json\/wp\/v2\/comments?post=346053"}],"version-history":[{"count":0,"href":"https:\/\/www.europesays.com\/fr\/wp-json\/wp\/v2\/posts\/346053\/revisions"}],"wp:featuredmedia":[{"embeddable":true,"href":"https:\/\/www.europesays.com\/fr\/wp-json\/wp\/v2\/media\/346054"}],"wp:attachment":[{"href":"https:\/\/www.europesays.com\/fr\/wp-json\/wp\/v2\/media?parent=346053"}],"wp:term":[{"taxonomy":"category","embeddable":true,"href":"https:\/\/www.europesays.com\/fr\/wp-json\/wp\/v2\/categories?post=346053"},{"taxonomy":"post_tag","embeddable":true,"href":"https:\/\/www.europesays.com\/fr\/wp-json\/wp\/v2\/tags?post=346053"}],"curies":[{"name":"wp","href":"https:\/\/api.w.org\/{rel}","templated":true}]}}